{"id":36017,"date":"2023-04-12T12:06:41","date_gmt":"2023-04-12T10:06:41","guid":{"rendered":"https:\/\/e-anjelik.sk\/?p=36017"},"modified":"2023-04-12T12:12:07","modified_gmt":"2023-04-12T10:12:07","slug":"200-vyrocie-narodenia-j-podhradsky-v-skalici","status":"publish","type":"post","link":"https:\/\/www.e-anjelik.sk\/index.php\/2023\/04\/12\/200-vyrocie-narodenia-j-podhradsky-v-skalici\/","title":{"rendered":"200. V\u00fdro\u010die narodenia J. Podhradsk\u00fd v Skalici"},"content":{"rendered":"\n<p>MATICA SLOVENSK\u00c1, MESTO SKALICA, C.Z. ECAV NA SLOVENSKU SKALICA Z\u00c1HORSK\u00c9 M\u00daZEUM V SKALICI<\/p>\n\n\n\n<p>V\u00c1S SRDE\u010cNE POZ\u00ddVAJ\u00da<\/p>\n\n\n\n<p>NA SPOMIENKOV\u00c9 PODUJATIE VENOVAN\u00c9 SPISOVATE\u013dOVI, EVANJELICK\u00c9MU K\u0147AZOVI A \u0160T\u00daROVCOVI<\/p>\n\n\n\n<p><strong>JOZEF PODHRADSK\u00dd 200. V\u00ddRO\u010cIE NARODENIA<\/strong><\/p>\n\n\n\n<p>(19. 4. 1823, SKALICA &#8211; 13. 11. 1915<\/p>\n\n\n\n<p>, JAGODINA, SRBSKO)<\/p>\n\n\n\n<ol class=\"wp-block-list\" start=\"23\">\n<li>APR\u00cdLA 2023 (NEDELA), SKALICA<\/li>\n<\/ol>\n\n\n\n<p>PROGRAM<\/p>\n\n\n\n<p>9:30 &#8211; EVANJELICK\u00dd KOSTOL V SKALICI SL\u00c1VNOSTN\u00c9 SLU\u017dBY BO\u017dIE<\/p>\n\n\n\n<p>PR\u00cdHOVORY HOST\u00cd<\/p>\n\n\n\n<p>ODBORN\u00dd PR\u00cdSPEVOK VENOVAN\u00dd<\/p>\n\n\n\n<p>\u017dIVOTU A DIELU JOZEFA PODHRASK\u00c9HO<\/p>\n\n\n\n<p>PO SKON\u010cEN\u00cd PROGRAMU PRESUN K MIESTU, KDE ST\u00c1L RODN\u00dd DOM JOZEFA PODHRADSK\u00c9HO<\/p>\n\n\n\n<p><\/p>\n","protected":false},"excerpt":{"rendered":"<p>MATICA SLOVENSK\u00c1, MESTO SKALICA, C.Z. ECAV NA SLOVENSKU SKALICA Z\u00c1HORSK\u00c9 M\u00daZEUM V SKALICI V\u00c1S SRDE\u010cNE POZ\u00ddVAJ\u00da NA SPOMIENKOV\u00c9 PODUJATIE VENOVAN\u00c9 SPISOVATE\u013dOVI, EVANJELICK\u00c9MU K\u0147AZOVI A \u0160T\u00daROVCOVI JOZEF PODHRADSK\u00dd 200. V\u00ddRO\u010cIE NARODENIA (19. 4. 1823, SKALICA &#8211; 13. 11. 1915 , JAGODINA, SRBSKO) PROGRAM 9:30 &#8211; EVANJELICK\u00dd KOSTOL V SKALICI SL\u00c1VNOSTN\u00c9 SLU\u017dBY BO\u017dIE PR\u00cdHOVORY HOST\u00cd ODBORN\u00dd PR\u00cdSPEVOK &#8230; <a title=\"200. V\u00fdro\u010die narodenia J. Podhradsk\u00fd v Skalici\" class=\"read-more\" href=\"https:\/\/www.e-anjelik.sk\/index.php\/2023\/04\/12\/200-vyrocie-narodenia-j-podhradsky-v-skalici\/\" aria-label=\"Pre\u010d\u00edtajte si viac o 200. V\u00fdro\u010die narodenia J. Podhradsk\u00fd v Skalici\">\u010c\u00edta\u0165 viac<\/a><\/p>\n","protected":false},"author":1,"featured_media":0,"comment_status":"open","ping_status":"open","sticky":false,"template":"","format":"standard","meta":{"footnotes":""},"categories":[1,195,14,7],"tags":[],"class_list":["post-36017","post","type-post","status-publish","format-standard","hentry","category-adventna-modlitba","category-evanjelicke-slovensko","category-osobnosti","category-skalica"],"_links":{"self":[{"href":"https:\/\/www.e-anjelik.sk\/index.php\/wp-json\/wp\/v2\/posts\/36017","targetHints":{"allow":["GET"]}}],"collection":[{"href":"https:\/\/www.e-anjelik.sk\/index.php\/wp-json\/wp\/v2\/posts"}],"about":[{"href":"https:\/\/www.e-anjelik.sk\/index.php\/wp-json\/wp\/v2\/types\/post"}],"author":[{"embeddable":true,"href":"https:\/\/www.e-anjelik.sk\/index.php\/wp-json\/wp\/v2\/users\/1"}],"replies":[{"embeddable":true,"href":"https:\/\/www.e-anjelik.sk\/index.php\/wp-json\/wp\/v2\/comments?post=36017"}],"version-history":[{"count":1,"href":"https:\/\/www.e-anjelik.sk\/index.php\/wp-json\/wp\/v2\/posts\/36017\/revisions"}],"predecessor-version":[{"id":36018,"href":"https:\/\/www.e-anjelik.sk\/index.php\/wp-json\/wp\/v2\/posts\/36017\/revisions\/36018"}],"wp:attachment":[{"href":"https:\/\/www.e-anjelik.sk\/index.php\/wp-json\/wp\/v2\/media?parent=36017"}],"wp:term":[{"taxonomy":"category","embeddable":true,"href":"https:\/\/www.e-anjelik.sk\/index.php\/wp-json\/wp\/v2\/categories?post=36017"},{"taxonomy":"post_tag","embeddable":true,"href":"https:\/\/www.e-anjelik.sk\/index.php\/wp-json\/wp\/v2\/tags?post=36017"}],"curies":[{"name":"wp","href":"https:\/\/api.w.org\/{rel}","templated":true}]}}