{"id":36026,"date":"2023-04-27T12:54:43","date_gmt":"2023-04-27T10:54:43","guid":{"rendered":"https:\/\/e-anjelik.sk\/?p=36026"},"modified":"2026-01-08T22:02:46","modified_gmt":"2026-01-08T21:02:46","slug":"co-dava-jezisov-krst","status":"publish","type":"post","link":"https:\/\/www.e-anjelik.sk\/index.php\/2023\/04\/27\/co-dava-jezisov-krst\/","title":{"rendered":"\u010co d\u00e1va Je\u017ei\u0161ov Krst?"},"content":{"rendered":"\n<p><strong>&nbsp; &nbsp; &nbsp; &nbsp; &nbsp; &nbsp; &nbsp; &nbsp; &nbsp; \u010co d\u00e1va Je\u017ei\u0161ov Krst?<\/strong><\/p>\n\n\n\n<p><strong>Mt 3, 13 &#8211; 17:<\/strong><\/p>\n\n\n\n<p><strong>&nbsp;&nbsp; <\/strong><em>\u201cVtedy pri\u0161iel Je\u017ei\u0161 z Galiley k Jord\u00e1nu ku J\u00e1novi, aby sa mu dal pokrsti\u0165. (14) On Mu v\u0161ak odporoval a povedal: Ja by som sa mal da\u0165 pokrsti\u0165 Tebe, a Ty prichod\u00ed\u0161 ku mne? (15) Ale Je\u017ei\u0161 mu povedal: Nechaj to teraz! Lebo tak sa n\u00e1m slu\u0161\u00ed naplni\u0165 v\u0161etku spravodlivos\u0165. Povolil Mu teda.&nbsp;<\/em><\/p>\n\n\n\n<p><em>&nbsp;&nbsp; (16) Je\u017ei\u0161, pokrsten\u00fd, hne\u010f vyst\u00fapil z vody, s h\u013ea, otvorili sa nebes\u00e1 a videl Duch Bo\u017eieho, ktor\u00fd zostupoal ako holubica a prich\u00e1dzal na Neho. (17) A h\u013ea, z neba bolo po\u010du\u0165 hlas: Toto je m\u00f4j milovan\u00fd Syn, v ktorom sa mi za\u013e\u00fabilo\u201d. Amen<\/em><\/p>\n\n\n\n<p>Bohumil\u00fd cirkevn\u00fd zbor, bratia a sestry v P\u00e1novi Je\u017ei\u0161ovi Kristovi, mil\u00e1 rodina\u2026!<\/p>\n\n\n\n<p>&nbsp; &nbsp; Spom\u00ednam si na n\u00e1v\u0161tevu v istom kostole v Nemecku, kde bol pri krstite\u013enici n\u00e1pis: <em>Pros\u00edme, aby ste Krst nefotografovali\u2026! <\/em>Zrejme i\u0161lo v tom z\u00e1kaze o to, aby fotografovan\u00edm, pr\u00edpadne nat\u00e1\u010dan\u00edm na kameru fotograf neru\u0161il far\u00e1ra a pr\u00edtomn\u00fdch pri Krste sv\u00e4tom.<\/p>\n\n\n\n<p>&nbsp; &nbsp; Prich\u00e1dza mi v\u0161ak na myse\u013e ot\u00e1zka z\u00e1sadnej\u0161ia, ktor\u00fa si dnes m\u00f4\u017eeme spolu polo\u017ei\u0165:<em> D\u00e1 sa v\u00f4bec Krst sv\u00e4t\u00fd nafoti\u0165? <\/em>Iste sa d\u00e1 nafoti\u0165: <em>Krstite\u013enica &#8211; rodina, die\u0165atko, voda v kr\u010dia\u017eku\u2026<\/em>ale d\u00e1 sa nafoti\u0165 Krst Sv\u00e4t\u00fd ako Bo\u017eie konanie pre n\u00e1s a pri n\u00e1s?<\/p>\n\n\n\n<p><em>&nbsp;&nbsp; &nbsp; <\/em>Ak by sme boli s mobilom pri Jord\u00e1ne, kde J\u00e1n krstil, posl\u00fa\u017eil by n\u00e1m na nafotenie Je\u017ei\u0161ovho krstu? &#8211; Zrejme nie. Krst sv\u00e4t\u00fd je toti\u017e Bo\u017e\u00edm dielom a konan\u00edm a toto Bo\u017eie konanie pre \u010dloveka vidie\u0165, alebo nafoti\u0165 mo\u017en\u00e9 nie je. Ale je mo\u017en\u00e9 prija\u0165 ho v d\u00f4vere, \u017ee P\u00e1n Boh je \u017eiv\u00fd a st\u00e1le rovnako konaj\u00faci Stvorite\u013e a n\u00e1\u0161 nebesk\u00fd Otec.<\/p>\n\n\n\n<p>&nbsp;&nbsp; &nbsp; Nie je bez zauj\u00edmavosti, \u017ee svoje verejn\u00e9 \u00fa\u010dinkovanie P\u00e1n Je\u017ei\u0161 za\u010dal pr\u00edchodom k Jord\u00e1nu a po\u017eiadavkou na J\u00e1na Krstie\u013ea, aby ho&nbsp; pokrstil, ale on Mu odporoval. J\u00e1n spr\u00e1vne pouk\u00e1zal na to, \u017ee on s\u00e1m potrebuje Je\u017ei\u0161ov Krst a nie naopak. J\u00e1n krstil vodou a konal krst pok\u00e1nia a vedel, kto je Je\u017ei\u0161. Vedel, ako bol Je\u017ei\u0161 po\u010dat\u00fd a preto pok\u00e1nie osobne nepotreboval, lebo na rozdiel od v\u0161ekt\u00fdch n\u00e1s hrie\u0161nikov Je\u017ei\u0161 nemal a neu\u010dinil \u017eiaden hriech. Vtedy mu Je\u017ei\u0161 povedal:<em> \u201dLebo tak sa n\u00e1 slu\u0161\u00ed naplni\u0165 v\u0161etku spravodlivos\u0165\u201d. (v.15)<\/em> T\u00fdm povedal, \u017ee Jeho Krst patr\u00ed k prejavu <strong>spravodlivosti Bo\u017eej.&nbsp;<\/strong> To znamen\u00e1, \u017ee je darom milosti Bo\u017eej pre n\u00e1s a pre svet. Prin\u00e1\u0161a a zabezpe\u010duje n\u00e1m Bo\u017eie ospravdlenenie, odpustenie hriechov skrze P\u00e1na Je\u017ei\u0161a Krista. &nbsp;<\/p>\n\n\n\n<p>&nbsp;&nbsp; &nbsp; Je\u017ei\u0161 verejn\u00e9 \u00fa\u010dinkovanie nielen za\u010dal svoj\u00edm Krstom, ale svoje \u00fa\u010dinkovanie na zemi aj <strong>ukon\u010dil pr\u00edkazom o ude\u013eovan\u00ed Jeho krstu hrie\u0161nikom. <\/strong>U\u010den\u00edkom povedal: <em>\u201cCho\u010fte teda, \u010di\u0148te mi u\u010den\u00edkmi v\u0161etky n\u00e1rody, krstiac ich \u2026a u\u010diac ich\u2026\u201d<\/em>. Ide o zn\u00e1my misijn\u00fd a kr\u00e1\u013eovsk\u00fd rozkaz P\u00e1nov u\u010den\u00edkom a ten plat\u00ed aj pre v\u0161etk\u00fdch ich \u017eiakov a nasledovn\u00edkov. T\u00fdka sa v\u0161etk\u00fdch n\u00e1rodov a \u013eud\u00ed v\u0161etk\u00fdch \u010dias. T\u00fdka sa aj v\u0161etk\u00fdch n\u00e1s. Preto dnes chceme tento P\u00e1nov krst, nie J\u00e1nov, z Jeho poverenia prisl\u00fa\u017ei\u0165 aj v\u00e1\u0161mu najmlad\u0161iemu \u010dlenovi rodiny B &#8211; a na\u0161ej milej a vz\u00e1cnej ratoliestke pokrvnej rodiny a od dnes aj ratoliestke tohoto cirkevn\u00e9ho zboru\u2026<\/p>\n\n\n\n<p><strong>&nbsp;&nbsp; <\/strong>P\u00e1novo dielo spasenia je teda zar\u00e1movan\u00e9 u\u010den\u00edm o Krste sv\u00e4tom. Povedali sme, \u017ee nafoti\u0165 krst nie je mo\u017en\u00e9 &#8211; a predsa nenechal P\u00e1n Je\u017ei\u0161 u\u010den\u00edkov, a ani n\u00e1s, bez pou\u010denia a n\u00e1zorn\u00e9ho vysvetlenia, \u010di priamo uk\u00e1zania, \u010do Jeho krst, pri ktorom je v\u017edy pr\u00edtomn\u00e9 konanie celej Sv\u00e4tej Trojice:<strong> je a \u010do znamen\u00e1.<\/strong> O tom n\u00e1m sved\u010dia a hovori v\u0161etci evanjelisti. Je\u017ei\u0161 ako dobr\u00fd u\u010dite\u013e hovoril a konal ve\u013emi n\u00e1zorne. J\u00e1n \u00c1mos Komensk\u00fd ako dobr\u00fd biskup Jednoty bratskej a zn\u00e1my u\u010dite\u013e n\u00e1rodov t\u00fato Je\u017ei\u0161ovu met\u00f3du v\u0161etk\u00fdm u\u010dite\u013eom v\u017edy vrele odpor\u00fa\u010dal.<\/p>\n\n\n\n<p>&nbsp;&nbsp; &nbsp; Evanjelista Mat\u00fa\u0161, podobne ako v\u0161etci evanjelisti,hovor\u00ed o tom, \u010do Krst Je\u017ei\u0161ov \u010dloveku d\u00e1va a prin\u00e1\u0161a. Preto stavia pred na\u0161e o\u010di P\u00e1na vystupuj\u00faceho z vody a sved\u010d\u00ed, \u017ee vtedy: \u201c<strong><em>otvorili sa nebes\u00e1\u201d\u2026 <\/em><\/strong>Nejde o nebesk\u00fa oblohu, ale o \u201cmiesto Bo\u017eieho preb\u00fdvania\u201d. Biblia nebo obrazne menuje aj rajom Bo\u017e\u00edm, alebo nebesk\u00fdm kr\u00e1\u013eovstvom.&nbsp;<\/p>\n\n\n\n<p>&nbsp;&nbsp; &nbsp; \u010clovek, pre ktor\u00e9ho P\u00e1n Boh v\u0161etko stvoril bol v\u0161ak s\u00e1m stvoren\u00fd pre spolo\u010denstvo s P\u00e1nom Bohom. P\u00edsmo sv\u00e4t\u00e9 s\u00fa\u010dasne&nbsp; pripom\u00edna, \u017ee toto spolo\u010dentsvo \u010dlovek hriechom naru\u0161il a preru\u0161il a stal sa tak Bo\u017e\u00edm nepriate\u013eom. Ke\u010f prv\u00ed \u013eudia zhre\u0161ili, P\u00e1n Boh <em>\u201czavrel br\u00e1nu raja\u201d<\/em> nielen pre prv\u00fdch \u013eud\u00ed, ale aj pre ich potomkov. Hrie\u0161nici prestali ma\u0165 domovsk\u00e9 pr\u00e1vo u svojho nebesk\u00e9ho Otca. Z\u00e1rove\u0148 u\u017e v raji v\u0161ak zeznelo aj prv\u00e9 evanjelium, zves\u0165 milosti Bo\u017eej, ktor\u00e1 bude \u010dloveku pon\u00faknut\u00e1 skrze <em>\u201cpotomka naroden\u00e9ho zo \u017eeny\u201d, \u201cdruh\u00e9ho Adama<\/em>\u201d, ktor\u00fd n\u00e1m navr\u00e1ti straten\u00fd raj, toti\u017e&nbsp; \u00fa\u010das\u0165 v nebi, v spolo\u010denstve s na\u0161\u00edm Stvorite\u013eom.<\/p>\n\n\n\n<p><strong>&nbsp;&nbsp;<\/strong><em> \u201cOtvorenia raja\u201d<\/em>&nbsp; sa udialo u\u017e na prv\u00e9 Vianoce, v pr\u00edchode Spasite\u013ea a v Jeho ponuke pokoja a radosti, zalo\u017eenej na dare milosti a ponuke odpustenia hriechov \u013eu\u010fom z Bo\u017eej strany. Ide o odpustenie hriechu dedi\u010dn\u00e9ho i ka\u017ed\u00e9ho \u010fal\u0161ieho, z na\u0161ej strany vykonan\u00e9ho.&nbsp;<\/p>\n\n\n\n<p>&nbsp; &nbsp; P\u00e1n Boh v\u0161ak nielen Synovi otvoril nebes\u00e1, ale skrze Syna otv\u00e1ra dvere neba v Krste ka\u017ed\u00e9mu, kto d\u00f4veruje a spolieha sa na Je\u017ei\u0161ove ospravedlnenie. Na Jeho dielo, ktor\u00e9 dokonal, ke\u010f bol ukri\u017eovan\u00fd a ke\u010f potom vstal z m\u0155tvych. Preto t\u00fdm prv\u00fdm darom P\u00e1novho Krstu je odpustenie hriechov, \u201cobmytie na\u0161ej du\u0161e a ducha\u201d a otvorenie neba pre n\u00e1s.&nbsp; &#8211; Toto nafoti\u0165 nem\u00f4\u017eeme, ale smieme a m\u00e1me v t\u00fato milos\u0165 veri\u0165 a prij\u00edma\u0165 ju s plnou d\u00f4verou.<\/p>\n\n\n\n<p>&nbsp;&nbsp; 2. <strong>To druh\u00e9,<\/strong> \u010do sa deje nielen pri ka\u017edom Krste Je\u017ei\u0161ovom je to, \u010do J\u00e1n videl a o \u010dom sved\u010d\u00ed evanjelium. Toti\u017e \u017ee: \u201c<em>Duch Sv\u00e4t\u00fd v podobe holubice zostupoval a prich\u00e1dzal na neho\u201d.&nbsp;<\/em> Aj tento dar je pon\u00faknut\u00fd v P\u00e1novom krste aj n\u00e1m. Preto n\u00e1s Je\u017ei\u0161ov Krst posv\u00e4cuje. Je na\u0161ou \u201cvysviackou\u201d na \u00falohu a slu\u017ebu: <em>by\u0165 kr\u00e1\u013eovsk\u00fdm k\u0148azstvom P\u00e1nov\u00fdm a sv\u00e4t\u00fdm n\u00e1rodom (1 Pt 2, 9). <\/em>Dar&nbsp; Ducha<em> Sv\u00e4t\u00e9ho n\u00e1s <\/em><strong>posv\u00e4cuje<\/strong>, aby sme chodili v tomto svete v <em>\u201cnovote \u017eivota\u201d. <\/em>Z vlastn\u00fdch s\u00edl a schopnost\u00ed prirodzen\u00e9ho \u010dloveka to nie je mo\u017en\u00e9, ale Duch Bo\u017e\u00ed a Kristov n\u00e1m k tomu pom\u00e1ha.&nbsp; &nbsp;<\/p>\n\n\n\n<p>P\u00e1n Je\u017ei\u0161 ktor\u00fd mal Ducha v plnosti n\u00e1s predch\u00e1dza svoj\u00edm konan\u00edm a posil\u0148uje aj n\u00e1s k tak\u00e9mu \u017eivotu, ktor\u00fd je P\u00e1nu Bohu mil\u00fd, ktor\u00fd je pre Otca<em> \u201cpr\u00edjemnou v\u00f4\u0148ou\u201d,<\/em> ktor\u00fa On r\u00e1d prij\u00edma.<\/p>\n\n\n\n<p>&nbsp; &nbsp; &nbsp; 3. <strong>Pri Je\u017ei\u0161ovom Krste,<\/strong> ako \u010falej vid\u00edme a po\u010dujeme: <em>\u201cBolo po\u010du\u0165 z neba hlas: Toto je m\u00f4j milovan\u00fd Syn, v ktorom sa mi za\u013e\u00fabilo\u201d<\/em>.&nbsp; Prav\u00fdm Bo\u017e\u00edm Synom je predov\u0161etk\u00fdm s\u00e1m Je\u017ei\u0161. Ale milovan\u00fdm Bo\u017e\u00edm synom, alebo dc\u00e9rou, sa st\u00e1va ka\u017ed\u00fd pokrsten\u00fd. &nbsp; O chv\u00ed\u013eu sa Bo\u017e\u00edm die\u0165a\u0165om stane aj v\u00e1\u0161 a n\u00e1\u0161 \u201cB\u201d, z \u010doho sa m\u00e1me radova\u0165 v\u0161etci, ktor\u00ed chceme \u017ei\u0165 a by\u0165 s P\u00e1nom Bohom st\u00e1le.&nbsp; &nbsp;<\/p>\n\n\n\n<p>&nbsp; &nbsp; &nbsp; Apo\u0161tol Pavel o tomto <strong>detinstve Bo\u017eom<\/strong> povedal a dopovedal to, \u010do hl\u00e1sal nielen on, ale v\u0161etci u\u010den\u00edci a \u010do P\u00e1nova cirkev smie ohlasova\u0165 aj dnes: <em>\u201cAle ak sme dietky Bo\u017eie, sme aj dedi\u010dia &#8211; a to dedi\u010dia Bo\u017e\u00ed a spoludedi\u010dia Kristovi &#8211; ak s N\u00edm trp\u00edme,- tak preto, aby sme s N\u00edm boli aj osl\u00e1ven\u00ed\u201d.<\/em><\/p>\n\n\n\n<p>&nbsp; &nbsp; Je to Je\u017ei\u0161ovo za\u013e\u00fabenie o dare milosti v Krste nielen pre tento \u010dasn\u00fd \u017eivot, ktor\u00fd smieme \u017ei\u0165 a pre\u017ei\u0165 v posv\u00e4ten\u00ed, ale aj s\u013eub pre&nbsp; ve\u010dnos\u0165. Sme dedi\u010dia toho, \u010do P\u00e1nu Bohu patr\u00ed v plnosti: Jeho \u017eivota, Jeho l\u00e1sky a pravej nebeskej radosti.<\/p>\n\n\n\n<p><strong>&nbsp;&nbsp; &nbsp; Mil\u00ed bratia a sestry!<\/strong>&nbsp;<\/p>\n\n\n\n<p>&nbsp;&nbsp; &nbsp; Tieto hodnoty: otvoren\u00e9 nebo, dar Ducha Sv\u00e4t\u00e9ho a Bo\u017eie dedinstvo na\u0161\u00edm okom nevid\u00edme, ani fotoapar\u00e1tom nezachyt\u00edme, ale smieme ich prija\u0165 vierou ako dar z otvoren\u00e9ho neba. Preto pln\u00edme P\u00e1novo povzbudenie aj dnes: <em>\u201cDovo\u013ete dietkam prich\u00e1dza\u0165 ku Mne a nebr\u00e1\u0148te im, lebo tak\u00fdch je kr\u00e1\u013eovstvo nebesk\u00e9\u201d. <\/em>Preto aj teraz, ako \u017ealmista hovor\u00ed: <em>\u201cNa P\u00e1na \u010dak\u00e1 na\u0161a du\u0161a\u201d, <\/em>\u017ee toti\u017e Trojjedin\u00fd P\u00e1n Boh svoju milos\u0165 preuk\u00e1\u017ee aj v\u00e1\u0161mu syn\u010dekovi a krstn\u00e9mu synovi, bra\u010dekovi s vn\u00fa\u010dikovi, a bratovi Kristu, P\u00e1novi na\u0161om. Nech sa tak stane. Amen<\/p>\n\n\n\n<p>(Poz.: Tento krstn\u00fd pr\u00edhovor odznel pri pokrsten\u00ed B.B. v Trnave, v r\u00e1mci slu\u017eieb Bo\u017e\u00edch v<strong> 1. nede\u013eu po Ve\u013ekej noci <\/strong>2023<em> (\u2026\u201dako teraz naroden\u00e9 nemluvniatka t\u00fa\u017ete po duchovnom \u010distom mlieku, aby ste n\u00edm r\u00e1stli na spasenie\u2026 1 Pt 2, 2)<\/em><\/p>\n\n\n\n<p><em>\u013dubom\u00edr Batka st.<\/em><\/p>\n","protected":false},"excerpt":{"rendered":"<p>&nbsp; &nbsp; &nbsp; &nbsp; &nbsp; &nbsp; &nbsp; &nbsp; &nbsp; \u010co d\u00e1va Je\u017ei\u0161ov Krst? Mt 3, 13 &#8211; 17: &nbsp;&nbsp; \u201cVtedy pri\u0161iel Je\u017ei\u0161 z Galiley k Jord\u00e1nu ku J\u00e1novi, aby sa mu dal pokrsti\u0165. (14) On Mu v\u0161ak odporoval a povedal: Ja by som sa mal da\u0165 pokrsti\u0165 Tebe, a Ty prichod\u00ed\u0161 ku mne? (15) Ale &#8230; <a title=\"\u010co d\u00e1va Je\u017ei\u0161ov Krst?\" class=\"read-more\" href=\"https:\/\/www.e-anjelik.sk\/index.php\/2023\/04\/27\/co-dava-jezisov-krst\/\" aria-label=\"Pre\u010d\u00edtajte si viac o \u010co d\u00e1va Je\u017ei\u0161ov Krst?\">\u010c\u00edta\u0165 viac<\/a><\/p>\n","protected":false},"author":4,"featured_media":0,"comment_status":"open","ping_status":"open","sticky":false,"template":"","format":"standard","meta":{"footnotes":""},"categories":[553,147,126,534,202],"tags":[],"class_list":["post-36026","post","type-post","status-publish","format-standard","hentry","category-1-nedela-po-velkej-noci","category-duch-svaty","category-jan-krstitel","category-krst-svaty-2","category-trnava"],"_links":{"self":[{"href":"https:\/\/www.e-anjelik.sk\/index.php\/wp-json\/wp\/v2\/posts\/36026","targetHints":{"allow":["GET"]}}],"collection":[{"href":"https:\/\/www.e-anjelik.sk\/index.php\/wp-json\/wp\/v2\/posts"}],"about":[{"href":"https:\/\/www.e-anjelik.sk\/index.php\/wp-json\/wp\/v2\/types\/post"}],"author":[{"embeddable":true,"href":"https:\/\/www.e-anjelik.sk\/index.php\/wp-json\/wp\/v2\/users\/4"}],"replies":[{"embeddable":true,"href":"https:\/\/www.e-anjelik.sk\/index.php\/wp-json\/wp\/v2\/comments?post=36026"}],"version-history":[{"count":2,"href":"https:\/\/www.e-anjelik.sk\/index.php\/wp-json\/wp\/v2\/posts\/36026\/revisions"}],"predecessor-version":[{"id":38833,"href":"https:\/\/www.e-anjelik.sk\/index.php\/wp-json\/wp\/v2\/posts\/36026\/revisions\/38833"}],"wp:attachment":[{"href":"https:\/\/www.e-anjelik.sk\/index.php\/wp-json\/wp\/v2\/media?parent=36026"}],"wp:term":[{"taxonomy":"category","embeddable":true,"href":"https:\/\/www.e-anjelik.sk\/index.php\/wp-json\/wp\/v2\/categories?post=36026"},{"taxonomy":"post_tag","embeddable":true,"href":"https:\/\/www.e-anjelik.sk\/index.php\/wp-json\/wp\/v2\/tags?post=36026"}],"curies":[{"name":"wp","href":"https:\/\/api.w.org\/{rel}","templated":true}]}}