{"id":3605,"date":"2011-06-09T09:43:23","date_gmt":"2011-06-09T09:43:23","guid":{"rendered":"http:\/\/e-anjelik.sk\/?p=3605"},"modified":"2011-06-09T09:43:23","modified_gmt":"2011-06-09T09:43:23","slug":"v-zeneve-bude-zasadnutie-rady-slz","status":"publish","type":"post","link":"https:\/\/www.e-anjelik.sk\/index.php\/2011\/06\/09\/v-zeneve-bude-zasadnutie-rady-slz\/","title":{"rendered":"V \u017deneve bude zasadnutie Rady SLZ"},"content":{"rendered":"<p>Od 9. do 14. j&uacute;na 2011 bude v Ekumenickom centre v \u017deneve prv&eacute; zasadnutie novozvolenej Rady Svetov&eacute;ho luter&aacute;nskeho zv&auml;zu po 11. VZ v &Scaron;tuttgarte. Rada je riadiaci org&aacute;n,ktor&yacute; sa sch&aacute;dza minim&aacute;lne raz v roku a vedie pr&aacute;cu SLZ medzio obdobiami VZ. Radu tvor&iacute; 50 ordinovan&yacute;ch a neordinovan&yacute;ch z&aacute;stupcov \u010dlensk&yacute;ch cirkv&iacute; SLZ z cel&eacute;ho sveta. Centr&aacute;lnym bodom programu bude diskusia a schv&aacute;lenie strat&eacute;gie pre roky 2012 a\u017e 2017, ktor&aacute; ur\u010d&iacute; bud&uacute;ci smer a \u0165a\u017eisk&aacute; pr&aacute;ce SLZ. Na z&aacute;ver pr&iacute;hovoru prezidenta SLZ biskupa Younana z ELC v Jord&aacute;nsku a vo Sv&auml;tej zemi prednes&uacute; svoje spr&aacute;vy gen. tajomn&iacute;k SLZ, far&aacute;r M. Jung a pokladn&iacute;\u010dka SLZ Christina Jackson -Skelton. Hlavn&yacute; refer&aacute;t prednesie &nbsp;Volker Tuerk, riadite\u013e pre Medzin&aacute;rodn&uacute; ochranu ute\u010dencov pri Vysokom komisari&aacute;te pre ute\u010dencov OSN. Okrem toho sa toto gr&eacute;mium SLZ bude zaobera\u0165 rozpo\u010dtom na rok 2012 a re&scaron;trukturaliz&aacute;ciou sekretari&aacute;tu, \u010di &uacute;radov SLZ v \u017deneve. S&uacute;\u010das\u0165ou zasadnutia bud&uacute; \u010d&iacute;tania P&iacute;sma, modlitby, Slu\u017eby Bo\u017eie s Ve\u010derou P&aacute;novou 12. j&uacute;na 2012.<\/p>\n<p>p.s. \u010dlenom Rady SLZ za regi&oacute;n V&yacute;chodnej a Strednej Eur&oacute;py je aj gen. biskup M. Kl&aacute;tik.<\/p>\n<p>(<a href=\"http:\/\/www.lutheranworld.org\">www.lutheranworld.org<\/a>)<\/p>\n","protected":false},"excerpt":{"rendered":"<p>Od 9. do 14. j&uacute;na 2011 bude v Ekumenickom centre v \u017deneve prv&eacute; zasadnutie novozvolenej Rady Svetov&eacute;ho luter&aacute;nskeho zv&auml;zu po 11. VZ v &Scaron;tuttgarte. Rada je riadiaci org&aacute;n,ktor&yacute; sa sch&aacute;dza minim&aacute;lne raz v roku a vedie pr&aacute;cu SLZ medzio obdobiami VZ. Radu tvor&iacute; 50 ordinovan&yacute;ch a neordinovan&yacute;ch z&aacute;stupcov \u010dlensk&yacute;ch cirkv&iacute; SLZ z cel&eacute;ho sveta. Centr&aacute;lnym &#8230; <a title=\"V \u017deneve bude zasadnutie Rady SLZ\" class=\"read-more\" href=\"https:\/\/www.e-anjelik.sk\/index.php\/2011\/06\/09\/v-zeneve-bude-zasadnutie-rady-slz\/\" aria-label=\"Pre\u010d\u00edtajte si viac o V \u017deneve bude zasadnutie Rady SLZ\">\u010c\u00edta\u0165 viac<\/a><\/p>\n","protected":false},"author":22,"featured_media":0,"comment_status":"open","ping_status":"open","sticky":false,"template":"","format":"standard","meta":{"footnotes":""},"categories":[1],"tags":[234],"class_list":["post-3605","post","type-post","status-publish","format-standard","hentry","category-adventna-modlitba","tag-zdruzenia-a-skupiny"],"_links":{"self":[{"href":"https:\/\/www.e-anjelik.sk\/index.php\/wp-json\/wp\/v2\/posts\/3605","targetHints":{"allow":["GET"]}}],"collection":[{"href":"https:\/\/www.e-anjelik.sk\/index.php\/wp-json\/wp\/v2\/posts"}],"about":[{"href":"https:\/\/www.e-anjelik.sk\/index.php\/wp-json\/wp\/v2\/types\/post"}],"author":[{"embeddable":true,"href":"https:\/\/www.e-anjelik.sk\/index.php\/wp-json\/wp\/v2\/users\/22"}],"replies":[{"embeddable":true,"href":"https:\/\/www.e-anjelik.sk\/index.php\/wp-json\/wp\/v2\/comments?post=3605"}],"version-history":[{"count":0,"href":"https:\/\/www.e-anjelik.sk\/index.php\/wp-json\/wp\/v2\/posts\/3605\/revisions"}],"wp:attachment":[{"href":"https:\/\/www.e-anjelik.sk\/index.php\/wp-json\/wp\/v2\/media?parent=3605"}],"wp:term":[{"taxonomy":"category","embeddable":true,"href":"https:\/\/www.e-anjelik.sk\/index.php\/wp-json\/wp\/v2\/categories?post=3605"},{"taxonomy":"post_tag","embeddable":true,"href":"https:\/\/www.e-anjelik.sk\/index.php\/wp-json\/wp\/v2\/tags?post=3605"}],"curies":[{"name":"wp","href":"https:\/\/api.w.org\/{rel}","templated":true}]}}