{"id":36089,"date":"2023-05-28T00:13:00","date_gmt":"2023-05-27T22:13:00","guid":{"rendered":"https:\/\/e-anjelik.sk\/?p=36089"},"modified":"2023-05-25T16:24:00","modified_gmt":"2023-05-25T14:24:00","slug":"pavel-tomko-o-duchu-svaty","status":"publish","type":"post","link":"https:\/\/www.e-anjelik.sk\/index.php\/2023\/05\/28\/pavel-tomko-o-duchu-svaty\/","title":{"rendered":"Pavel Tomko \u2013 \u00d3, Duchu Sv\u00e4t\u00fd"},"content":{"rendered":"\n<p>\u00d3 Duchu Sv\u00e4t\u00fd, Bo\u017ee n\u00e1\u0161, <br>Ty \u0161tedr\u00fd darca neba,<br>posv\u00e4\u0165 n\u00e1s, darov po\u017eehnaj,<br>v\u0161ade ich hojne treba,<br>ako v ten de\u0148 letn\u00edc velik\u00fd,<br>rozlej dnes svoje dary,<br>nech h\u00faf oddan\u00fdch veriacich<br>zhal\u00ed sa v sv\u00e4to\u017eiari.<br>Ako t\u00fdch tam vtedy predivne,<br>pretvor n\u00e1s v nov\u00fdch \u013eud\u00ed,<br>mnoh\u00ed s\u00fa klesl\u00ed na duchu<br>a mnoh\u00fd tr\u00e1pne bl\u00fadi;<br>vytrhni, zachr\u00e1\u0148, zdvihni, vzmu\u017e,<br>v du\u0161i zjav Majstra, Krista<br>a uk\u00e1\u017e, kadia\u013e jedin\u00e1<br>spr\u00e1vna a cesta ist\u00e1.<br>Bu\u010f s nami v celom \u017eivote,<br>bu\u010f, Duchu Sv\u00e4t\u00fd, st\u00e1le \u2013<br>by sl\u00fa\u017eili sme P\u00e1novi<br>a \u017eili k Bo\u017eej chv\u00e1le \u2013<br>pom\u00e1haj prenies\u0165, \u010do pr\u00edde:<br>s\u00fa\u017eenie, pok\u00fa\u0161anie<br>a preve\u010f \u010dasom v nebes\u00e1,<br>daj vidie\u0165 vyk\u00fapenie.<\/p>\n","protected":false},"excerpt":{"rendered":"<p>\u00d3 Duchu Sv\u00e4t\u00fd, Bo\u017ee n\u00e1\u0161, Ty \u0161tedr\u00fd darca neba,posv\u00e4\u0165 n\u00e1s, darov po\u017eehnaj,v\u0161ade ich hojne treba,ako v ten de\u0148 letn\u00edc velik\u00fd,rozlej dnes svoje dary,nech h\u00faf oddan\u00fdch veriacichzhal\u00ed sa v sv\u00e4to\u017eiari.Ako t\u00fdch tam vtedy predivne,pretvor n\u00e1s v nov\u00fdch \u013eud\u00ed,mnoh\u00ed s\u00fa klesl\u00ed na duchua mnoh\u00fd tr\u00e1pne bl\u00fadi;vytrhni, zachr\u00e1\u0148, zdvihni, vzmu\u017e,v du\u0161i zjav Majstra, Kristaa uk\u00e1\u017e, kadia\u013e jedin\u00e1spr\u00e1vna a &#8230; <a title=\"Pavel Tomko \u2013 \u00d3, Duchu Sv\u00e4t\u00fd\" class=\"read-more\" href=\"https:\/\/www.e-anjelik.sk\/index.php\/2023\/05\/28\/pavel-tomko-o-duchu-svaty\/\" aria-label=\"Pre\u010d\u00edtajte si viac o Pavel Tomko \u2013 \u00d3, Duchu Sv\u00e4t\u00fd\">\u010c\u00edta\u0165 viac<\/a><\/p>\n","protected":false},"author":3,"featured_media":0,"comment_status":"open","ping_status":"open","sticky":false,"template":"","format":"standard","meta":{"footnotes":""},"categories":[603,165,108],"tags":[],"class_list":["post-36089","post","type-post","status-publish","format-standard","hentry","category-svatodusne-obdobie","category-poezia-2","category-svatodusne-sviatky"],"_links":{"self":[{"href":"https:\/\/www.e-anjelik.sk\/index.php\/wp-json\/wp\/v2\/posts\/36089","targetHints":{"allow":["GET"]}}],"collection":[{"href":"https:\/\/www.e-anjelik.sk\/index.php\/wp-json\/wp\/v2\/posts"}],"about":[{"href":"https:\/\/www.e-anjelik.sk\/index.php\/wp-json\/wp\/v2\/types\/post"}],"author":[{"embeddable":true,"href":"https:\/\/www.e-anjelik.sk\/index.php\/wp-json\/wp\/v2\/users\/3"}],"replies":[{"embeddable":true,"href":"https:\/\/www.e-anjelik.sk\/index.php\/wp-json\/wp\/v2\/comments?post=36089"}],"version-history":[{"count":1,"href":"https:\/\/www.e-anjelik.sk\/index.php\/wp-json\/wp\/v2\/posts\/36089\/revisions"}],"predecessor-version":[{"id":36090,"href":"https:\/\/www.e-anjelik.sk\/index.php\/wp-json\/wp\/v2\/posts\/36089\/revisions\/36090"}],"wp:attachment":[{"href":"https:\/\/www.e-anjelik.sk\/index.php\/wp-json\/wp\/v2\/media?parent=36089"}],"wp:term":[{"taxonomy":"category","embeddable":true,"href":"https:\/\/www.e-anjelik.sk\/index.php\/wp-json\/wp\/v2\/categories?post=36089"},{"taxonomy":"post_tag","embeddable":true,"href":"https:\/\/www.e-anjelik.sk\/index.php\/wp-json\/wp\/v2\/tags?post=36089"}],"curies":[{"name":"wp","href":"https:\/\/api.w.org\/{rel}","templated":true}]}}