{"id":3610,"date":"2011-06-10T14:56:00","date_gmt":"2011-06-10T14:56:00","guid":{"rendered":"http:\/\/e-anjelik.sk\/?p=3610"},"modified":"2011-06-10T14:56:00","modified_gmt":"2011-06-10T14:56:00","slug":"pastiersky-list-zboru-biskupov-ecav-ku-svatodusnym-sviatkom-2011","status":"publish","type":"post","link":"https:\/\/www.e-anjelik.sk\/index.php\/2011\/06\/10\/pastiersky-list-zboru-biskupov-ecav-ku-svatodusnym-sviatkom-2011\/","title":{"rendered":"Pastiersky list Zboru biskupov ECAV ku Sv\u00e4todu\u0161n\u00fdm sviatkom 2011"},"content":{"rendered":"<p class=\"MsoNormal\" style=\"margin: 0cm 0cm 0pt\"><span style=\"font-size: 8pt\"><font face=\"Arial\"><font color=\"#000000\">Bratia a&nbsp;sestry v&nbsp;P&aacute;novi Je\u017ei&scaron;ovi Kristovi!<o:p><\/o:p><\/font><\/font><\/span><\/p>\n<p class=\"MsoNormal\" style=\"margin: 0cm 0cm 0pt\"><span style=\"font-size: 8pt\"><font face=\"Arial\"><font color=\"#000000\"><span style=\"mso-spacerun: yes\">&nbsp; <\/span>Dnes i&nbsp;zajtra &ndash; po\u010das Sv&auml;todu&scaron;n&yacute;ch sviatkov &ndash; si<span style=\"mso-spacerun: yes\">&nbsp;&nbsp; <\/span>kres\u0165ansk&aacute; cirkev ako Bo\u017eia rodina<span style=\"mso-spacerun: yes\">&nbsp; <\/span>pripom&iacute;na narodeniny.<o:p><\/o:p><\/font><\/font><\/span><\/p>\n<p class=\"MsoNormal\" style=\"margin: 0cm 0cm 0pt\"><span style=\"font-size: 8pt\"><font face=\"Arial\"><font color=\"#000000\"><span style=\"mso-spacerun: yes\">&nbsp; <\/span>T&yacute;ch viac ako tritis&iacute;c \u013eud&iacute; v&nbsp;Jeruzaleme, ktor&iacute; sa dali vtedy pokrsti\u0165, utvorilo prv&yacute; kres\u0165ansk&yacute; cirkevn&yacute; zbor. Stalo sa tak p&ocirc;soben&iacute;m Ducha Sv&auml;t&eacute;ho, ktor&eacute;ho dielo pokra\u010dovalo tak, \u017ee P&aacute;n prid&aacute;val na ka\u017ed&yacute; de\u0148 tak&yacute;ch, ktor&iacute; boli zachr&aacute;nen&iacute; (Sk 2, 47). Duch Sv&auml;t&yacute; p&ocirc;sob&iacute; \u010falej a&nbsp;aj bude kona\u0165 svoje po\u017eehnan&eacute; dielo, ktor&eacute; apo&scaron;tol Pavel v&yacute;sti\u017ene charakterizuje slovami: &bdquo;Z&aacute;kon \u017eivotodarn&eacute;ho Ducha v&nbsp;Kristovi Je\u017ei&scaron;ovi oslobodil \u0165a toti\u017e od z&aacute;kona hriechu a&nbsp;smrti&ldquo; (R 8, 2).<o:p><\/o:p><\/font><\/font><\/span><\/p>\n<p class=\"MsoNormal\" style=\"margin: 0cm 0cm 0pt\"><span style=\"font-size: 8pt\"><font face=\"Arial\"><font color=\"#000000\"><span style=\"mso-spacerun: yes\">&nbsp; <\/span>Sv&auml;todu&scaron;n&yacute; zbor v&nbsp;Jeruzaleme poznal, \u017ee \u017eivot v&nbsp;Bo\u017eej pr&iacute;tomnosti znamen&aacute; slobodu. Skuto\u010dne slobodn&iacute; sme vtedy, ke\u010f n&aacute;s Syn Bo\u017e&iacute; vyslobod&iacute; z&nbsp;otroctva hriechu, a&nbsp;m&ocirc;\u017eeme s&nbsp;rados\u0165ou nasledova\u0165 P&aacute;na Je\u017ei&scaron;a Krista.<o:p><\/o:p><\/font><\/font><\/span><\/p>\n<p class=\"MsoNormal\" style=\"margin: 0cm 0cm 0pt\"><span style=\"font-size: 8pt\"><font face=\"Arial\"><font color=\"#000000\"><span style=\"mso-spacerun: yes\">&nbsp; <\/span>Duch Sv&auml;t&yacute;, ktor&yacute; bol zoslan&yacute;, je st&aacute;le tu a&nbsp;p&ocirc;sob&iacute;: evanjeliom povol&aacute;va, zhroma\u017e\u010fuje, osvecuje, posv&auml;cuje a&nbsp;v&nbsp;jedinej pravej \u017eivej viere zachov&aacute;va, ako hovor&iacute; Dr. M. Luther. Prosme preto, aby Duch Sv&auml;t&yacute; p&ocirc;sobil v&nbsp;na&scaron;om srdci, v&nbsp;jadre na&scaron;ej bytosti, aby sme sa st&aacute;vali nov&yacute;mi \u013eu\u010fmi. Len tak potom m&ocirc;\u017eeme by\u0165 ako spolo\u010denstvo aj dnes \u017eivou a&nbsp;slobodnou cirkvou.<o:p><\/o:p><\/font><\/font><\/span><\/p>\n<p class=\"MsoNormal\" style=\"margin: 0cm 0cm 0pt\"><span style=\"font-size: 8pt\"><font face=\"Arial\"><font color=\"#000000\"><span style=\"mso-spacerun: yes\">&nbsp; <\/span>Sloboda &ndash; predov&scaron;etk&yacute;m vn&uacute;torn&aacute; sloboda &ndash; nepozn&aacute; prek&aacute;\u017eky, ktor&eacute; by zahatali cestu nasledovania P&aacute;na Je\u017ei&scaron;a Krista. Sloboda nepozn&aacute; prek&aacute;\u017eky, ktor&eacute; by poviazali na&scaron;u poslu&scaron;nos\u0165 vo\u010di P&aacute;nu Bohu.<o:p><\/o:p><\/font><\/font><\/span><\/p>\n<p class=\"MsoNormal\" style=\"margin: 0cm 0cm 0pt\"><span style=\"font-size: 8pt\"><font face=\"Arial\"><font color=\"#000000\"><span style=\"mso-spacerun: yes\">&nbsp; <\/span>\u017div&aacute; cirkev zvestuje slovo Bo\u017eie, evanjelium Je\u017ei&scaron;a Krista. A&nbsp;tak m&aacute; \u010do poveda\u0165 v&nbsp;ka\u017edom \u010dase ka\u017ed&eacute;mu \u010dloveku. Nech sa teda z&aacute;kon \u017eivotodarn&eacute;ho Ducha uplat\u0148uje aj tak, \u017ee sa Biblia stane pre ka\u017ed&eacute;ho z&nbsp;n&aacute;s knihou \u017eivota, aby slovo Bo\u017eie p&ocirc;sobilo mocne vo v&scaron;etkom, \u010do kon&aacute;me, aby sme s&nbsp;odvahou viery sved\u010dili o&nbsp;Bo\u017eej l&aacute;ske a&nbsp;milosti. Otcovia a&nbsp;matky i&nbsp;star&iacute; a&nbsp;krstn&iacute; rodi\u010dia, bu\u010fme predov&scaron;etk&yacute;m k\u0148azmi vo svojich rodin&aacute;ch! Len tak zo svojich potomkov s&nbsp;Bo\u017eou pomocou a&nbsp;po\u017eehnan&iacute;m vychov&aacute;me kres\u0165ansk&eacute; osobnosti, ktor&eacute; potrebuje na&scaron;a cirkev i&nbsp;na&scaron;a spolo\u010dnos\u0165. <o:p><\/o:p><\/font><\/font><\/span><\/p>\n<p class=\"MsoNormal\" style=\"margin: 0cm 0cm 0pt\"><span style=\"font-size: 8pt\"><font face=\"Arial\"><font color=\"#000000\"><span style=\"mso-spacerun: yes\">&nbsp; <\/span>\u017div&aacute; cirkev je aj bojuj&uacute;ca. U\u017e prvotn&aacute; cirkev sa musela postavi\u0165 na obranu proti nepriate\u013eom kr&iacute;\u017ea Kristovho. V&nbsp;\u0165a\u017ek&yacute;ch \u010dasoch prenasledovania sa odv&aacute;\u017eila s&nbsp;apo&scaron;tolom vyzn&aacute;va\u0165: &bdquo;V&scaron;etko m&ocirc;\u017eem v&nbsp;Kristovi, ktor&yacute; ma posil\u0148uje&ldquo; (F 4, 13). Dnes je tie\u017e v&nbsp;na&scaron;om prostred&iacute; ve\u013ea toho, \u010do je prevr&aacute;ten&eacute; a&nbsp;skazen&eacute;. Nem&ocirc;\u017eeme vo\u010di tomu zosta\u0165 \u013eahostajn&iacute;! Prosme preto Boha Ducha Sv&auml;t&eacute;ho, aby sme vedeli reagova\u0165, kona\u0165 spr&aacute;vnym a&nbsp;&uacute;\u010dinn&yacute;m sp&ocirc;sobom.<o:p><\/o:p><\/font><\/font><\/span><\/p>\n<p class=\"MsoNormal\" style=\"margin: 0cm 0cm 0pt\"><span style=\"font-size: 8pt\"><font face=\"Arial\"><font color=\"#000000\"><span style=\"mso-spacerun: yes\">&nbsp; <\/span>Prosme Boha Ducha Sv&auml;t&eacute;ho, aby pod Jeho p&ocirc;soben&iacute;m na&scaron;a drah&aacute; evanjelick&aacute; augsbursk&eacute;ho vyznania cirkev bola v\u017edy cirkvou \u017eivou a&nbsp;slobodnou.<o:p><\/o:p><\/font><\/font><\/span><\/p>\n<p class=\"MsoNormal\" style=\"margin: 3pt 0cm\"><span style=\"font-size: 8pt\"><font face=\"Arial\"><font color=\"#000000\"><span style=\"mso-spacerun: yes\">&nbsp; <\/span>S&nbsp;prian&iacute;m po\u017eehnan&yacute;ch Sv&auml;todu&scaron;n&yacute;ch sviatkov<o:p><\/o:p><\/font><\/font><\/span><\/p>\n<p class=\"MsoNormal\" style=\"margin: 0cm 0cm 0pt\"><span style=\"font-size: 8pt\"><font face=\"Arial\"><font color=\"#000000\"><span style=\"mso-spacerun: yes\">&nbsp;&nbsp;&nbsp;&nbsp; <\/span>Milan Krivda<span style=\"mso-spacerun: yes\">&nbsp;&nbsp;&nbsp;&nbsp;&nbsp;&nbsp;&nbsp;&nbsp;&nbsp;&nbsp;&nbsp;&nbsp;&nbsp;&nbsp;&nbsp;&nbsp;&nbsp;&nbsp;&nbsp;&nbsp;&nbsp;&nbsp;&nbsp;&nbsp;&nbsp;&nbsp;&nbsp;&nbsp;&nbsp; <\/span>Milo&scaron; Kl&aacute;tik<span style=\"mso-spacerun: yes\">&nbsp;&nbsp;&nbsp;&nbsp;&nbsp;&nbsp;&nbsp;&nbsp;&nbsp;&nbsp;&nbsp;&nbsp;&nbsp;&nbsp;&nbsp;&nbsp;&nbsp;&nbsp;&nbsp;&nbsp;&nbsp;&nbsp;&nbsp;&nbsp;&nbsp;&nbsp; <\/span>Slavom&iacute;r Sabol<o:p><\/o:p><\/font><\/font><\/span><\/p>\n<p><span style=\"font-family: &quot;Arial&quot;,&quot;sans-serif&quot;; font-size: 8pt; mso-fareast-font-family: 'Times New Roman'; mso-bidi-font-family: 'Times New Roman'; mso-ansi-language: SK; mso-fareast-language: SK; mso-bidi-language: AR-SA\"><font color=\"#000000\"><span style=\"mso-spacerun: yes\">&nbsp;&nbsp;&nbsp;&nbsp;&nbsp;&nbsp; <\/span>biskup ZD<span style=\"mso-spacerun: yes\">&nbsp;&nbsp;&nbsp;&nbsp;&nbsp;&nbsp;&nbsp;&nbsp;&nbsp;&nbsp;&nbsp;&nbsp;&nbsp;&nbsp;&nbsp;&nbsp;&nbsp;&nbsp;&nbsp;&nbsp;&nbsp;&nbsp;&nbsp;&nbsp;&nbsp;&nbsp;&nbsp; <\/span>gener&aacute;lny biskup<span style=\"mso-spacerun: yes\">&nbsp;&nbsp;&nbsp;&nbsp;&nbsp;&nbsp;&nbsp;&nbsp;&nbsp;&nbsp;&nbsp;&nbsp;&nbsp;&nbsp;&nbsp;&nbsp;&nbsp;&nbsp;&nbsp;&nbsp;&nbsp;&nbsp;&nbsp;&nbsp;&nbsp;&nbsp; <\/span>biskup VD<\/font><\/span><\/p>\n","protected":false},"excerpt":{"rendered":"<p>Bratia a&nbsp;sestry v&nbsp;P&aacute;novi Je\u017ei&scaron;ovi Kristovi! &nbsp; Dnes i&nbsp;zajtra &ndash; po\u010das Sv&auml;todu&scaron;n&yacute;ch sviatkov &ndash; si&nbsp;&nbsp; kres\u0165ansk&aacute; cirkev ako Bo\u017eia rodina&nbsp; pripom&iacute;na narodeniny. &nbsp; T&yacute;ch viac ako tritis&iacute;c \u013eud&iacute; v&nbsp;Jeruzaleme, ktor&iacute; sa dali vtedy pokrsti\u0165, utvorilo prv&yacute; kres\u0165ansk&yacute; cirkevn&yacute; zbor. Stalo sa tak p&ocirc;soben&iacute;m Ducha Sv&auml;t&eacute;ho, ktor&eacute;ho dielo pokra\u010dovalo tak, \u017ee P&aacute;n prid&aacute;val na ka\u017ed&yacute; de\u0148 tak&yacute;ch, &#8230; <a title=\"Pastiersky list Zboru biskupov ECAV ku Sv\u00e4todu\u0161n\u00fdm sviatkom 2011\" class=\"read-more\" href=\"https:\/\/www.e-anjelik.sk\/index.php\/2011\/06\/10\/pastiersky-list-zboru-biskupov-ecav-ku-svatodusnym-sviatkom-2011\/\" aria-label=\"Pre\u010d\u00edtajte si viac o Pastiersky list Zboru biskupov ECAV ku Sv\u00e4todu\u0161n\u00fdm sviatkom 2011\">\u010c\u00edta\u0165 viac<\/a><\/p>\n","protected":false},"author":22,"featured_media":0,"comment_status":"open","ping_status":"open","sticky":false,"template":"","format":"standard","meta":{"footnotes":""},"categories":[108],"tags":[],"class_list":["post-3610","post","type-post","status-publish","format-standard","hentry","category-svatodusne-sviatky"],"_links":{"self":[{"href":"https:\/\/www.e-anjelik.sk\/index.php\/wp-json\/wp\/v2\/posts\/3610","targetHints":{"allow":["GET"]}}],"collection":[{"href":"https:\/\/www.e-anjelik.sk\/index.php\/wp-json\/wp\/v2\/posts"}],"about":[{"href":"https:\/\/www.e-anjelik.sk\/index.php\/wp-json\/wp\/v2\/types\/post"}],"author":[{"embeddable":true,"href":"https:\/\/www.e-anjelik.sk\/index.php\/wp-json\/wp\/v2\/users\/22"}],"replies":[{"embeddable":true,"href":"https:\/\/www.e-anjelik.sk\/index.php\/wp-json\/wp\/v2\/comments?post=3610"}],"version-history":[{"count":0,"href":"https:\/\/www.e-anjelik.sk\/index.php\/wp-json\/wp\/v2\/posts\/3610\/revisions"}],"wp:attachment":[{"href":"https:\/\/www.e-anjelik.sk\/index.php\/wp-json\/wp\/v2\/media?parent=3610"}],"wp:term":[{"taxonomy":"category","embeddable":true,"href":"https:\/\/www.e-anjelik.sk\/index.php\/wp-json\/wp\/v2\/categories?post=3610"},{"taxonomy":"post_tag","embeddable":true,"href":"https:\/\/www.e-anjelik.sk\/index.php\/wp-json\/wp\/v2\/tags?post=3610"}],"curies":[{"name":"wp","href":"https:\/\/api.w.org\/{rel}","templated":true}]}}