{"id":3619,"date":"2011-06-15T12:06:30","date_gmt":"2011-06-15T12:06:30","guid":{"rendered":"http:\/\/e-anjelik.sk\/?p=3619"},"modified":"2011-06-15T12:06:30","modified_gmt":"2011-06-15T12:06:30","slug":"konferencia-ekd-o-novych-formach-cirkevnej-prace-na-vidieku","status":"publish","type":"post","link":"https:\/\/www.e-anjelik.sk\/index.php\/2011\/06\/15\/konferencia-ekd-o-novych-formach-cirkevnej-prace-na-vidieku\/","title":{"rendered":"Konferencia EKD o nov\u00fdch form\u00e1ch cirkevnej pr\u00e1ce na vidieku"},"content":{"rendered":"<p>V utorok 14. j&uacute;na t.r. sa v meste Gotha za\u010dala konferencia Evanjelickej cirkvi v Nemecku o nov&yacute;ch form&aacute;ch cirkevnej pr&aacute;ce na vidieku. Ako je zn&aacute;me, obyvate\u013estvo vidieka kles&aacute;, zmen&scaron;uje sa aj po\u010det \u010dlenov cirkvi , a t&yacute;m aj pr&iacute;jmy pre cirkev. Tieto v&yacute;zvy vyvolali organizova\u0165 najprv konferenciu duchovn&yacute;ch vidieka, ktor&aacute; sa konala r. 2010 a teraj&scaron;&iacute;m pokra\u010dovan&iacute;m je t&aacute;to konferencia, ktor&aacute; m&aacute; motto:&quot; Na vidieku doma.&quot; Vlastn&yacute; proces reformy pr&aacute;ce cirkvi na vidieku sa za\u010dal u\u017e roku 2006.<\/p>\n<p>(<a href=\"http:\/\/www.epd.de\">www.epd.de<\/a>)<\/p>\n","protected":false},"excerpt":{"rendered":"<p>V utorok 14. j&uacute;na t.r. sa v meste Gotha za\u010dala konferencia Evanjelickej cirkvi v Nemecku o nov&yacute;ch form&aacute;ch cirkevnej pr&aacute;ce na vidieku. Ako je zn&aacute;me, obyvate\u013estvo vidieka kles&aacute;, zmen&scaron;uje sa aj po\u010det \u010dlenov cirkvi , a t&yacute;m aj pr&iacute;jmy pre cirkev. Tieto v&yacute;zvy vyvolali organizova\u0165 najprv konferenciu duchovn&yacute;ch vidieka, ktor&aacute; sa konala r. 2010 a &#8230; <a title=\"Konferencia EKD o nov\u00fdch form\u00e1ch cirkevnej pr\u00e1ce na vidieku\" class=\"read-more\" href=\"https:\/\/www.e-anjelik.sk\/index.php\/2011\/06\/15\/konferencia-ekd-o-novych-formach-cirkevnej-prace-na-vidieku\/\" aria-label=\"Pre\u010d\u00edtajte si viac o Konferencia EKD o nov\u00fdch form\u00e1ch cirkevnej pr\u00e1ce na vidieku\">\u010c\u00edta\u0165 viac<\/a><\/p>\n","protected":false},"author":22,"featured_media":0,"comment_status":"open","ping_status":"open","sticky":false,"template":"","format":"standard","meta":{"footnotes":""},"categories":[9,10],"tags":[],"class_list":["post-3619","post","type-post","status-publish","format-standard","hentry","category-europa","category-zo-sveta"],"_links":{"self":[{"href":"https:\/\/www.e-anjelik.sk\/index.php\/wp-json\/wp\/v2\/posts\/3619","targetHints":{"allow":["GET"]}}],"collection":[{"href":"https:\/\/www.e-anjelik.sk\/index.php\/wp-json\/wp\/v2\/posts"}],"about":[{"href":"https:\/\/www.e-anjelik.sk\/index.php\/wp-json\/wp\/v2\/types\/post"}],"author":[{"embeddable":true,"href":"https:\/\/www.e-anjelik.sk\/index.php\/wp-json\/wp\/v2\/users\/22"}],"replies":[{"embeddable":true,"href":"https:\/\/www.e-anjelik.sk\/index.php\/wp-json\/wp\/v2\/comments?post=3619"}],"version-history":[{"count":0,"href":"https:\/\/www.e-anjelik.sk\/index.php\/wp-json\/wp\/v2\/posts\/3619\/revisions"}],"wp:attachment":[{"href":"https:\/\/www.e-anjelik.sk\/index.php\/wp-json\/wp\/v2\/media?parent=3619"}],"wp:term":[{"taxonomy":"category","embeddable":true,"href":"https:\/\/www.e-anjelik.sk\/index.php\/wp-json\/wp\/v2\/categories?post=3619"},{"taxonomy":"post_tag","embeddable":true,"href":"https:\/\/www.e-anjelik.sk\/index.php\/wp-json\/wp\/v2\/tags?post=3619"}],"curies":[{"name":"wp","href":"https:\/\/api.w.org\/{rel}","templated":true}]}}