{"id":36242,"date":"2023-07-15T21:44:10","date_gmt":"2023-07-15T19:44:10","guid":{"rendered":"https:\/\/e-anjelik.sk\/?p=36242"},"modified":"2023-07-15T21:44:10","modified_gmt":"2023-07-15T19:44:10","slug":"spomienka-na-juraja-sarvasa","status":"publish","type":"post","link":"https:\/\/www.e-anjelik.sk\/index.php\/2023\/07\/15\/spomienka-na-juraja-sarvasa\/","title":{"rendered":"Spomienka na Juraja Sarva\u0161a"},"content":{"rendered":"\n<p>&nbsp; &nbsp; &nbsp; &nbsp; &nbsp; &nbsp; &nbsp; &nbsp; &nbsp; &nbsp; &nbsp; &nbsp; &nbsp; &nbsp; &nbsp; &nbsp; &nbsp; &nbsp;<strong>Pozdrav p\u00fatnikom na Bran\u010d<\/strong><\/p>\n\n\n\n<p><em>&nbsp;poslal v&nbsp;osobnom liste brat Juraj Sarva\u0161, ktor\u00fd sa v&nbsp;tomto roku nemohol&nbsp; 5.7.08 Slu\u017eieb Bo\u017e\u00edch z\u00fa\u010dastni\u0165.<\/em><\/p>\n\n\n\n<p><em>&nbsp;&nbsp; &nbsp; &nbsp; &nbsp; V\u0161etci moji mil\u00ed, \u010do v&nbsp;tejto chv\u00edli pod m\u00farmi sl\u00e1vneho hradu, ale aj hradu smutn\u00e9ho, po\u010d\u00favate ako vietor \u0161k\u00e1rami hradieb deje spom\u00edna a&nbsp;tie\u017e zbo\u017ene&nbsp; po\u010d\u00favate slovo svojich pastierov, vedzte, \u017ee som s&nbsp;Vami,<\/em><\/p>\n\n\n\n<ul class=\"wp-block-list\"><li><em>lebo \u010di v&nbsp;p\u00e1\u013eave, \u010di v&nbsp;da\u017edi, \u010di vo vetre som sa medzi Vami dobre c\u00edtil, na du\u0161i pookrial.<\/em><\/li><li><em>\u00c1no, ja som vyslovil to heslo, \u017ee \u017eijeme od Bran\u010da &#8211; do Bran\u010da a&nbsp;zrazu nem\u00f4\u017eem st\u00e1\u0165 s&nbsp;Vami pod kr\u00ed\u017eom. H\u013ea &#8211; \u010dlovek mieni, P\u00e1n Boh men\u00ed. Nem\u00f4\u017eem by\u0165 pod m\u00farmi Bran\u010da, lebo budem pod m\u00farmi starobyl\u00e9ho Dev\u00edna v&nbsp;ten ist\u00fd de\u0148, i&nbsp;pred kamerami Slovenskej telev\u00edzie moderova\u0165 i&nbsp;recitova\u0165 aj tak\u00e9to ver\u0161e: &nbsp; &nbsp;<\/em><\/li><\/ul>\n\n\n\n<p><em>&nbsp; &nbsp; &nbsp; &nbsp; &nbsp; &nbsp; &nbsp; &nbsp; &nbsp; \u010ci doma si, \u010di v&nbsp;cudzom svete,<\/em><\/p>\n\n\n\n<p><em>&nbsp; &nbsp; &nbsp; &nbsp; &nbsp; &nbsp; &nbsp; &nbsp; &nbsp; nad tebou v\u0161ade, v\u017edy je Boh.<\/em><\/p>\n\n\n\n<p><em>&nbsp; &nbsp; &nbsp; &nbsp; &nbsp; &nbsp; &nbsp; &nbsp; &nbsp; V\u0161ade a&nbsp;v\u017edy nech s\u00fa ti sv\u00e4t\u00e9<\/em><\/p>\n\n\n\n<p><em>&nbsp; &nbsp; &nbsp; &nbsp; &nbsp; &nbsp; &nbsp; &nbsp; &nbsp; i&nbsp;men\u00e1 t\u00fdchto bratov dvoch<\/em><\/p>\n\n\n\n<p><em>&nbsp; &nbsp; &nbsp; &nbsp; &nbsp; &nbsp; &nbsp; &nbsp; &nbsp; Cyrilovo a&nbsp;Metodovo.<\/em><\/p>\n\n\n\n<p><em>&nbsp; &nbsp; &nbsp; &nbsp; &nbsp; &nbsp; &nbsp; &nbsp; &nbsp; V\u017edy ucti si ich pamiatku!<\/em><\/p>\n\n\n\n<p><em>&nbsp; &nbsp; &nbsp; &nbsp; &nbsp; &nbsp; &nbsp; &nbsp; &nbsp; Ve\u010f oni s\u00fa to Bo\u017eie slovo<\/em><\/p>\n\n\n\n<p><em>&nbsp;&nbsp; &nbsp; &nbsp; &nbsp; &nbsp; &nbsp; &nbsp; &nbsp; &nbsp; na na\u0161om samom po\u010diatku.<\/em><\/p>\n\n\n\n<p><em>&nbsp;&nbsp; &nbsp; &nbsp; Ke\u010f p\u00ed\u0161em tieto riadky, e\u0161te neviem ak\u00e9 nadel\u00ed P\u00e1n Boh v&nbsp;sobotu po\u010dasie. Viem ale, \u017ee d\u00e1\u017edniky m\u00e1te so sebou. Tak\u017ee vytiahnu\u0165, roztiahnu\u0165, \u010di proti slnku, \u010di proti da\u017e\u010fu treba.<\/em><\/p>\n\n\n\n<p><em>&nbsp;&nbsp; &nbsp; &nbsp; A&nbsp;spievajte kr\u00e1sne, odu\u0161evnene, lebo b\u00e1snik povedal:<\/em><\/p>\n\n\n\n<p><em>&nbsp;&nbsp; &nbsp; &nbsp; &nbsp; &nbsp; &nbsp; &nbsp; &nbsp; &nbsp; &nbsp; &nbsp; A\u017e sa raz bud\u00fa spieva\u0165 piesne<\/em><\/p>\n\n\n\n<p><em>&nbsp;&nbsp; &nbsp; &nbsp; &nbsp; &nbsp; &nbsp; &nbsp; &nbsp; &nbsp; &nbsp; &nbsp; na ulici, \u010di v&nbsp;kostole,<\/em><\/p>\n\n\n\n<p><em>&nbsp;&nbsp; &nbsp; &nbsp; &nbsp; &nbsp; &nbsp; &nbsp; &nbsp; &nbsp; &nbsp; &nbsp; a\u017e \u013eudsk\u00e9 srdce povie presne<\/em><\/p>\n\n\n\n<p><em>&nbsp;&nbsp; &nbsp; &nbsp; &nbsp; &nbsp; &nbsp; &nbsp; &nbsp; &nbsp; &nbsp; &nbsp; na spovedi, \u010di pri stole,<\/em><\/p>\n\n\n\n<p><em>&nbsp;&nbsp; &nbsp; &nbsp; &nbsp; &nbsp; &nbsp; &nbsp; &nbsp; &nbsp; &nbsp; &nbsp; a\u017e b\u00e1se\u0148 bude spovednicou<\/em><\/p>\n\n\n\n<p><em>&nbsp;&nbsp; &nbsp; &nbsp; &nbsp; &nbsp; &nbsp; &nbsp; &nbsp; &nbsp; &nbsp; &nbsp; naj\u00faprimnej\u0161ej spovede,<\/em><\/p>\n\n\n\n<p><em>&nbsp;&nbsp; &nbsp; &nbsp; &nbsp; &nbsp; &nbsp; &nbsp; &nbsp; &nbsp; &nbsp; &nbsp; stane sa pies\u0148ou st\u00e1tis\u00edcov<\/em><\/p>\n\n\n\n<p><em>&nbsp;&nbsp; &nbsp; &nbsp; &nbsp; &nbsp; &nbsp; &nbsp; &nbsp; &nbsp; &nbsp; &nbsp; a&nbsp;k&nbsp;pokoju n\u00e1s povedie.<\/em><\/p>\n\n\n\n<p><em>&nbsp;Pozdravujem p\u00fatnikov z&nbsp;cel\u00e9ho srdca, zo v\u0161etk\u00fdch k\u00fatov na\u0161ej kr\u00e1snej vlasti.<\/em><\/p>\n\n\n\n<p><em>&nbsp;A&nbsp;aby som nezabudol: Dobr\u00fa chu\u0165 k&nbsp;podbran\u010dsk\u00e9mu gul\u00e1\u0161u!<\/em><\/p>\n\n\n\n<p><em>&nbsp;&nbsp; &nbsp; &nbsp; &nbsp; &nbsp; &nbsp; &nbsp; &nbsp; &nbsp; &nbsp; &nbsp; &nbsp; &nbsp; &nbsp; &nbsp; &nbsp; &nbsp; &nbsp; &nbsp; &nbsp; &nbsp; &nbsp; &nbsp; &nbsp; &nbsp; &nbsp; &nbsp; &nbsp; &nbsp; &nbsp; &nbsp; &nbsp; V\u00e1\u0161<\/em><\/p>\n\n\n\n<p>&nbsp;&nbsp; &nbsp; &nbsp; &nbsp; &nbsp; &nbsp; &nbsp; &nbsp; &nbsp; &nbsp; &nbsp; &nbsp; &nbsp; &nbsp; &nbsp; &nbsp; &nbsp; &nbsp; &nbsp; &nbsp; &nbsp; &nbsp; &nbsp; &nbsp; &nbsp; &nbsp; &nbsp; &nbsp; &nbsp; &nbsp; &nbsp; &nbsp; &nbsp; &nbsp; &nbsp; &nbsp; &nbsp; &nbsp; &nbsp; &nbsp; &nbsp; &nbsp; &nbsp; &nbsp; &nbsp; &nbsp; &nbsp; &nbsp; &nbsp; &nbsp; &nbsp; &nbsp; &nbsp; <strong>Juraj Sarva\u0161<\/strong><\/p>\n\n\n\n<p>2. j\u00fala ve\u010der v&nbsp;Bratislave v&nbsp;roku P\u00e1na 2008&nbsp; &nbsp; &nbsp;<\/p>\n","protected":false},"excerpt":{"rendered":"<p>&nbsp; &nbsp; &nbsp; &nbsp; &nbsp; &nbsp; &nbsp; &nbsp; &nbsp; &nbsp; &nbsp; &nbsp; &nbsp; &nbsp; &nbsp; &nbsp; &nbsp; &nbsp;Pozdrav p\u00fatnikom na Bran\u010d &nbsp;poslal v&nbsp;osobnom liste brat Juraj Sarva\u0161, ktor\u00fd sa v&nbsp;tomto roku nemohol&nbsp; 5.7.08 Slu\u017eieb Bo\u017e\u00edch z\u00fa\u010dastni\u0165. &nbsp;&nbsp; &nbsp; &nbsp; &nbsp; V\u0161etci moji mil\u00ed, \u010do v&nbsp;tejto chv\u00edli pod m\u00farmi sl\u00e1vneho hradu, ale aj hradu smutn\u00e9ho, po\u010d\u00favate &#8230; <a title=\"Spomienka na Juraja Sarva\u0161a\" class=\"read-more\" href=\"https:\/\/www.e-anjelik.sk\/index.php\/2023\/07\/15\/spomienka-na-juraja-sarvasa\/\" aria-label=\"Pre\u010d\u00edtajte si viac o Spomienka na Juraja Sarva\u0161a\">\u010c\u00edta\u0165 viac<\/a><\/p>\n","protected":false},"author":4,"featured_media":0,"comment_status":"open","ping_status":"open","sticky":false,"template":"","format":"standard","meta":{"footnotes":""},"categories":[4,193,6,165,95,69,558],"tags":[],"class_list":["post-36242","post","type-post","status-publish","format-standard","hentry","category-akcie","category-co-pisu-ini","category-myjavsky-seniorat","category-poezia-2","category-sobotiste","category-spominame","category-sviatok-konstantina-a-metoda"],"_links":{"self":[{"href":"https:\/\/www.e-anjelik.sk\/index.php\/wp-json\/wp\/v2\/posts\/36242","targetHints":{"allow":["GET"]}}],"collection":[{"href":"https:\/\/www.e-anjelik.sk\/index.php\/wp-json\/wp\/v2\/posts"}],"about":[{"href":"https:\/\/www.e-anjelik.sk\/index.php\/wp-json\/wp\/v2\/types\/post"}],"author":[{"embeddable":true,"href":"https:\/\/www.e-anjelik.sk\/index.php\/wp-json\/wp\/v2\/users\/4"}],"replies":[{"embeddable":true,"href":"https:\/\/www.e-anjelik.sk\/index.php\/wp-json\/wp\/v2\/comments?post=36242"}],"version-history":[{"count":1,"href":"https:\/\/www.e-anjelik.sk\/index.php\/wp-json\/wp\/v2\/posts\/36242\/revisions"}],"predecessor-version":[{"id":36243,"href":"https:\/\/www.e-anjelik.sk\/index.php\/wp-json\/wp\/v2\/posts\/36242\/revisions\/36243"}],"wp:attachment":[{"href":"https:\/\/www.e-anjelik.sk\/index.php\/wp-json\/wp\/v2\/media?parent=36242"}],"wp:term":[{"taxonomy":"category","embeddable":true,"href":"https:\/\/www.e-anjelik.sk\/index.php\/wp-json\/wp\/v2\/categories?post=36242"},{"taxonomy":"post_tag","embeddable":true,"href":"https:\/\/www.e-anjelik.sk\/index.php\/wp-json\/wp\/v2\/tags?post=36242"}],"curies":[{"name":"wp","href":"https:\/\/api.w.org\/{rel}","templated":true}]}}