{"id":36246,"date":"2023-07-17T17:23:53","date_gmt":"2023-07-17T15:23:53","guid":{"rendered":"https:\/\/e-anjelik.sk\/?p=36246"},"modified":"2024-07-05T09:21:36","modified_gmt":"2024-07-05T07:21:36","slug":"budme-verni-az-do-smrti","status":"publish","type":"post","link":"https:\/\/www.e-anjelik.sk\/index.php\/2023\/07\/17\/budme-verni-az-do-smrti\/","title":{"rendered":"Bu\u010fme vern\u00ed a\u017e do smrti"},"content":{"rendered":"\n<p><em>&nbsp; &nbsp; &nbsp; &nbsp; &nbsp; &nbsp; &nbsp; &nbsp;<\/em><strong> &nbsp; &nbsp; &nbsp; &nbsp; Bu\u010fme vern\u00ed a\u017e do smrti<\/strong><\/p>\n\n\n\n<p><em>Pr\u00ed\u010f, Pane, k n\u00e1m so svoj\u00edm jasom &#8211;<\/em><br><em>Osvie\u0165 n\u00e1m srdcia pln\u00e9 r\u00e1n!<\/em><br><em>Vol\u00e1me k Tebe siln\u00fdm hlasom &#8211;<\/em><br><em>Tmu za\u017ee\u0148, ve\u010f n\u00e1s v nebies stan!<\/em><br><em>Nech cel\u00fd \u017eivot n\u00e1\u0161 je \u017eit\u00edm,<\/em><br><em>V ktorom by pr\u00fadil svetla jas &#8211;<\/em><br><em>I cestou kr\u00ed\u017ea, vlnobit\u00edm,<\/em><br><em>Ty v svoje svetlo oble\u010d n\u00e1s! Amen<\/em><\/p>\n\n\n\n<p><strong>2 K 11, 21 &#8211; 33; 12, 7 &#8211; 10:<\/strong><\/p>\n\n\n\n<p>\u201c<em>Na svoju hanbu hovor\u00edm: v tomto ako by sme, ozaj, boli slab\u00ed!<\/em><\/p>\n\n\n\n<p><em>&nbsp; &nbsp; Ak si v\u0161ak niekto tr\u00fafa v nie\u010dom &#8211; nerozumne hovor\u00edm &#8211; tr\u00fafam si aj ja. (22) S\u00fa Hebrejci? Som aj ja! S\u00fa Izraelci? Som aj ja! S\u00fa potomci Abrah\u00e1movi? Som aj ja! (23) S\u00fa slu\u017eobn\u00edci Kristovi? Bl\u00e1znive hovor\u00edm: Tob\u00f4\u017e ja! &nbsp;<\/em><\/p>\n\n\n\n<p><em>&nbsp;&nbsp; &#8211; Viac som sa napracoval, viac na\u00fapel vo v\u00e4zeniach, viac nazv\u00edjal pod korb\u00e1\u010dmi, \u010dasto som bol v nebezpe\u010denstve smrti! (24) P\u00e4\u0165 kr\u00e1t po \u0161tyridsa\u0165 pal\u00edc bez jednej dostal som od \u017didov, (25) tri kr\u00e1t ma zo\u0161\u013eahali, raz kame\u0148ovali, tri razy som stroskotal, de\u0148 a noc som sa zmietal na morsk\u00fdch hlbin\u00e1ch; (26) \u010dasto na cest\u00e1ch, v nebezpe\u010denstv\u00e1ch na riekach, v nebezpe\u010denstv\u00e1ch od lotrov, v nebezpe\u010denstv\u00e1ch od vlastn\u00e9ho rodu, v nebezpe\u010denstv\u00e1ch od pohanov, v nebezpe\u010denstv\u00e1ch v meste, v nebezpe\u010denstv\u00e1ch na p\u00fa\u0161ti, v nebezpe\u010denstv\u00e1ch na mori, v nebezpe\u010denstv\u00e1ch medzi falo\u0161n\u00fdmi bratmi; (27) v n\u00e1mahe a trude, \u010dasto o bden\u00ed, o hlade a sm\u00e4de, \u010dasto v p\u00f4stoch, na zime a v nahote; (28) a okrem toho, &#8211; \u010do ani nespom\u00ednam, &#8211; de\u0148 po de\u0148 n\u00e1val starost\u00ed o v\u0161etky cirkevn\u00e9 zbory. (29) Kto umdlieva, \u017ee by som ja neumdlieval? Kto je vystaven\u00fd pohor\u0161eniu, \u017eeby to m\u0148a nep\u00e1lilo?&nbsp;<\/em><\/p>\n\n\n\n<p><em>&nbsp;&nbsp; (30) Ale, ak sa m\u00e1m chv\u00e1li\u0165, svojou slabos\u0165ou sa budem chv\u00e1li\u0165. (31) Boh a Otec P\u00e1na Je\u017ei\u0161a Krista, po\u017eehnan\u00fd naveky, vie, \u017ee neklamem. (32) V Damasku miestodr\u017eite\u013e kr\u00e1\u013ea Areta str\u00e1\u017eil mesto Damask, aby ma chytil, (33) ale v ko\u0161i ma pustili oknom cez hradby, a tak som unikol jeho ruk\u00e1m.<\/em><\/p>\n\n\n\n<p><em>&nbsp;&nbsp; \u2026(12, 7) a aj pre neoby\u010dajnos\u0165 zjaven\u00ed. Preto, aby som sa nepovy\u0161oval, bol mi dan\u00fd oste\u0148 do tela, anjel-satan, depta\u0165 ma, aby som sa nepovy\u0161oval. (8) Tri razy som prosil P\u00e1na, aby ho odstr\u00e1nil odo m\u0148a, (9) ale riekol mi: Dos\u0165 m\u00e1\u0161 na mojej milosti; lebo moja moc sa v slabosti dokon\u00e1va. Najrad\u0161ej sa teda budem chv\u00e1li\u0165 slabos\u0165ami, aby&nbsp; preb\u00fdvala vo mne moc Kristova. (10) Preto m\u00e1m za\u013e\u00fabenie v slabostiach, pohan\u00e1ch, s\u00fa\u017eeniach, prenasledovaniach, v \u00fazkostiach pre Krista; lebo pr\u00e1ve ke\u010f mdliem, som mocn\u00fd\u201d. Amen<\/em><\/p>\n\n\n\n<p>&nbsp;&nbsp; &nbsp; Mil\u00ed bratia a sestry v P\u00e1novi Je\u017ei\u0161ovi Kristovi!<\/p>\n\n\n\n<p>\u00a0\u00a0 \u00a0 Sv\u00e4t\u00edme sviatok apo\u0161tolov Petra a Pavla. Ka\u017ed\u00fd z nich bol\u00a0 celkom in\u00fd, ale obaja patrili k st\u013apom a opor\u00e1m cirkvi. Patria k nim aj dnes a bud\u00fa aj v bud\u00facnosti. Napriek ich ve\u013ekosti a v\u00fdznamu pre cirkev, nie je oslava t\u00fdchto apo\u0161tolov v cirkvi to prvorad\u00e9, \u010do m\u00e1me dnes na mysli. Na\u0161a spomienka a oslava Petra a Pavla je toti\u017e na prvom mieste oslavou Toho, v ktor\u00e9ho aj oni uverili, Toho &#8211; ktor\u00e9mu odovzdali svoj \u017eivot a v ktor\u00e9ho slu\u017ebe verne, a\u017e do svojej mu\u010den\u00edckej smrti st\u00e1li. Je to P\u00e1n cirkvi, Bo\u017e\u00ed syn a Spasite\u013e Je\u017ei\u0161 Kristus. Preto hovori\u0165 o Petrovi a Pavlovi znamen\u00e1 pre n\u00e1s hovori\u0165 o Je\u017ei\u0161ovi.<\/p>\n\n\n\n<p>&nbsp;&nbsp; Za oboch apo\u0161tolov to vyjadril a nap\u00edsal Pavol takto: <em>\u201c Lebo ja znaky Je\u017ei\u0161ove nos\u00edm na tele\u201d. <\/em>\u010co t\u00fdm Pavel myslel?&nbsp;<\/p>\n\n\n\n<p>Mal azda na svojom tele krvav\u00e9 znaky Je\u017ei\u0161ov\u00fdch r\u00e1n (tzv.stigmy) ako to niekedy vid\u00edme v m\u00faze\u00e1ch na obrazoch niektor\u00fdch sv\u00e4tcov?<\/p>\n\n\n\n<p>To je ve\u013emi m\u00e1lo pravdepodobn\u00e9. &#8211; Myslel sn\u00e1\u010f Pavel na znaky v podobe nejak\u00e9ho monogramu Je\u017ei\u0161a Krista? Ani o ni\u010do tak\u00e9 sa nejedn\u00e1.&nbsp;<\/p>\n\n\n\n<p>&nbsp;&nbsp; &nbsp; Je ve\u013emi pravdepodobn\u00e9, \u017ee Pavel myslel na rany, ktor\u00e9 ut\u0155\u017eil pri bi\u010dovan\u00ed pre meno Je\u017ei\u0161ovo. V liste korintsk\u00fdm sme o tom mnoho po\u010duli. To, \u010do vytrpel on &#8211; a\u017e po svoju mu\u010den\u00edcku smr\u0165 &#8211; je svedectvom o tom, \u017ee vedel v koho uveril, komu naplno patril, kto je Jeho P\u00e1nom. T\u00fdm je na kr\u00ed\u017ei ukri\u017eovan\u00fd Je\u017ei\u0161 Nazaretsk\u00fd.<\/p>\n\n\n\n<p>\u00a0 \u00a0 Samozrejme, ak boli Pavol, Peter a mnoh\u00ed \u010fal\u0161\u00ed kres\u0165ania\u00a0 bi\u010dovan\u00ed, prenasledovan\u00ed a v\u0161elijako tr\u00e1pen\u00ed, neznamen\u00e1 to, \u017ee boli zlo\u010dinci, alebo sp\u00e1chali nie\u010do zl\u00e9 a tak si trest zasl\u00fa\u017eili. Ale tak, ako nevinne trpel pred Pil\u00e1tom a na kr\u00ed\u017ei Je\u017ei\u0161 o ktorom je nap\u00edsan\u00e9, \u017ee: <em>\u201ckade chodil, tade dobre \u010dinil v\u0161etk\u00fdm\u201d a <\/em>prin\u00e1\u0161al pokoj a nov\u00fd \u017eivot v\u0161etk\u00fdm, tak boli prenasledovan\u00ed aj Jeho u\u010den\u00edci a apo\u0161tolovia. Vykonan\u00e9 dobro by azda boli \u017eidia Je\u017ei\u0161ovi e\u0161te odpustili. Ke\u010f predivne nas\u00fdtil chlebom a rybami z\u00e1stupy, chceli ho niektor\u00ed dokonca urobi\u0165 svojim zemsk\u00fdm kr\u00e1\u013eom. To, \u010do v\u0161ak nedok\u00e1zali Je\u017ei\u0161ovi odpusti\u0165, bola skuto\u010dnos\u0165, \u017ee \u017eiadal a o\u010dak\u00e1val vieru v seba ako Syna Bo\u017eieho a potom aj vern\u00e9 nasledovanie.<\/p>\n\n\n\n<p>&nbsp; &nbsp; Podobn\u00fdm sp\u00f4sobom boli trestan\u00ed aj t\u00ed, ktor\u00ed P\u00e1novo povolanie a poverenie k hl\u00e1saniu viery v Je\u017ei\u0161a prijali a plnili Jeho misijn\u00fd pr\u00edkaz. Preto Pavel spom\u00edna: v\u00e4zenie, \u00fadery, 39 pal\u00edc bez jednej, kame\u0148ovanie a \u010fal\u0161ie z\u00e1kroky, ktor\u00e9 n\u00e1m dnes vyr\u00e1\u017eaj\u00fa dych\u2026<\/p>\n\n\n\n<p>Ke\u010f sa zajtra skon\u010d\u00ed \u0161kolsk\u00fd rok a \u017eiaci prines\u00fa domov vysved\u010denia, ohodnotenie svojej pr\u00e1ce, usilovnosti a slu\u0161nosti, o\u010dak\u00e1va sa, \u017ee dobr\u00e9 z\u00e1mky bud\u00fa v ich rodine odmenen\u00e9. \u010ci a ako bud\u00fa odmenen\u00ed ne\u00faspe\u0161n\u00ed \u017eiaci nevieme, ale sotva sa stane, \u017ee by bol niekto potrestan\u00fd za dobr\u00e9 vysved\u010denie a chovanie.<\/p>\n\n\n\n<p>&nbsp; &nbsp; Apo\u0161tolovia Peter a Pavel, ale aj \u010fal\u0161\u00ed boli vo svojej pr\u00e1ci a pre slu\u017ebu pri hl\u00e1san\u00ed evanjelia horliv\u00ed a \u00faspe\u0161n\u00ed, ale ich \u201codmena\u201d zo strany sveta bola trpk\u00e1 a v kone\u010dnom d\u00f4sledku znamenala mu\u010den\u00edcku korunu.<\/p>\n\n\n\n<p>\u00a0\u00a0 Znakom vernosti a d\u00f4very v P\u00e1na Je\u017ei\u0161a Krista je v\u0161ak to, \u010do je mo\u017eno pre mnoh\u00fdch nepochopite\u013en\u00e9: obaja pova\u017eovali svoje vlastn\u00e9 utrpenie pre Krista za vyznamenanie, za najlep\u0161ie vysved\u010denie, ktor\u00e9 mohli dosta\u0165. Naopak, priate\u013estvo sveta a so svetom by bolo b\u00fdvalo zl\u00fdm svedectvom o ich apo\u0161tolskej pr\u00e1ci.<\/p>\n\n\n\n<p>Oni nielen hl\u00e1sali, ale aj sami pod\u013ea zvestovan\u00e9ho slova aj \u017eili, vediac: <em>\u201dKe\u010f m\u00e1li\u010dko potrp\u00edte, kynie v\u00e1m ve\u013ek\u00e1 odmena\u201d. <\/em>Nie zo strany sveta, ale od P\u00e1na Je\u017ei\u0161a Krista.<\/p>\n\n\n\n<p>&nbsp; &nbsp; Bratia a sestry!<\/p>\n\n\n\n<p>&nbsp;&nbsp; My sme znovu a znovu a pri sviatku apo\u0161tolov &#8211; nielen Petra a Pavla, ale aj in\u00fdch, a napr\u00edklad aj pri sviatku diakona \u0160tefana, volan\u00ed k tomu, aby sme nasledovali ich vieru, vernos\u0165 a stato\u010dnos\u0165 v boji s neveriacim svetom. Preto\u017ee zloba svet sa \u010dasto vo\u010di kres\u0165anom prejav\u00ed diskrimin\u00e1ciou, posmechom, na cti ut\u0155han\u00edm, alebo aj otvoren\u00fdm prenasledovan\u00edm. Tak\u00fdm sp\u00f4sobom aj my sami m\u00f4\u017eeme nies\u0165 Je\u017ei\u0161ove znaky na svojom tele.&nbsp;<\/p>\n\n\n\n<p>&nbsp;&nbsp; Na\u0161i evanjelick\u00ed predkovia s\u00fa n\u00e1m dodnes vz\u00e1cnym pr\u00edkladom, hodn\u00fdm nasledovania. S ve\u013ekou odvahou a obe\u0165ami zotrv\u00e1vali v poznanej pravde evanjelia, neraz a\u017e po <em>\u201c hrdl\u00e1, \u010des\u0165 a majetok\u201d,<\/em> v istote viery, \u017ee t\u00ed \u010do ich pripravovali o \u017eivot a majetok &#8211; <em>\u201cni\u010d t\u00fdm nez\u00edskaj\u00fa, nebes\u00e1 n\u00e1m nechaj\u00fa\u201d<\/em>.<\/p>\n\n\n\n<p><em>\u00a0 \u00a0 V\u010dera som po\u010d\u00faval rel\u00e1ciu v rozlhase o tom, \u010di bra\u0165,ale nebra\u0165 mal\u00e9 deti na pohreb. Odpor\u00fa\u010dan\u00e9 bolo, \u017ee rad\u0161ej nie, aby neutrpeli \u0161ok. A ak sa u\u017e predsa maj\u00fa vyrovna\u0165 so smr\u0165ou svojich bl\u00edzkych,<\/em><em>vraj m\u00f4\u017eu aj ateisti poveda\u0165, \u017ee:\u201d ich bl\u00edzky s\u00fa v nebi a \u017ee sa na nich pozeraj\u00fa\u201d\u2026<\/em><\/p>\n\n\n\n<p><em>&nbsp;&nbsp; <\/em>Tak sa zd\u00e1, \u017ee u\u017e ani tie nebes\u00e1 n\u00e1m nechc\u00fa necha\u0165. Je to prejav toho, \u017ee aj <em>\u201ckr\u00e1\u013eovstvo nebesk\u00e9 trp\u00ed n\u00e1silie a\u017e dosia\u013e\u201d<\/em>, preto vid\u00edme aj n\u00e1siln\u00e9 vlamovanie sa do neho zo strany popiera\u010dov Krista P\u00e1na.<\/p>\n\n\n\n<p>\u00a0\u00a0 \u00a0 Ak by chcel dnes niekto z kres\u0165anov chcel nies\u0165 na tele znaky utrpenia a na tv\u00e1ri p\u013euvance, sta\u010d\u00ed, ak povie, \u017ee man\u017eelstvo je zv\u00e4zok len jedn\u00e9ho mu\u017ea a jednej \u017eeny, alebo \u017ee deti maj\u00fa pr\u00e1vo na \u017eivot od po\u010datia\u2026Parlamenty a tvorcovia z\u00e1konov na Bo\u017eie pr\u00e1va nedbaj\u00fa a vernos\u0165 Bo\u017eiemu a Je\u017ei\u0161ovmu slovu \u201codme\u0148uj\u00fa\u201d nie s\u00edce smr\u0165ou, ale medi\u00e1lnou \u0161ikanou a r\u00f4znymi hrozbami a sankciami.<\/p>\n\n\n\n<p>&nbsp; &nbsp; Bratia a sestry v P\u00e1novi!<\/p>\n\n\n\n<p>\u00a0 \u00a0 My sa samozrejme nechceme a nem\u00e1me povy\u0161ova\u0165 nad in\u00fdch. Ka\u017ed\u00fd z n\u00e1s osobne, ale aj cel\u00e1 cirkev spolo\u010dne vie a vyzn\u00e1va: <em>Kto neberie svoj kr\u00ed\u017e na seba a nenasleduje tak svojho P\u00e1na, nie je\u00a0 Ho hoden! <\/em>My iste smieme prosi\u0165 aj o zlo\u017eenie kr\u00ed\u017ea z na\u0161ich pliec, alebo prosi\u0165 o to, aby n\u00e1m P\u00e1n dali silu <em>\u201c nies\u0165 svoj kr\u00ed\u017e krotko za Kristom\u201d. <\/em>Mus\u00edme v\u0161ak v\u017edy nanovo vedie\u0165 poveda\u0165 s P\u00e1nom Je\u017ei\u0161om: <em>\u201d Ale nie ako ja chcem, ale ako Ty &#8211; Ot\u010de\u201d. <\/em>A m\u00e1me pam\u00e4ta\u0165 aj na to, \u017ee na na\u0161e modlitby a prosby m\u00f4\u017ee n\u00e1\u0161 P\u00e1n poveda\u0165 to, ako povedal Pavlovi: <em>\u201cDos\u0165 m\u00e1\u0161 na mojej milosti\u2026lebo moja moc sa v slabosti dokon\u00e1va\u201d\u00a0<\/em><\/p>\n\n\n\n<p><em>&nbsp; &nbsp; <\/em>Mo\u017eno ak by bol Pavel b\u00fdval zdrav\u0161\u00ed a silnej\u0161\u00ed, bol by urobil e\u0161te viac pre Bo\u017eie kr\u00e1\u013eovstvo. Ale ak by bol spy\u0161nel honosiac sa svojou slu\u017ebou a z\u00e1sluhami, tak by ohrozil spasenie nielen svoje, ale aj t\u00fdch, ktor\u00ed ho po\u010d\u00favali. Pre n\u00e1s je v tomto s\u00favise d\u00f4le\u017eit\u00e9 uvedomi\u0165 si, \u017ee P\u00e1n Je\u017ei\u0161 chce a m\u00f4\u017ee vo svojej slu\u017ebe pou\u017ei\u0165 ka\u017ed\u00e9ho: zdrav\u00e9ho, ale i chor\u00e9ho, siln\u00e9ho i slab\u00e9ho, dospel\u00e9ho i die\u0165a\u2026V Bo\u017eom pl\u00e1ne je miesto pri budovan\u00ed kr\u00e1\u013eovstva Bo\u017eieho pre ka\u017ed\u00e9ho. Je iba jedno krit\u00e9rium, aby na\u0161a slu\u017eba bola po\u017eehnan\u00e1 a \u00faspe\u0161n\u00e1: toti\u017e, aby ka\u017ed\u00fd z n\u00e1s bol vern\u00fd! Vern\u00fd Je\u017ei\u0161ovi ako P\u00e1novi cirkvi. Pavlova sk\u00fasenos\u0165 a odkaz je jasn\u00fd: <em>\u201cPr\u00e1ve vtedy, ke\u010f umdlievam &#8211; som mocn\u00fd\u2026\u201d<\/em>. Vtedy sa Pavel spoliehal skuto\u010dne naplno na Je\u017ei\u0161ovu milos\u0165 a silu a nie na seba, alebo ak\u00e9ko\u013evek in\u00e9 sily.<\/p>\n\n\n\n<p>&nbsp; &nbsp; Preto pr\u00edjmime odkaz a svedectvo prv\u00fdch budovate\u013eov kr\u00e1\u013eovstva Bo\u017eieho a kres\u0165anskej cirkvi na zemi. Ne\u013eakajme sa na\u0161ich slabost\u00ed, ani \u017eiadnych zl\u00fdch mocnost\u00ed. Ani neprece\u0148ujme svoje schopnosti, ale pevne d\u00f4verujme P\u00e1novi cirkvi, Jeho moci a Jeho zas\u013e\u00fabeniam. Bu\u010fme vern\u00ed a\u017e do smrti, aby sme aj my z\u00edskali veniec \u017eivota ve\u010dn\u00e9ho. Amen<\/p>\n\n\n\n<p>&nbsp; &nbsp; Sviatok apo\u0161tolov Petra a Pavla &#8211; Myjava 2023 &#8211; Mgr.\u013dubom\u00edr Batka<\/p>\n","protected":false},"excerpt":{"rendered":"<p>&nbsp; &nbsp; &nbsp; &nbsp; &nbsp; &nbsp; &nbsp; &nbsp; &nbsp; &nbsp; &nbsp; &nbsp; Bu\u010fme vern\u00ed a\u017e do smrti Pr\u00ed\u010f, Pane, k n\u00e1m so svoj\u00edm jasom &#8211;Osvie\u0165 n\u00e1m srdcia pln\u00e9 r\u00e1n!Vol\u00e1me k Tebe siln\u00fdm hlasom &#8211;Tmu za\u017ee\u0148, ve\u010f n\u00e1s v nebies stan!Nech cel\u00fd \u017eivot n\u00e1\u0161 je \u017eit\u00edm,V ktorom by pr\u00fadil svetla jas &#8211;I cestou kr\u00ed\u017ea, vlnobit\u00edm,Ty v &#8230; <a title=\"Bu\u010fme vern\u00ed a\u017e do smrti\" class=\"read-more\" href=\"https:\/\/www.e-anjelik.sk\/index.php\/2023\/07\/17\/budme-verni-az-do-smrti\/\" aria-label=\"Pre\u010d\u00edtajte si viac o Bu\u010fme vern\u00ed a\u017e do smrti\">\u010c\u00edta\u0165 viac<\/a><\/p>\n","protected":false},"author":4,"featured_media":0,"comment_status":"open","ping_status":"open","sticky":false,"template":"","format":"standard","meta":{"footnotes":""},"categories":[121,118,566,95],"tags":[],"class_list":["post-36246","post","type-post","status-publish","format-standard","hentry","category-kazne","category-myjava","category-petra-a-pavla","category-sobotiste"],"_links":{"self":[{"href":"https:\/\/www.e-anjelik.sk\/index.php\/wp-json\/wp\/v2\/posts\/36246","targetHints":{"allow":["GET"]}}],"collection":[{"href":"https:\/\/www.e-anjelik.sk\/index.php\/wp-json\/wp\/v2\/posts"}],"about":[{"href":"https:\/\/www.e-anjelik.sk\/index.php\/wp-json\/wp\/v2\/types\/post"}],"author":[{"embeddable":true,"href":"https:\/\/www.e-anjelik.sk\/index.php\/wp-json\/wp\/v2\/users\/4"}],"replies":[{"embeddable":true,"href":"https:\/\/www.e-anjelik.sk\/index.php\/wp-json\/wp\/v2\/comments?post=36246"}],"version-history":[{"count":3,"href":"https:\/\/www.e-anjelik.sk\/index.php\/wp-json\/wp\/v2\/posts\/36246\/revisions"}],"predecessor-version":[{"id":36908,"href":"https:\/\/www.e-anjelik.sk\/index.php\/wp-json\/wp\/v2\/posts\/36246\/revisions\/36908"}],"wp:attachment":[{"href":"https:\/\/www.e-anjelik.sk\/index.php\/wp-json\/wp\/v2\/media?parent=36246"}],"wp:term":[{"taxonomy":"category","embeddable":true,"href":"https:\/\/www.e-anjelik.sk\/index.php\/wp-json\/wp\/v2\/categories?post=36246"},{"taxonomy":"post_tag","embeddable":true,"href":"https:\/\/www.e-anjelik.sk\/index.php\/wp-json\/wp\/v2\/tags?post=36246"}],"curies":[{"name":"wp","href":"https:\/\/api.w.org\/{rel}","templated":true}]}}