{"id":36261,"date":"2023-09-05T08:10:33","date_gmt":"2023-09-05T06:10:33","guid":{"rendered":"https:\/\/e-anjelik.sk\/?p=36261"},"modified":"2023-09-05T08:10:33","modified_gmt":"2023-09-05T06:10:33","slug":"5-september-1673","status":"publish","type":"post","link":"https:\/\/www.e-anjelik.sk\/index.php\/2023\/09\/05\/5-september-1673\/","title":{"rendered":"5. september 1673"},"content":{"rendered":"\n<p><em>Na de\u0148 5. septembra r. 1673 predvolali pred n\u00e1hly s\u00fad pre\u0161porsk\u00fd 34 k\u0148azov a u\u010dite\u013eov, zv\u00e4\u010d\u0161a z bansk\u00fdch miest, a troch superintendentov: Joachima Kalinku, Martina Tarn\u00f3czyho a \u0160tefana Feketeho. V teraj\u0161om primacion\u00e1lnom pal\u00e1ci zasedal krvav\u00fd s\u00fad. Predsedom s\u00fadu bol arcibiskup ostrihomsk\u00fd Juraj Szelepcs\u00e9nyi; pr\u00edsediacimi sudcami z duchovn\u00e9ho stavu: Juraj Kollonics, predseda uhorskej komory a biskup viedensko-novomestsk\u00fd; \u0160tefan Klobusiczky, biskup p\u00e4tikostolsk\u00fd; Peter Korompay, biskup a op\u00e1t sv. Petra a Pavla de Kach; \u0160tefan Balogh, kapituln\u00edk z Trnavy; J\u00e1n Laps\u00e1nszky, tajomn\u00edk; zo svetsk\u00e9ho stavu: Adam Forg\u00e1ch, kur. sudca; Juraj Ill\u00e9sh\u00e1zy, pr\u00edsediaci kr\u00e1\u013e. tabule; \u0160tefan Sz\u00e9chy, str\u00e1\u017eca koruny; J\u00e1n Majth\u00e9nyi, person\u00e1l; Valentin Balassa, Valent\u00edn Szente, miestodr\u017eite\u013e; \u0160tefan Mor\u00f3cz, n\u00e1mestok kur. sudcu; Pavel Medny\u00e1nszky, protonot\u00e1r; Pavel Orb\u00e1n, protonot\u00e1r; Fra\u0148o Nagy, Juraj Terszty\u00e1nszky a verejn\u00fd \u017ealobn\u00edk Majl\u00e1th.<\/em><\/p>\n\n\n\n<p><em>Ke\u010f sa t\u00fdmto \u201ekres\u0165ansk\u00fdm\u201c sudcom vydarila pr\u00e1ca nad o\u010dak\u00e1vanie, a mnoh\u00e9 evanjelick\u00e9 sbory staly sa koris\u0165ou jezuitov, v\u0161etky majetky cirkevno-\u0161kolsk\u00e9 pre\u0161ly do r\u00fak n\u00e1siln\u00edkov, \u2014 aby bol i posledn\u00fd klin vrazen\u00fd do zhotovenej rakvi pre cirkev evanjelick\u00fa, sostavil Szelepcs\u00e9nyi e\u0161te jedon nov\u00fd s\u00fad a na 5. marca 1674 predvolal v\u0161etk\u00fdch ostatn\u00fdch protestantsk\u00fdch k\u0148azov, u\u010dite\u013eov, ba aj \u0161tudentov. Predvolan\u00fdch bolo pod\u013ea jedn\u00fdch zpr\u00e1v 193 luter\u00e1nskych a 57 kalv\u00ednskych, d\u013ea in\u00fdch zpr\u00e1v okolo 400 k\u0148azov. \u010clenmi tohoto posledn\u00e9ho s\u00fadu boli \u2014 okrem menovan\u00fdch z predo\u0161l\u00e9ho s\u00fadu \u2014: Tom\u00e1\u0161 P\u00e1lfy, nitriansky biskup; \u0160tefan Szenn, vespr\u00edmsky biskup; Melchior Kerekessy, mo\u0161o\u0148sk\u00fd pod\u017eupan; Michal Vally, not\u00e1r ostrihomskej kapituly; Juraj T\u00f6er\u00f6ek, pr\u00edsediaci kr\u00e1\u013e. tabuly; Mikul\u00e1\u0161 P\u00e1lffy, str\u00e1\u017eca koruny; J\u00e1n Anton P\u00e1lffy, Juraj Erd\u0151dy, Andrej Poszti, protonot\u00e1r. Verejn\u00fdm \u017ealobn\u00edkom bol zasa Mikul\u00e1\u0161 Majl\u00e1th. (\u00faryvok z knihy: J\u00e1n Drobn\u00fd &#8211; Mart\u00fdri)<\/em><\/p>\n\n\n\n<p>U\u017e d\u00e1vno ktosi povedal, \u017ee dejiny s\u00fa u\u010dite\u013ekou \u017eivota. A ke\u010f sa to hovor\u00ed o dejin\u00e1ch<br>v\u0161eobecne, t\u00fdm viac to plat\u00ed o dejin\u00e1ch cirkvi. Ony n\u00e1m predstavuj\u00fa obrazy dejov, z ktor\u00fdch sa m\u00e1me u\u010di\u0165 pre n\u00e1\u0161 \u017eivot. A menovite dejiny Kristovej cirkvi v Uhorsku s\u00fa bohat\u00e9 na prenikav\u00e9 v\u00fdjavy a pou\u010dn\u00e9 udalosti, z ktor\u00fdch sa u\u010d\u00edme zvl\u00e1\u0161\u0165 tomu, ako mnoh\u00ed na\u0161i ctihodn\u00ed predkovia pretrpeli pre svoju vieru a vernos\u0165 k svojej evanjelickej cirkvi. Tieto dejiny n\u00e1m predstavuj\u00fa na\u0161u cirkev ako cirkev mu\u010den\u00edcku, a napom\u00ednaj\u00fa n\u00e1s d\u00f4razne a prenikavo, aby sme si v\u00e1\u017eili drah\u00e9, mnoh\u00fdm utrpen\u00edm a nejednou mu\u010den\u00edckou smr\u0165ou vydobyt\u00e9 a zachovan\u00e9 otcovsk\u00e9 dedi\u010dstvo.<\/p>\n\n\n\n<p>Pokoj V\u00e1m!!<\/p>\n","protected":false},"excerpt":{"rendered":"<p>Na de\u0148 5. septembra r. 1673 predvolali pred n\u00e1hly s\u00fad pre\u0161porsk\u00fd 34 k\u0148azov a u\u010dite\u013eov, zv\u00e4\u010d\u0161a z bansk\u00fdch miest, a troch superintendentov: Joachima Kalinku, Martina Tarn\u00f3czyho a \u0160tefana Feketeho. V teraj\u0161om primacion\u00e1lnom pal\u00e1ci zasedal krvav\u00fd s\u00fad. Predsedom s\u00fadu bol arcibiskup ostrihomsk\u00fd Juraj Szelepcs\u00e9nyi; pr\u00edsediacimi sudcami z duchovn\u00e9ho stavu: Juraj Kollonics, predseda uhorskej komory a biskup &#8230; <a title=\"5. september 1673\" class=\"read-more\" href=\"https:\/\/www.e-anjelik.sk\/index.php\/2023\/09\/05\/5-september-1673\/\" aria-label=\"Pre\u010d\u00edtajte si viac o 5. september 1673\">\u010c\u00edta\u0165 viac<\/a><\/p>\n","protected":false},"author":3,"featured_media":0,"comment_status":"open","ping_status":"open","sticky":false,"template":"","format":"standard","meta":{"footnotes":""},"categories":[1],"tags":[],"class_list":["post-36261","post","type-post","status-publish","format-standard","hentry","category-adventna-modlitba"],"_links":{"self":[{"href":"https:\/\/www.e-anjelik.sk\/index.php\/wp-json\/wp\/v2\/posts\/36261","targetHints":{"allow":["GET"]}}],"collection":[{"href":"https:\/\/www.e-anjelik.sk\/index.php\/wp-json\/wp\/v2\/posts"}],"about":[{"href":"https:\/\/www.e-anjelik.sk\/index.php\/wp-json\/wp\/v2\/types\/post"}],"author":[{"embeddable":true,"href":"https:\/\/www.e-anjelik.sk\/index.php\/wp-json\/wp\/v2\/users\/3"}],"replies":[{"embeddable":true,"href":"https:\/\/www.e-anjelik.sk\/index.php\/wp-json\/wp\/v2\/comments?post=36261"}],"version-history":[{"count":1,"href":"https:\/\/www.e-anjelik.sk\/index.php\/wp-json\/wp\/v2\/posts\/36261\/revisions"}],"predecessor-version":[{"id":36262,"href":"https:\/\/www.e-anjelik.sk\/index.php\/wp-json\/wp\/v2\/posts\/36261\/revisions\/36262"}],"wp:attachment":[{"href":"https:\/\/www.e-anjelik.sk\/index.php\/wp-json\/wp\/v2\/media?parent=36261"}],"wp:term":[{"taxonomy":"category","embeddable":true,"href":"https:\/\/www.e-anjelik.sk\/index.php\/wp-json\/wp\/v2\/categories?post=36261"},{"taxonomy":"post_tag","embeddable":true,"href":"https:\/\/www.e-anjelik.sk\/index.php\/wp-json\/wp\/v2\/tags?post=36261"}],"curies":[{"name":"wp","href":"https:\/\/api.w.org\/{rel}","templated":true}]}}