{"id":36266,"date":"2023-09-15T01:01:10","date_gmt":"2023-09-14T23:01:10","guid":{"rendered":"https:\/\/e-anjelik.sk\/?p=36266"},"modified":"2023-09-15T01:01:10","modified_gmt":"2023-09-14T23:01:10","slug":"hody-na-podbranci-uryvok-kazne-z-r-1985","status":"publish","type":"post","link":"https:\/\/www.e-anjelik.sk\/index.php\/2023\/09\/15\/hody-na-podbranci-uryvok-kazne-z-r-1985\/","title":{"rendered":"Hody na Podbran\u010di -\u00faryvok k\u00e1zne z r.1985"},"content":{"rendered":"\n<p><em>&nbsp;&nbsp;<\/em><strong><em> Hody na Podbran\u010di<\/em><\/strong><em> &#8211; \u00faryvok z k\u00e1zne v.r. 1985<\/em><\/p>\n\n\n\n<p><em>Pane, za Slovo milosti<\/em><\/p>\n\n\n\n<p><em>my v\u010faky vzd\u00e1vame &#8211;<\/em><\/p>\n\n\n\n<p><em>nech vedie k pravej m\u00fadrosti &#8211;<\/em><\/p>\n\n\n\n<p><em>v pokore \u017eiadame.<\/em><\/p>\n\n\n\n<p><em>To nekone\u010dn\u00e9 bohatstvo<\/em><\/p>\n\n\n\n<p><em>je pre n\u00e1s pripraven\u00e9 &#8211;<\/em><\/p>\n\n\n\n<p><em>a Pravdy Tvojej v\u00ed\u0165azstvo<\/em><\/p>\n\n\n\n<p><em>n\u00e1s v nov\u00e9 boje \u017eenie\u2026<\/em><\/p>\n\n\n\n<p><em>\u00d3 pros\u00edme, daj bojova\u0165<\/em><\/p>\n\n\n\n<p><em>udatne pre svet nov\u00fd-<\/em><\/p>\n\n\n\n<p><em>ku Tebe sa v\u017edy verne zna\u0165 &#8211;<\/em><\/p>\n\n\n\n<p><em>ku svojmu Je\u017ei\u0161ovi!&nbsp; Amen (M.R.)<\/em><\/p>\n\n\n\n<p><strong>2 Tim 3, 14&nbsp; &#8211; 17:<\/strong><\/p>\n\n\n\n<p><em>&nbsp;&nbsp; \u201c Ty v\u0161ak zost\u00e1vaj v tom, \u010domu si sa nau\u010dil,&nbsp; &#8211; (15) a \u017ee od detstva zn\u00e1\u013e sv\u00e4t\u00e9 P\u00edsma, ktor\u00e9 \u0165a m\u00f4\u017eu u\u010dini\u0165 m\u00fadrym na spasenie vierou v Krista Je\u017ei\u0161a. ( 16) Ka\u00fdd\u00e9 P\u00edsmo, vd\u00fdchnut\u00e9 od Boha, je aj u\u017eito\u010dn\u00e9 u\u010di\u0165, tresta\u0165, napravova\u0165 a vychov\u00e1va\u0165 v spravdlivosti, (17) aby dokonal\u00fd bol \u010dlovek Bo\u017e\u00ed a sp\u00f4sobn\u00fd na v\u0161etko dobr\u00e9.\u201d Amen<\/em><\/p>\n\n\n\n<p>&nbsp;&nbsp; Mil\u00ed bratia a sestry v P\u00e1novi!<\/p>\n\n\n\n<p>&nbsp;&nbsp; Posledn\u00fa pr\u00e1zdninov\u00fa nede\u013eu pre\u017e\u00edvaj\u00fa \u013eudia r\u00f4znym sp\u00f4sobom. Mnoh\u00e9 rodiny s de\u0165mi chc\u00fa vyu\u017ei\u0165 posledn\u00e9 chv\u00edle vo\u013ena na osobn\u00e9 z\u00e1ujmy, aktivity, n\u00e1v\u0161tevy, \u010di v\u00fdlety. Pre n\u00e1s, ktor\u00ed sme sa zhroma\u017edili na tomto mieste &#8211; ktor\u00e9 v ni\u010dom nepripom\u00edna miesto posv\u00e4tn\u00e9 &#8211; je v\u0161ak t\u00e1to chv\u00ed\u013ea a toto stretnutie mil\u00e9 a vz\u00e1cne. Znamen\u00e1 pre n\u00e1s viac ako nejak\u00fd v\u00fdlet, alebo zdvorilostn\u00e1 n\u00e1v\u0161teva.<\/p>\n\n\n\n<p><strong>&nbsp; &nbsp; <\/strong>S v\u010fa\u010dnou spomienkou sa pristavujeme s dc\u00e9rocirkvou Podbran\u010d pri dni, ktor\u00fd n\u00e1s upom\u00edna na posv\u00e4tenie tunaj\u0161ej zvonice v 13. nede\u013eu po Sv\u00e4tej Trojici, postavenej v roku 1905 so zvonom zak\u00fapen\u00fdm od&nbsp; cirkvi brezovskej. Nesk\u00f4r, v roku 1928, tie\u017e v 13.nede\u013eu si tunaj\u0161ia f\u00edlia zak\u00fapila dva nov\u00e9 zvony k p\u00f4vodn\u00e9mu zvonu.<\/p>\n\n\n\n<p>&nbsp; &nbsp; Spom\u00edname tie\u017e aj na predch\u00e1dzaj\u00face vybudovanie a posv\u00e4tenie tunaj\u0161ej cirkevnej \u0161kolyv roku<strong> 1883<\/strong> seniorom J\u00e1nom Le\u0161kom. K spomienke patr\u00ed aj pripomenutie zvesti Bo\u017eieho Slova, ktor\u00e9 tu pri posviacke \u0161koly zvestoval vrbov\u010diansk\u00fd far\u00e1r Pavel Sloboda. K\u00e1ze\u0148 bola oslovuj\u00faca a ke\u010f\u017ee bola aj vydan\u00e1 tla\u010dou, pripom\u00edname si ot\u00e1zku kazate\u013ea: <em>Na \u010do s\u00fa n\u00e1m tak\u00e9to \u0161koly? <\/em>Na z\u00e1klade Bo\u017eieho slova pon\u00fakol posluch\u00e1\u010dom nasledovn\u00fa odpove\u010f<em>:<\/em> \u201c<em>1. Aby na\u0161 dietky vidli ku Kristu!&nbsp; Pre\u010do ku Kristu? &#8211; a e\u0161te raz, pre\u010do?\u201d<\/em><\/p>\n\n\n\n<p><em>&nbsp;&nbsp; &nbsp;<\/em> I ke\u010f t\u00e1to budova \u0161koly nesl\u00fa\u017ei u\u017e p\u00f4vodn\u00e9mu \u00fa\u010delu a nazna\u010den\u00e9mu vzne\u0161en\u00e9mu cie\u013eu, zost\u00e1va predmetom na\u0161ej v\u010faky.<\/p>\n\n\n\n<p>Uvedomujeme si, \u017ee n\u00e1m v cirkvi dnes nejde ani tak o stavby a opraven\u00e9 m\u00fary budov, ale o to, k \u010domu tieto pozemsk\u00e9 diela m\u00f4\u017eu aj dnes sl\u00fa\u017ei\u0165 a k \u010domu n\u00e1s ved\u00fa ako k d\u00f4le\u017eit\u00e9mu jadru a \u010do n\u00e1m st\u00e1le sprostredkov\u00e1vaj\u00fa.<\/p>\n\n\n\n<p>&nbsp;&nbsp; &nbsp; &nbsp; Pripom\u00edna to aj n\u00e1pis na najv\u00e4\u010d\u0161om zvone:<\/p>\n\n\n\n<p><strong><em>\u201cDnes, ke\u010f po\u010dujete Jeho hlas, nezatvrdzujte si srdce!\u201d<\/em><\/strong><\/p>\n\n\n\n<p><strong><em>&nbsp; &nbsp; <\/em><\/strong>T\u00e1to v\u00fdzva je vzat\u00e1 z<strong> 95. \u017ealmu <\/strong>a pripom\u00edna slovo \u017eiv\u00e9ho P\u00e1na Boha. Pr\u00e1ve o jeho po\u010dutie ide aj n\u00e1m dnes, tak ako to bolo v minulosti a bude aj v bud\u00facnosti.<\/p>\n\n\n\n<p>&nbsp; &nbsp; Znepokojuje n\u00e1s, ke\u010f je t\u00e1to zves\u0165 r\u00f4znym sp\u00f4sobom ohrozen\u00e1 a&nbsp; pre \u013eahostajnos\u0165 viacer\u00fdch m\u00f4\u017ee aj um\u013aknu\u0165. Av\u0161ak dnes e\u0161te st\u00e1le m\u00f4\u017eeme t\u00fato zves\u0165 po\u010du\u0165, z \u010doho sa opr\u00e1vnene te\u0161\u00edme. Pr\u00e1ve preto je t\u00e1to chv\u00ed\u013ea pre n\u00e1s vz\u00e1cna a posv\u00e4tn\u00e1.<\/p>\n\n\n\n<p>&nbsp;&nbsp; &nbsp; &nbsp; &nbsp; Preto\u017ee:<strong><em> Ve\u013ek\u00e9 je po\u017eehnanie slova Bo\u017eieho!<\/em><\/strong><\/p>\n\n\n\n<p><strong><em>&nbsp; &nbsp; <\/em><\/strong><em>&nbsp; &nbsp; Preto:<\/em><strong><em> 1.st\u00e1le sa ho dr\u017eme<\/em><\/strong><\/p>\n\n\n\n<p><strong><em>&nbsp;&nbsp; &nbsp; &nbsp; &nbsp; &nbsp; &nbsp; &nbsp; &nbsp; &nbsp; 2. m\u00fadrosti, ktor\u00e1 vedie k sp\u00e1se sa u\u010dme<\/em><\/strong><\/p>\n\n\n\n<p><strong><em>&nbsp;&nbsp; &nbsp; &nbsp; &nbsp; &nbsp; &nbsp; &nbsp; &nbsp; &nbsp; 3. dobr\u00fdm konan\u00edm sa vyzna\u010dujme<\/em><\/strong><\/p>\n\n\n\n<p>&nbsp;&nbsp; Bratia a sestry v P\u00e1novi !<\/p>\n\n\n\n<p>&nbsp; &nbsp; Apo\u0161tol Pavel upozor\u0148oval svojho \u017eiaka Timotea, ktor\u00fd sa st\u00e1val tie\u017e hl\u00e1sate\u013eom evanjelia, radostnej zvesti o P\u00e1novi Je\u017ei\u0161ovi Kristovi, aby sa dr\u017eal dobr\u00e9ho poznania. Vedomost\u00ed, ktor\u00e9 ved\u00fa v kone\u010dnom d\u00f4sledku aj k dobr\u00e9mu konaniu. V predch\u00e1dzaj\u00facom ver\u0161i pripom\u00edna apo\u0161tol konanie tak\u00fdch \u013eud\u00ed, ktor\u00ed <em>\u201csa vzm\u00e1haj\u00fa v zlom, bud\u00fa zv\u00e1dza\u0165 a bud\u00fa zv\u00e1dzan\u00ed\u201d.(V.13)<\/em><\/p>\n\n\n\n<p><em>&nbsp;&nbsp; <\/em>Ak m\u00e1 dobre plni\u0165 poslanie evanjelistu, mus\u00ed r\u00e1s\u0165 a vzm\u00e1ha\u0165 sa v dobrom. T\u00fdm je slovo Bo\u017eie a evanjelium, ktor\u00e9mu uveril, ktor\u00e9 bolo od jeho \u00fatlej mladosti je doteraz najvy\u0161\u0161ou pravdou, najvy\u0161\u0161\u00edm poznan\u00edm pr\u00e1ve preto, lebo je slovom Bo\u017e\u00edm, ktor\u00e9 je obsiahnut\u00e9 v P\u00edsme sv\u00e4tom.<\/p>\n\n\n\n<p>&nbsp;&nbsp; Ko\u013eko sa napo\u010d\u00faval aj Timoteos, ako aj my dnes, o \u201c\u0161kodlivosti\u201d Bo\u017eieho slova, o tom, \u017ee ono je b\u00e1jkou, alebo nejakou drogou (\u00f3piom)! Ale on ho poznal ako pravdu. Preto sa jej dr\u017eal. Slovo Bo\u017eie, pripomenul mu apo\u0161tol Pavel &#8211; poznal u\u017e v rodi\u010dovskom dome, od svojej matky Euniky a od starej matky Loidy, nesk\u00f4r aj od apo\u0161tola Pavla. Preto mal istotu, \u017ee t\u00ed, ktor\u00ed ho milovali, iste mu ned\u00e1vali tento duchovn\u00fd pokrm ako otravu, alebo nie\u010do zl\u00e9 a \u0161kodliv\u00e9, ale ako dobr\u00fd duchovn\u00fd pokrm.<\/p>\n\n\n\n<p>&nbsp;&nbsp; &nbsp; Pr\u00e1ve tak uva\u017eovali aj na\u0161i predkovia, ktor\u00ed budovali tieto budovy a miesta, kde sa konali v minulosti aj slu\u017eby Bo\u017eie a u\u010dilo sa evanjelicko-kres\u0165ansk\u00e9 n\u00e1bo\u017eenstvo. Tieto budovy zapa\u013eovali srdcia predkov, aby miloval svoju cirkev. Evanjelick\u00e1 \u0161kola bola tu chr\u00e1mom pre deti a aspo\u0148 niekedy aj pre dospel\u00fdch.<\/p>\n\n\n\n<p>&nbsp;&nbsp; &nbsp; &nbsp; Ke\u010f brat J\u00e1n Jankov\u00fdch daroval tu na Podbran\u010di na tunaj\u0161\u00ed zvon tis\u00edc kor\u00fan, bolo to preto, aby aj tento zvon zvol\u00e1val \u013eud Bo\u017e\u00ed k po\u010d\u00favaniu Bo\u017eieho slova pri rozli\u010dn\u00fdch pr\u00edle\u017eitostiach. Preto\u017ee jeho po\u017eehnanie je ve\u013ek\u00e9- aj my sa slova \u017eiv\u00e9ho P\u00e1na Boha dr\u017eme. A <em>\u201cNeop\u00fa\u0161\u0165ajme spolo\u010dn\u00e9 zhroma\u017edenia, ako niektor\u00ed maj\u00fa vo zvyku\u201d<\/em>.<\/p>\n\n\n\n<p>&nbsp; &nbsp; Bratia a sestry!<\/p>\n\n\n\n<p>&nbsp;&nbsp; <strong><em>2. M\u00fadrosti, ktor\u00e1 vedie k sp\u00e1se sa u\u010dme!<\/em><\/strong><\/p>\n\n\n\n<p><em>&nbsp; &nbsp; &nbsp;<\/em><em> \u00daryvok k\u00e1zne z roku 1985&nbsp; &#8211; Hody na Podbran\u010di &nbsp; &nbsp;<\/em><\/p>\n\n\n\n<p><em>&nbsp; &nbsp; &nbsp; &nbsp; \u013dubom\u00edr Batka st.<\/em><\/p>\n","protected":false},"excerpt":{"rendered":"<p>&nbsp;&nbsp; Hody na Podbran\u010di &#8211; \u00faryvok z k\u00e1zne v.r. 1985 Pane, za Slovo milosti my v\u010faky vzd\u00e1vame &#8211; nech vedie k pravej m\u00fadrosti &#8211; v pokore \u017eiadame. To nekone\u010dn\u00e9 bohatstvo je pre n\u00e1s pripraven\u00e9 &#8211; a Pravdy Tvojej v\u00ed\u0165azstvo n\u00e1s v nov\u00e9 boje \u017eenie\u2026 \u00d3 pros\u00edme, daj bojova\u0165 udatne pre svet nov\u00fd- ku Tebe sa &#8230; <a title=\"Hody na Podbran\u010di -\u00faryvok k\u00e1zne z r.1985\" class=\"read-more\" href=\"https:\/\/www.e-anjelik.sk\/index.php\/2023\/09\/15\/hody-na-podbranci-uryvok-kazne-z-r-1985\/\" aria-label=\"Pre\u010d\u00edtajte si viac o Hody na Podbran\u010di -\u00faryvok k\u00e1zne z r.1985\">\u010c\u00edta\u0165 viac<\/a><\/p>\n","protected":false},"author":4,"featured_media":0,"comment_status":"open","ping_status":"open","sticky":false,"template":"","format":"standard","meta":{"footnotes":""},"categories":[577,121,124,95],"tags":[],"class_list":["post-36266","post","type-post","status-publish","format-standard","hentry","category-13-nedela-po-sv-trojici","category-kazne","category-pamiatka-posvatenia-chramu","category-sobotiste"],"_links":{"self":[{"href":"https:\/\/www.e-anjelik.sk\/index.php\/wp-json\/wp\/v2\/posts\/36266","targetHints":{"allow":["GET"]}}],"collection":[{"href":"https:\/\/www.e-anjelik.sk\/index.php\/wp-json\/wp\/v2\/posts"}],"about":[{"href":"https:\/\/www.e-anjelik.sk\/index.php\/wp-json\/wp\/v2\/types\/post"}],"author":[{"embeddable":true,"href":"https:\/\/www.e-anjelik.sk\/index.php\/wp-json\/wp\/v2\/users\/4"}],"replies":[{"embeddable":true,"href":"https:\/\/www.e-anjelik.sk\/index.php\/wp-json\/wp\/v2\/comments?post=36266"}],"version-history":[{"count":1,"href":"https:\/\/www.e-anjelik.sk\/index.php\/wp-json\/wp\/v2\/posts\/36266\/revisions"}],"predecessor-version":[{"id":36267,"href":"https:\/\/www.e-anjelik.sk\/index.php\/wp-json\/wp\/v2\/posts\/36266\/revisions\/36267"}],"wp:attachment":[{"href":"https:\/\/www.e-anjelik.sk\/index.php\/wp-json\/wp\/v2\/media?parent=36266"}],"wp:term":[{"taxonomy":"category","embeddable":true,"href":"https:\/\/www.e-anjelik.sk\/index.php\/wp-json\/wp\/v2\/categories?post=36266"},{"taxonomy":"post_tag","embeddable":true,"href":"https:\/\/www.e-anjelik.sk\/index.php\/wp-json\/wp\/v2\/tags?post=36266"}],"curies":[{"name":"wp","href":"https:\/\/api.w.org\/{rel}","templated":true}]}}