{"id":36272,"date":"2024-07-04T20:21:57","date_gmt":"2024-07-04T18:21:57","guid":{"rendered":"https:\/\/e-anjelik.sk\/?p=36272"},"modified":"2024-07-04T20:21:57","modified_gmt":"2024-07-04T18:21:57","slug":"slovenska-politika-podla-umelej-inteligencie","status":"publish","type":"post","link":"https:\/\/www.e-anjelik.sk\/index.php\/2024\/07\/04\/slovenska-politika-podla-umelej-inteligencie\/","title":{"rendered":"Slovensk\u00e1 politika pod\u013ea umelej inteligencie"},"content":{"rendered":"\n<p>O Slovensko, krajina moja<br><br>O Slovensko, krajina moja,<br>krajina kr\u00e1sna, no i zbroj\u00e1.<br>Od roku dev\u00e4\u0165desiat do dnes,<br>mnoho zl\u00e9ho si pre\u017eila, nes.<br><br>\u0160kodcovia a komunisti,<br>fa\u0161isti a ich extr\u00e9misti,<br>v\u0161etci sa o teba sna\u017eili,<br>no ni\u010d dobr\u00e9 ti nedali.<br><br>\u0160kodcovia ti s\u013eubovali raj,<br>no v skuto\u010dnosti bol to len \u010daj.<br>Komunisti ti chceli v\u0161etko vzia\u0165,<br>a do minulosti \u0165a dokopa\u0165.<br>Fa\u0161isti ti chceli vl\u00e1dnu\u0165 p\u00e4s\u0165ou,<br>a soti\u0165 \u0165a dolu ich priepas\u0165ou.<br><br>No ty Slovensko, si siln\u00e9,<br>a zvl\u00e1dne\u0161 toto, aj in\u00e9.<br>Len sa nedaj zmanipulova\u0165,<br>a t\u00fdchto \u0161kodcov od seba za\u017ee\u0148.<br><br>Si Slovensko, krajina moja,<br>krajina kr\u00e1sna, no i zbroj\u00e1.<br>Ver\u00edm, \u017ee sa raz z toho vzchop\u00ed\u0161,<br>a lep\u0161iu bud\u00facnos\u0165 raz zo\u010d\u00ed\u0161.<br><br>(Pavol Google Bard-oslav)<\/p>\n","protected":false},"excerpt":{"rendered":"<p>O Slovensko, krajina moja O Slovensko, krajina moja,krajina kr\u00e1sna, no i zbroj\u00e1.Od roku dev\u00e4\u0165desiat do dnes,mnoho zl\u00e9ho si pre\u017eila, nes. \u0160kodcovia a komunisti,fa\u0161isti a ich extr\u00e9misti,v\u0161etci sa o teba sna\u017eili,no ni\u010d dobr\u00e9 ti nedali. \u0160kodcovia ti s\u013eubovali raj,no v skuto\u010dnosti bol to len \u010daj.Komunisti ti chceli v\u0161etko vzia\u0165,a do minulosti \u0165a dokopa\u0165.Fa\u0161isti ti chceli vl\u00e1dnu\u0165 &#8230; <a title=\"Slovensk\u00e1 politika pod\u013ea umelej inteligencie\" class=\"read-more\" href=\"https:\/\/www.e-anjelik.sk\/index.php\/2024\/07\/04\/slovenska-politika-podla-umelej-inteligencie\/\" aria-label=\"Pre\u010d\u00edtajte si viac o Slovensk\u00e1 politika pod\u013ea umelej inteligencie\">\u010c\u00edta\u0165 viac<\/a><\/p>\n","protected":false},"author":1,"featured_media":0,"comment_status":"open","ping_status":"open","sticky":false,"template":"","format":"standard","meta":{"footnotes":""},"categories":[1],"tags":[],"class_list":["post-36272","post","type-post","status-publish","format-standard","hentry","category-adventna-modlitba"],"_links":{"self":[{"href":"https:\/\/www.e-anjelik.sk\/index.php\/wp-json\/wp\/v2\/posts\/36272","targetHints":{"allow":["GET"]}}],"collection":[{"href":"https:\/\/www.e-anjelik.sk\/index.php\/wp-json\/wp\/v2\/posts"}],"about":[{"href":"https:\/\/www.e-anjelik.sk\/index.php\/wp-json\/wp\/v2\/types\/post"}],"author":[{"embeddable":true,"href":"https:\/\/www.e-anjelik.sk\/index.php\/wp-json\/wp\/v2\/users\/1"}],"replies":[{"embeddable":true,"href":"https:\/\/www.e-anjelik.sk\/index.php\/wp-json\/wp\/v2\/comments?post=36272"}],"version-history":[{"count":2,"href":"https:\/\/www.e-anjelik.sk\/index.php\/wp-json\/wp\/v2\/posts\/36272\/revisions"}],"predecessor-version":[{"id":36900,"href":"https:\/\/www.e-anjelik.sk\/index.php\/wp-json\/wp\/v2\/posts\/36272\/revisions\/36900"}],"wp:attachment":[{"href":"https:\/\/www.e-anjelik.sk\/index.php\/wp-json\/wp\/v2\/media?parent=36272"}],"wp:term":[{"taxonomy":"category","embeddable":true,"href":"https:\/\/www.e-anjelik.sk\/index.php\/wp-json\/wp\/v2\/categories?post=36272"},{"taxonomy":"post_tag","embeddable":true,"href":"https:\/\/www.e-anjelik.sk\/index.php\/wp-json\/wp\/v2\/tags?post=36272"}],"curies":[{"name":"wp","href":"https:\/\/api.w.org\/{rel}","templated":true}]}}