{"id":36292,"date":"2023-09-28T23:49:29","date_gmt":"2023-09-28T21:49:29","guid":{"rendered":"https:\/\/e-anjelik.sk\/?p=36292"},"modified":"2024-07-04T20:18:04","modified_gmt":"2024-07-04T18:18:04","slug":"kde-hladat-pomoc-v-chorobe","status":"publish","type":"post","link":"https:\/\/www.e-anjelik.sk\/index.php\/2023\/09\/28\/kde-hladat-pomoc-v-chorobe\/","title":{"rendered":"Kde h\u013eada\u0165 pomoc v chorobe"},"content":{"rendered":"\n<p><em>&nbsp; &nbsp; &nbsp; &nbsp; &nbsp; &nbsp; &nbsp; &nbsp; &nbsp; &nbsp; &nbsp; &nbsp; <\/em><strong>Kde h\u013eada\u0165 pomoc v chorobe<\/strong><\/p>\n\n\n\n<p><em>Sv\u00e4t\u00fd Bo\u017ee, zvestujeme Tvoju chv\u00e1lu, ke\u010f m\u00f4\u017eeme\u00a0<\/em><br><em>aj dnes v jednote ducha a viery Tvoje slovo po\u010du\u0165<\/em><br><em>a n\u00edm svoj \u017eivot napravi\u0165. Pre Je\u017ei\u0161a Krista n\u00e1\u0161ho P\u00e1na<\/em><br><em>pohliadni na n\u00e1s s l\u00e1skou a vylie\u010d n\u00e1s z na\u0161ich ch\u00fdb a nedostatkov. Daj n\u00e1m Ducha Sv\u00e4t\u00e9ho, v sile ktor\u00e9ho<\/em> <em>dok\u00e1\u017eeme prem\u00e1ha\u0165 zlo v n\u00e1s i mimo n\u00e1s. Popraj n\u00e1m, aby sme \u0164a oslavovali aj nov\u00fdm \u017eivotom z viery. Amen<\/em><\/p>\n\n\n\n<p><strong>Mk 9, 17 &#8211; 29:<\/strong><\/p>\n\n\n\n<p><em>\u201c Odpovedal Mu jeden zo z\u00e1stupu: Majstre, priviedol som k Tebe svojho syna, ktor\u00fd m\u00e1 nem\u00e9ho ducha (18) a kde ho len pochyt\u00ed, lomcuje n\u00edm; penia sa mu \u00fasta, \u0161kr\u00edpe zubami a chradne. I povedal som Tvojim u\u010den\u00edkom, aby ho vyhnali, ale nemohli. (19) A On im odpovedal takto: Neveriace pokolenie, dokia\u013e budem s vami? Dokia\u013e v\u00e1s budem trpie\u0165? Prineste ho ku mne! (20) A priniesli ho k Nemu. Ako ten duch uzrel Je\u017ei\u0161a, hne\u010f lomcoval chlapcom; tento padol na zem, zv\u00edjal sa a \u00fasta sa mu penili. (21) Sp\u00fdtal sa Je\u017ei\u0161 jeho otca: Odkedy sa mu to st\u00e1va?<\/em><\/p>\n\n\n\n<p><em>Odpovedal: Od detstva. (22) A \u010dasto ho hodil aj do oh\u0148a, aj do vody, aby ho zahubil. Ale ak m\u00f4\u017ee\u0161 pom\u00f4\u017e n\u00e1m, z\u013eutuj sa nad nami! (23) Povedal mu Je\u017ei\u0161: Ak m\u00f4\u017ee\u0161? Veriacemu je v\u0161etko mo\u017en\u00e9. (24)\u00a0 Otec die\u0165a\u0165a hne\u010f zvolal: Ver\u00edm! Pom\u00f4\u017ee mojej nevere! (25) Ke\u010f Je\u017ei\u0161 videl zbieha\u0165 sa z\u00e1stup, pohrozil ne\u010dist\u00e9mu duchu a povedal mu: Nem\u00fd a hluch\u00fd duch, ja ti rozkazujem: vyjdi z neho a nikdy viac nevojdi do\u0148ho! (26) Nato skr\u00edkol (ten duch), ve\u013emi n\u00edm zalomcoval a vy\u0161iel. A chlapec ostal ako m\u0155tvy, tak\u017ee mnoh\u00ed hovorili, \u017ee umrel. (27) Ale Je\u017ei\u0161 chytil ho za ruku a zodvihol, a on vstal. (28) Ke\u010f Je\u017ei\u0161 vo\u0161iel do domu a boli sami, sp\u00fdtali sa ho u\u010den\u00edci: Pre\u010do sme ho my nemohli vyhna\u0165? (29) A On im odpovedal: Tento rod (d\u00e9monov) m\u00f4\u017ee vyjs\u0165 len modlitbou a p\u00f4stom\u201d. Amen<\/em><\/p>\n\n\n\n<p><em>&nbsp;<\/em>&nbsp; Mil\u00e9 sestry a bratia, bohumil\u00ed kres\u0165ania!<\/p>\n\n\n\n<p>&nbsp;&nbsp; Hovor\u00ed sa, \u017ee Angli\u010dania sa pri stretnut\u00ed naj\u010dastej\u0161ie rozpr\u00e1vaj\u00fa o po\u010das\u00ed. Ameri\u010dania o peniazoch, Franc\u00fazi o v\u00edne, alebo jedle. Ktovie, ako by hodnotili in\u00e9 n\u00e1rody n\u00e1s Slov\u00e1kov a \u010do by povedali, \u010do je naj\u010dastej\u0161ou t\u00e9mou na\u0161ich rozhovorov.<\/p>\n\n\n\n<p>Osobne m\u00e1m dojem, \u017ee naj\u010dastej\u0161ou t\u00e9mou na\u0161ich rozhovorov s\u00fa choroby a nemoce. Nielen star\u00ed a star\u0161\u00ed \u013eudia hovoria smutn\u00ed a niekedy aj nahnevan\u00ed o svojich chorob\u00e1ch, neduchoch, bolestiach a zdravotn\u00fdch probl\u00e9moch, ktor\u00e9 ich skuto\u010dne ve\u013emi \u010dasto su\u017euj\u00fa. V\u00fdnimkou nie s\u00fa ani rodi\u010dia, ktor\u00ed s\u00fa prestra\u0161en\u00ed r\u00f4znymi, neraz skuto\u010dne v\u00e1\u017enymi chorobami svojich det\u00ed.\u00a0<\/p>\n\n\n\n<p>&nbsp;&nbsp; &nbsp; Mnoh\u00ed &#8211; aj ne\u0161kolen\u00ed \u013eudia vedia hovori\u0165 o r\u00f4znych diagn\u00f3zach ako lek\u00e1ri a o liekoch ako lek\u00e1rnici. Mnoh\u00ed, ke\u010f pr\u00eddu k lek\u00e1rovi hne\u010f mu aj poradia, \u010do im m\u00e1 predp\u00edsa\u0165\u2026Ke\u010f si spomenieme na pand\u00e9miu Kovidu 19, na Slovensku sa vynorilo mno\u017estvo r\u00f4znych \u201codborn\u00edkov\u201d, ktor\u00ed chceli radi\u0165 aj vl\u00e1de a expertom, \u010do treba u\u017e\u00edva\u0165, \u010do robi\u0165 a \u010do nie. Najnov\u0161ou t\u00e9mou v mojej gener\u00e1cii je ot\u00e1zka: <em>\u010co zaber\u00e1 na bolesti k\u013abov, alebo \u010di rovno podst\u00fapi\u0165 oper\u00e1ciu a da\u0165 si vymeni\u0165 k\u013aby za umel\u00e9.<\/em>&nbsp;<\/p>\n\n\n\n<p>\u00a0\u00a0 \u00a0 Nepochybne plat\u00ed, \u017ee zdravotn\u00e9 probl\u00e9my sk\u00f4r, \u010di nesk\u00f4r spozn\u00e1 ka\u017ed\u00fd z n\u00e1s. Choroby sa t\u00fdkaj\u00fa aj na\u0161ich bl\u00edzkych a drah\u00fdch. Ke\u010f pr\u00edde nejak\u00e1 v\u00e1\u017ena nemoc, ka\u017ed\u00fd h\u013ead\u00e1 pomoc, radu a dobr\u00fd liek a dobr\u00e9ho lek\u00e1ra.<\/p>\n\n\n\n<p>&nbsp;&nbsp; Pomoc h\u013eadali \u013eudia v ka\u017edej dobe a preto boli lek\u00e1ri v\u00e1\u017een\u00fdmi osobami. Tak to bolo aj v dobe Je\u017ei\u0161ovej. Akon\u00e1hle sa rozch\u00fdrilo, \u017ee Je\u017ei\u0161 z Nazareta dok\u00e1\u017ee lie\u010di\u0165 a uzdravova\u0165, \u013eudia prich\u00e1dzali za n\u00edm v cel\u00fdch z\u00e1stupoch. Evanjelista Marek n\u00e1m predstavuje otca, ktor\u00fd mal hluchonem\u00e9ho syna, ktor\u00fd navy\u0161e trpel aj \u010fal\u0161\u00edm ochoren\u00edm, ktor\u00e9 sp\u00f4sobovalo priame ohrozenie \u017eivota. Dost\u00e1val z\u00e1chvaty, \u00fasta sa mu penili, \u0161kr\u00edpal zubami a padal nielen na zem, ale aj do oh\u0148a, alebo do vody.&nbsp; Ke\u010f sa Je\u017ei\u0161 sp\u00fdtal otca, odkedy sa mu to st\u00e1va, odpovedal so sm\u00fatkom: \u201c<em>od detstva\u201d.<\/em><\/p>\n\n\n\n<p>&nbsp; &nbsp; &nbsp; N\u00e1s dnes mo\u017eno pri tomto rozpr\u00e1van\u00ed zamestn\u00e1va najprv my\u0161lienka, pre\u010do tento otec, jeho okolie, dokonca aj u\u010den\u00edci a samotn\u00fd P\u00e1n Je\u017ei\u0161 hovorili o tejto chorobe ako o<em> \u201cposadnutosti zl\u00fdm duchom\u201d.<\/em>&nbsp;<\/p>\n\n\n\n<p>\u00a0 \u00a0 Bola to v\u0161eobecn\u00e1 predstava \u013eud\u00ed tej doby, ktor\u00ed si nemoc predstavovali ako pr\u00edchod zl\u00e9ho ducha do tela a ducha \u010dloveka, alebo ako pr\u00edchod ak\u00e9hosi d\u00e9mona, ktor\u00fd sp\u00f4sobuje v \u010dloveku v\u0161etko to zl\u00e9, \u010do ho postihlo. P\u00e1n Je\u017ei\u0161 nevysvet\u013eoval \u013eu\u010fom podstatu nemoce a to, \u010do dnes sk\u00fama modern\u00e1 mikrobiol\u00f3gia, bioch\u00e9mia a imunol\u00f3gia, ale On \u013eu\u010fom \u00fa\u010dinne pom\u00e1hal.<\/p>\n\n\n\n<p>\u00a0 \u00a0 \u00a0 Ak n\u00e1s t\u00e1 zmienka o nemom a hluchom duchu azda vyru\u0161uje a odv\u00e1dza od viery v Je\u017ei\u0161a, ak sp\u00f4sobuje pochybnosti o pravdivosti slov evanjelia, mali by sme si prizna\u0165 a uvedomi\u0165, \u017ee dnes tie\u017e nevieme o p\u00f4vode chor\u00f4b v\u0161etko. Aj my ich vn\u00edmame ako tak\u00e9, ktor\u00e9 prich\u00e1dzaj\u00fa k n\u00e1m zdrav\u00fdm zvonku. Podobne ako Je\u017ei\u0161ovi s\u00fa\u010dasn\u00edci vn\u00edmali svoje onemocnenie ako p\u00f4sobenie <em>\u201cne\u010dist\u00e9ho ducha\u201d<\/em> ktor\u00fd vch\u00e1dza do du\u0161e a tela \u010dloveka nevidite\u013en\u00e9 zvonku, aj my sa ob\u00e1vame p\u00f4sobenia nevidite\u013en\u00fdch vonkaj\u0161\u00edch vplyvov v podobe v\u00edrusov, ktor\u00e9 p\u00f4sobia nemoce a epid\u00e9mie, v podobe r\u00f4znych nevidite\u013en\u00fdch bakt\u00e9ri\u00ed, stafilokokov, ale aj zdraviu \u0161kodliv\u00fdch chemick\u00fdch l\u00e1tok. Mnoh\u00e9 z nich sme e\u0161te &#8222;v\u010dera\u201d pova\u017eovali za ve\u013ek\u00e9 v\u00ed\u0165azstvo \u013eudsk\u00e9ho umu, za n\u00e1dej na zlep\u0161enie \u017eivota.\u00a0Spome\u0148me si len na tony pr\u00e1\u0161ku DDT, nasypan\u00e9ho na mandelinky, o ktorom dnes vieme, \u017ee sa v ani v p\u00f4de, ani vo vode nestr\u00e1ca a zost\u00e1va trvalo v potravinovom re\u0165azci.\u00a0 A \u010do poveda\u0165 o mno\u017estv\u00e1ch exhal\u00e1tov, ktor\u00e9 dne\u0161n\u00e1 v\u00fdroba produkuje a ktor\u00e9 p\u00f4sobia vo vzduchu ktor\u00fd d\u00fdchame, v p\u00f4de, v ktorej pestujeme potraviny, i vo vode ktor\u00fa pijeme, alebo \u0148ou zavla\u017eujeme polia a z\u00e1hrady. A \u010do in\u00e9 je to obrovsk\u00e9 mno\u017estvo mikroplastov v moriach a oce\u00e1noch, ktor\u00e9 po\u017e\u00edvaj\u00fa ryby a ktor\u00e9 m\u00e1me u\u017e aj v na\u0161ich vodn\u00fdch zdrojoch? \u010co poveda\u0165 o r\u00f4znych druhoch \u0161kodliv\u00e9ho \u017eiarenia pri v\u00fdrobe a pou\u017eit\u00ed r\u00f4znych zbran\u00ed? \u010co o \u017eiaren\u00ed z bat\u00e9ri\u00ed mobiln\u00fdch telef\u00f3nov? <meta charset=\"utf-8\"><\/meta>To u\u017e ani nehovor\u00edm o \u0161kodlivin\u00e1ch z faj\u010denia a drog, ktor\u00fdmi niektor\u00ed dobrovo\u013ene z\u00e1sobuj\u00fa svoje telesn\u00e9 org\u00e1ny. Ak v\u0161ak z p\u00f4sobenia toho v\u0161etk\u00e9ho vznikaj\u00fa rozli\u010dn\u00e9 onemocnenia, \u013eudia neh\u013eadaj\u00fa p\u00f4vod vzniku, ale h\u013eadaj\u00fa lek\u00e1ra, ktor\u00fd vie \u00fa\u010dinne pom\u00f4c\u0165. Niektor\u00ed sa nechc\u00fa sami chr\u00e1ni\u0165 aspo\u0148 tam, kde m\u00f4\u017eu: dezinfekciou r\u00fak, alebo nosen\u00edm r\u00fa\u0161ka, alebo ochrann\u00fdch odevov a pom\u00f4cok.\u00a0V\u0161etko s\u00fa to nevidite\u013en\u00e9 vplyvy \u201czvonka\u201d na na\u0161e telo, ale aj na psychiku a duchovn\u00fd \u017eivot.<\/p>\n\n\n\n<p>Je mno\u017estvo r\u00f4znych zl\u00fdch vplyvov ktor\u00e9 prich\u00e1dzaj\u00fa a p\u00f4sobia na \u013eud\u00ed. Preto sa p\u00fdtame: <strong>\u010co robi\u0165 pre zachovania zdravia a \u017eivota v\u00f4bec?<\/strong><\/p>\n\n\n\n<p>&nbsp; &nbsp; Bratia a sestry!<\/p>\n\n\n\n<p>&nbsp; &nbsp; Na jednej strane je pre dne\u0161n\u00fdch rodi\u010dov pr\u00edkladom v evanjeliu spom\u00ednan\u00fd otec, ktor\u00fd sa od mladosti <strong>s l\u00e1skou staral o svojho syna, <\/strong>aby nepadol do oh\u0148a, alebo do vody. Je v\u0161ak pr\u00edkladom aj v tom, \u017ee si uvedomil, \u017ee pom\u00f4c\u0165 synovi m\u00f4\u017ee len mimoriadny lek\u00e1r Je\u017ei\u0161 z Nazareta a preto svoje die\u0165a priviedol k Nemu.&nbsp;<\/p>\n\n\n\n<p>\u00a0\u00a0 Z\u00e1rove\u0148 v\u0161ak mus\u00edme poveda\u0165, \u017ee by bolo chybou h\u013eada\u0165 Je\u017ei\u0161a len vtedy, ke\u010f h\u013ead\u00e1me dar zdravia. Je chybou vidte\u0165 v \u0147om len z\u00e1zra\u010dn\u00e9ho lek\u00e1ra a lie\u010dite\u013ea. P\u00e1n Je\u017ei\u0161 s\u00edce nikdy neodmietol pomoc a uzdravil aj v Betsaide onoho ml\u00e1den\u010deka. Urobil to svojou Bo\u017eskou mocou a svoj\u00edm v\u0161emoh\u00facim slovom. Len\u017ee On bol a je viac ako z\u00e1zra\u010dn\u00fd lek\u00e1r. \u00a0<\/p>\n\n\n\n<p>&nbsp;&nbsp; &nbsp; Je\u017ei\u0161 Kristus v\u017edy h\u013eadal a h\u013ead\u00e1 na\u0161u pln\u00fa vieru a d\u00f4veru v Neho ako Spasite\u013ea. Pon\u00faka n\u00e1m viac ako aktu\u00e1lne uzdravenie&nbsp; &#8211; toti\u017e pln\u00fa z\u00e1chranu tela i du\u0161e. On pri\u0161iel, aby odstr\u00e1nil od n\u00e1s vplyv ka\u017edej zlej moci, \u010di u\u017e koren\u00ed v n\u00e1s a prich\u00e1dza ako d\u00f4sledok n\u00e1\u0161ho hrie\u0161neho a neraz ve\u013emi nerozumn\u00e9ho konania, alebo od toho star\u00e9ho nepriate\u013ea, ktor\u00fd \u201cby n\u00e1s chcel zni\u010di\u0165\u201d, <em>\u201cotca l\u017ei<\/em>\u201d, ktor\u00e9ho p\u00f4sobenie vedie k na\u0161ej smrti.&nbsp;<\/p>\n\n\n\n<p>\u00a0\u00a0 V\u0161imnime si tie\u017e to, \u017ee toto uzdravenie sa udialo kr\u00e1tko pred Je\u017ei\u0161ovou cestou na kr\u00ed\u017e. Svoj kr\u00ed\u017e a v\u0161etko utrpenie P\u00e1n Je\u017ei\u0161 prijal dobrovo\u013ene a s l\u00e1sky k n\u00e1m. Preto, aby n\u00e1s chr\u00e1nil nielen v \u010dasnosti, ale zachoval n\u00e1s aj pre ve\u010dn\u00fd \u017eivot. T\u00fato pravdu hl\u00e1sal slovom a tak\u00fato vieru v srdci \u010dloveka h\u013eadal a h\u013ead\u00e1. On aj dnes pon\u00faka ka\u017ed\u00e9mu svoju pomoc a sp\u00e1su. \u00a0<\/p>\n\n\n\n<p>&nbsp; &nbsp; &nbsp; Ak to \u010dlovek nevie, alebo nechce prija\u0165, zost\u00e1va v tej istej&nbsp; mase <em>\u201cneveriaceho pokolenia\u201d<\/em>, ktor\u00e9 s\u00edce h\u013ead\u00e1 dary, ale odmieta Darcu. &#8211; Neveriace pokolenie h\u013ead\u00e1 chlieb, ale neprij\u00edmali prav\u00fd Chlieb z neba, ani Toho, ktor\u00fd Ho poslal. Neveriaci h\u013eadaj\u00fa zdravie tela, ale neh\u013eadaj\u00fa Toho, ktor\u00fd m\u00f4\u017ee zachr\u00e1ni\u0165 na\u0161e telo i du\u0161u.<\/p>\n\n\n\n<p>\u00a0\u00a0 \u00a0 Otec hluchonem\u00e9ho chlapca, trpiaceho navy\u0161e aj nejak\u00fdm druhom pad\u00facnice sa iste rozpr\u00e1val a radil s bl\u00ed\u017enymi, kde by na\u0161iel vylie\u010denie svojho syna. Nepri\u0161iel k Je\u017ei\u0161ovi z vierou, \u017ee On je Spasite\u013e a Syn Bo\u017e\u00ed. Je\u017ei\u0161a poprosil o pomoc, ke\u010f jeho synovi u\u010den\u00edci P\u00e1novi nevedeli pom\u00f4c\u0165:<em> \u201cAk m\u00f4\u017ee\u0161, pom\u00f4\u017e n\u00e1m a z\u013eutuj sa nad nami!\u201d<\/em><\/p>\n\n\n\n<p>&nbsp; &nbsp; On mu odpovedal: <em>Ak m\u00f4\u017ee\u0161? <\/em>&#8211; <em>Veriacemu je v\u0161etko mo\u017en\u00e9<\/em>! Vtedy zvolal: <strong>Ver\u00edm!<\/strong> &#8211; A dolo\u017eil celkom pravdivo a \u013eudsky: <strong>Pom\u00f4\u017e mojej nevere!<\/strong> Toto pokorn\u00e9 a pravdiv\u00e9 priznanie sa stalo cestou k tomu, \u017ee neodi\u0161iel neobdarovan\u00fd, ale dostal viac, ako d\u00fafal dosta\u0165! Po Je\u017ei\u0161ovom slove, padol s\u00edce chlapec na zem, tak \u017ee si mnoh\u00ed mysleli, \u017ee je m\u0155tvy, ale opak bol pravdou. Je\u017ei\u0161 ho chytil za ruku a zodvihol ho.<\/p>\n\n\n\n<p>&nbsp; &nbsp; Bratia a sestry!<\/p>\n\n\n\n<p>&nbsp;&nbsp; Mo\u017eno je aj na\u0161a viera v Je\u017ei\u0161a mal\u00e1 ako hor\u010di\u010dn\u00e9 zrnko, ale vedzme, \u017ee P\u00e1n ju neodmieta, ale popriava jej rast, aby sa stala \u017eiv\u00fdm stromom uprostred tohoto sveta a bola \u010dinnou v l\u00e1ske.<\/p>\n\n\n\n<p>&nbsp;&nbsp; &nbsp; V\u0161etky na\u0161e deti potrebuj\u00fa Je\u017ei\u0161ovu pomoc, aby nepadli do oh\u0148a, \u010di vody a nehynuli, lebo s\u00fa spolu s nami s\u00fa\u010das\u0165ou neveriaceho pokolenia a Je\u017ei\u0161 chce, aby sme verili a veriac, aby sme dosiahli telesn\u00e9 a duchovn\u00e9 po\u017eehnanie, odpustenie hriechov a ve\u010dn\u00fd \u017eivot. V\u0161etk\u00fdm n\u00e1m pod\u00e1va svoju ruku, lebo On nepri\u0161iel ods\u00fadi\u0165 svet, ale pri\u0161iel, aby ho spasil.<\/p>\n\n\n\n<p>&nbsp;&nbsp; Na ot\u00e1zku u\u010den\u00edkov, pre\u010do nemohli chlapca uzdravi\u0165 oni, P\u00e1n odpovedal, \u017ee ten zl\u00fd, ktor\u00fd p\u00f4sob\u00ed v\u017edy to, \u010do vedie k hriechu a smrti, m\u00f4\u017ee by\u0165 odstr\u00e1nen\u00fd len<strong> \u201cmodlitbou a p\u00f4stom\u201d<\/strong>.&nbsp;<\/p>\n\n\n\n<p>\u00a0\u00a0 \u00a0 Poviem si: Ak\u00e9 \u013eahk\u00e9&#8230;pomodli\u0165 sa a posti\u0165 sa! V Getsemane, kde sa Je\u017ei\u0161 modlil \u201ckrvav\u00fdm potom\u201d, u\u010den\u00edci sa s N\u00edm modli\u0165 nevl\u00e1dali. Spali\u2026A pritom modlitba z viery je d\u00f4le\u017eit\u00fdm, \u00fa\u010dinn\u00fdm liekom. A pokia\u013e ide o p\u00f4st, P\u00e1n Je\u017ei\u0161 nemysl\u00ed a nehovor\u00ed o p\u00f4ste ako zdr\u017eiavan\u00ed sa nejak\u00e9ho pokrmu, alebo n\u00e1poja, ani t\u00fdm nemysl\u00ed sypanie popola na hlavu. On m\u00e1 na mysli tak\u00fd p\u00f4st, ako ho hl\u00e1sali u\u017e proroci Izraela, napr\u00edklad Izai\u00e1\u0161:<em>\u00a0<\/em><\/p>\n\n\n\n<p><em>\u201c\u010ci je to tak\u00fd p\u00f4st, v akom m\u00e1m ja z\u00e1\u013eubu, de\u0148,&nbsp;<\/em><\/p>\n\n\n\n<p><em>ke\u010f sa \u010dlovek kaj\u00e1? Znamen\u00e1 to ovesi\u0165 hlavu ako trstina a podstla\u0165 si vrecovinu a popol?&nbsp;<\/em><\/p>\n\n\n\n<p><em>\u010ci toto naz\u00fdva\u0161 p\u00f4stom, vz\u00e1cnym d\u0148om Hospodinov\u00fdm?<\/em><\/p>\n\n\n\n<p><em>Toto je h\u013ea p\u00f4st, ktor\u00fd ja m\u00e1m r\u00e1d:<\/em><\/p>\n\n\n\n<p><em>Rozviaza\u0165 put\u00e1 nepr\u00e1vosti, spret\u0155ha\u0165 povrazy jarma, prepusti\u0165 utl\u00e1\u010dan\u00fdch na slobodu a pol\u00e1ma\u0165 ka\u017ed\u00e9 jarmo. <\/em><\/p>\n\n\n\n<p><em>Neznam\u00e9 to l\u00e1ma\u0165 svoj chlieb hladn\u00e9mu a biednych, bezpr\u00edstre\u0161n\u00fdch vovies\u0165 do svojho domu?<\/em><\/p>\n\n\n\n<p><em>\u2026potom vy\u0161\u013eahne tvoje svetlo ako zore a r\u00fdchlo sa uzdrav\u00ed\u0161\u2026.\u201d(Iz 58, 5 &#8211; 8)<\/em><\/p>\n\n\n\n<p><em>\u00a0\u00a0 <\/em>To s\u00fa znaky nov\u00e9ho \u017eivota v l\u00e1ske, v \u017eivote pod\u013ea Bo\u017eej v\u00f4le. Tam, kde takto \u017eijeme a re\u0161pektujme Bo\u017eie pravidl\u00e1 pre \u017eivot, prich\u00e1dza uzdravenie a \u017eivot v radostnej slobode. Tam prich\u00e1dza aj pomoc v prav\u00fd \u010das, ke\u010f ochorieme \u201cna smr\u0165\u201d. Ani vtedy neost\u00e1vame sami a bez pomoci. Pr\u00edjmime u\u017e teraz v d\u00f4vere pomoc a ruku Toho, ktor\u00fd n\u00e1m chce a m\u00f4\u017ee pom\u00f4c\u0165, ktor\u00fd n\u00e1s chce posil\u0148ova\u0165, pote\u0161ova\u0165 a napokon aj prija\u0165 do svojej sl\u00e1vy v nebesiach. Amen<\/p>\n\n\n\n<p>&nbsp; &nbsp; 17.nede\u013ea po Sv\u00e4tej Trojici&nbsp; &nbsp; &#8211; &nbsp; \u013dubom\u00edr Batka st.<\/p>\n","protected":false},"excerpt":{"rendered":"<p>&nbsp; &nbsp; &nbsp; &nbsp; &nbsp; &nbsp; &nbsp; &nbsp; &nbsp; &nbsp; &nbsp; &nbsp; Kde h\u013eada\u0165 pomoc v chorobe Sv\u00e4t\u00fd Bo\u017ee, zvestujeme Tvoju chv\u00e1lu, ke\u010f m\u00f4\u017eeme\u00a0aj dnes v jednote ducha a viery Tvoje slovo po\u010du\u0165a n\u00edm svoj \u017eivot napravi\u0165. Pre Je\u017ei\u0161a Krista n\u00e1\u0161ho P\u00e1napohliadni na n\u00e1s s l\u00e1skou a vylie\u010d n\u00e1s z na\u0161ich ch\u00fdb a nedostatkov. Daj &#8230; <a title=\"Kde h\u013eada\u0165 pomoc v chorobe\" class=\"read-more\" href=\"https:\/\/www.e-anjelik.sk\/index.php\/2023\/09\/28\/kde-hladat-pomoc-v-chorobe\/\" aria-label=\"Pre\u010d\u00edtajte si viac o Kde h\u013eada\u0165 pomoc v chorobe\">\u010c\u00edta\u0165 viac<\/a><\/p>\n","protected":false},"author":4,"featured_media":0,"comment_status":"open","ping_status":"open","sticky":false,"template":"","format":"standard","meta":{"footnotes":""},"categories":[624,121,118,95],"tags":[],"class_list":["post-36292","post","type-post","status-publish","format-standard","hentry","category-17-nedela-po-svatej-trojici","category-kazne","category-myjava","category-sobotiste"],"_links":{"self":[{"href":"https:\/\/www.e-anjelik.sk\/index.php\/wp-json\/wp\/v2\/posts\/36292","targetHints":{"allow":["GET"]}}],"collection":[{"href":"https:\/\/www.e-anjelik.sk\/index.php\/wp-json\/wp\/v2\/posts"}],"about":[{"href":"https:\/\/www.e-anjelik.sk\/index.php\/wp-json\/wp\/v2\/types\/post"}],"author":[{"embeddable":true,"href":"https:\/\/www.e-anjelik.sk\/index.php\/wp-json\/wp\/v2\/users\/4"}],"replies":[{"embeddable":true,"href":"https:\/\/www.e-anjelik.sk\/index.php\/wp-json\/wp\/v2\/comments?post=36292"}],"version-history":[{"count":5,"href":"https:\/\/www.e-anjelik.sk\/index.php\/wp-json\/wp\/v2\/posts\/36292\/revisions"}],"predecessor-version":[{"id":36897,"href":"https:\/\/www.e-anjelik.sk\/index.php\/wp-json\/wp\/v2\/posts\/36292\/revisions\/36897"}],"wp:attachment":[{"href":"https:\/\/www.e-anjelik.sk\/index.php\/wp-json\/wp\/v2\/media?parent=36292"}],"wp:term":[{"taxonomy":"category","embeddable":true,"href":"https:\/\/www.e-anjelik.sk\/index.php\/wp-json\/wp\/v2\/categories?post=36292"},{"taxonomy":"post_tag","embeddable":true,"href":"https:\/\/www.e-anjelik.sk\/index.php\/wp-json\/wp\/v2\/tags?post=36292"}],"curies":[{"name":"wp","href":"https:\/\/api.w.org\/{rel}","templated":true}]}}