{"id":36307,"date":"2023-10-08T17:36:04","date_gmt":"2023-10-08T15:36:04","guid":{"rendered":"https:\/\/e-anjelik.sk\/?p=36307"},"modified":"2023-10-08T17:36:04","modified_gmt":"2023-10-08T15:36:04","slug":"michal-lucansky-sumrak","status":"publish","type":"post","link":"https:\/\/www.e-anjelik.sk\/index.php\/2023\/10\/08\/michal-lucansky-sumrak\/","title":{"rendered":"Michal L\u00fa\u010dansk\u00fd \u2014 S\u00famrak"},"content":{"rendered":"\n<p>U\u017e rud\u00e9 slnce za hory sa klon\u00ed<br>a \u0161ero \u0161ed\u00e9 kryje obzor spola,<br>kdes&#8216; v dia\u013eke \u010dujem zvona tich\u00e9 t\u00f3ny,<br>d\u0148a \u0165archou bit\u00fdch k odpo\u010dinku vol\u00e1.<\/p>\n\n\n\n<p>U\u017e hory dumn\u00e9 kryje mlha \u0161ed\u00e1;<br>de\u0148 hynie, zvon mu ticho zbohom zvon\u00ed;<br>mne v du\u0161u citn\u00fa sm\u00fatok \u010dierny sad\u00e1 \u2014<br>som p\u00fatnik, na p\u00fati \u010do s\u013az potok ron\u00ed.<\/p>\n\n\n\n<p>A zvona toho jemno-tich\u00e9 zvuky,<br>\u010do v poplach div\u00fd zavznie\u0165 v\u017edy sa boja,<br>k modlitbe tichej zopn\u00fa moje ruky<br>a b\u00farnu myse\u013e s\u010di\u010d\u00edkaj\u00fa, skoja.<\/p>\n\n\n\n<p>Raz \u010dierny s\u00famrak zraky moje zdol\u00e1,<br>ke\u010f rud\u00e9 slnce za hory sa sklon\u00ed;<br>o pomoc p\u00fatnik hlasom tich\u00fdm zvol\u00e1, <br>a v du\u0161i potom zm\u013aknu smutn\u00e9 t\u00f3ny.<\/p>\n","protected":false},"excerpt":{"rendered":"<p>U\u017e rud\u00e9 slnce za hory sa klon\u00eda \u0161ero \u0161ed\u00e9 kryje obzor spola,kdes&#8216; v dia\u013eke \u010dujem zvona tich\u00e9 t\u00f3ny,d\u0148a \u0165archou bit\u00fdch k odpo\u010dinku vol\u00e1. U\u017e hory dumn\u00e9 kryje mlha \u0161ed\u00e1;de\u0148 hynie, zvon mu ticho zbohom zvon\u00ed;mne v du\u0161u citn\u00fa sm\u00fatok \u010dierny sad\u00e1 \u2014som p\u00fatnik, na p\u00fati \u010do s\u013az potok ron\u00ed. A zvona toho jemno-tich\u00e9 zvuky,\u010do v &#8230; <a title=\"Michal L\u00fa\u010dansk\u00fd \u2014 S\u00famrak\" class=\"read-more\" href=\"https:\/\/www.e-anjelik.sk\/index.php\/2023\/10\/08\/michal-lucansky-sumrak\/\" aria-label=\"Pre\u010d\u00edtajte si viac o Michal L\u00fa\u010dansk\u00fd \u2014 S\u00famrak\">\u010c\u00edta\u0165 viac<\/a><\/p>\n","protected":false},"author":3,"featured_media":0,"comment_status":"open","ping_status":"open","sticky":false,"template":"","format":"standard","meta":{"footnotes":""},"categories":[165],"tags":[],"class_list":["post-36307","post","type-post","status-publish","format-standard","hentry","category-poezia-2"],"_links":{"self":[{"href":"https:\/\/www.e-anjelik.sk\/index.php\/wp-json\/wp\/v2\/posts\/36307","targetHints":{"allow":["GET"]}}],"collection":[{"href":"https:\/\/www.e-anjelik.sk\/index.php\/wp-json\/wp\/v2\/posts"}],"about":[{"href":"https:\/\/www.e-anjelik.sk\/index.php\/wp-json\/wp\/v2\/types\/post"}],"author":[{"embeddable":true,"href":"https:\/\/www.e-anjelik.sk\/index.php\/wp-json\/wp\/v2\/users\/3"}],"replies":[{"embeddable":true,"href":"https:\/\/www.e-anjelik.sk\/index.php\/wp-json\/wp\/v2\/comments?post=36307"}],"version-history":[{"count":1,"href":"https:\/\/www.e-anjelik.sk\/index.php\/wp-json\/wp\/v2\/posts\/36307\/revisions"}],"predecessor-version":[{"id":36309,"href":"https:\/\/www.e-anjelik.sk\/index.php\/wp-json\/wp\/v2\/posts\/36307\/revisions\/36309"}],"wp:attachment":[{"href":"https:\/\/www.e-anjelik.sk\/index.php\/wp-json\/wp\/v2\/media?parent=36307"}],"wp:term":[{"taxonomy":"category","embeddable":true,"href":"https:\/\/www.e-anjelik.sk\/index.php\/wp-json\/wp\/v2\/categories?post=36307"},{"taxonomy":"post_tag","embeddable":true,"href":"https:\/\/www.e-anjelik.sk\/index.php\/wp-json\/wp\/v2\/tags?post=36307"}],"curies":[{"name":"wp","href":"https:\/\/api.w.org\/{rel}","templated":true}]}}