{"id":36317,"date":"2023-10-15T23:00:29","date_gmt":"2023-10-15T21:00:29","guid":{"rendered":"https:\/\/e-anjelik.sk\/?p=36317"},"modified":"2023-10-15T23:00:29","modified_gmt":"2023-10-15T21:00:29","slug":"kaznove-myslienky-k-pamiatke-posvatenia-chramu","status":"publish","type":"post","link":"https:\/\/www.e-anjelik.sk\/index.php\/2023\/10\/15\/kaznove-myslienky-k-pamiatke-posvatenia-chramu\/","title":{"rendered":"K\u00e1z\u0148ov\u00e9 my\u0161lienky k Pamiatke posv\u00e4tenia chr\u00e1mu"},"content":{"rendered":"\n<p><em>&nbsp;<\/em><em> K\u00e1z\u0148ov\u00e9 my\u0161lienky k Pamiatke posv\u00e4tenia chr\u00e1mu (85)<\/em><\/p>\n\n\n\n<p><em>Cirkev zo \u017eiv\u00fdch kame\u0148ov, je t\u00fdm Bo\u017e\u00edm sv\u00e4t\u00fdm chr\u00e1mom,<\/em><\/p>\n\n\n\n<p><em>kde v\u0161etci krstom a vierou jedno sme s nebesk\u00fdm P\u00e1nom.<\/em><\/p>\n\n\n\n<p><em>Kde jeho meno vz\u00fdvame, hoc dvaja sa len sch\u00e1dzame,<\/em><\/p>\n\n\n\n<p><em>On je Duchom svoj\u00edm s nami.<\/em><\/p>\n\n\n\n<p><em>Bo\u017ee, ke\u010f zvony znej\u00fa n\u00e1m,<\/em><\/p>\n\n\n\n<p><em>nech radi sa zhroma\u017ed\u00edme<\/em><\/p>\n\n\n\n<p><em>a Teba, vr\u00facne, nebies p\u00e1n,<\/em><\/p>\n\n\n\n<p><em>moditbou a spevom ct\u00edme.<\/em><\/p>\n\n\n\n<p><em>Hoc \u0165a svet nezn\u00e1 a nect\u00ed,<\/em><\/p>\n\n\n\n<p><em>na Tvojom \u013eude nech vid\u00ed,<\/em><\/p>\n\n\n\n<p><em>milos\u0165 a tvoj pokoj st\u00e1ly. Amen. (Sp,262,3-4)<\/em><\/p>\n\n\n\n<p><strong>R 1, 16 &#8211; 17:<\/strong><\/p>\n\n\n\n<p><strong><em>\u201cVe\u010f ja sa nehanb\u00edm za evanjelium Kristovo, lebo mocou Bo\u017eou je ono na spasenie&nbsp; ka\u017ed\u00e9u veriacemu, predne \u017didovi, potom aj Gr\u00e9kovi. (17) Zjavuje sa v \u0148om zaiste spravodlivos\u0165 bo\u017eia z viery pre vieru, ako je nap\u00e1san\u00e9: Spravodliv\u00fd bude \u017ei\u0165 z viery\u201d. Amen<\/em><\/strong><\/p>\n\n\n\n<p>\u00davod:&nbsp;<\/p>\n\n\n\n<p>Historick\u00fd exkurz: miesta ktor\u00e9 tu sl\u00fa\u017eili ako chr\u00e1m\u2026<\/p>\n\n\n\n<p>&nbsp; &nbsp; &nbsp; Propoz\u00edcia:&nbsp;<\/p>\n\n\n\n<p>&nbsp;&nbsp; &nbsp; <strong>Ak\u00e9mu cie\u013eu sl\u00fa\u017eia kres\u0165ansk\u00e9 chr\u00e1my,&nbsp; kostoly, kaply, zvonice, \u0161koly?<\/strong><\/p>\n\n\n\n<p>&nbsp; &nbsp; &nbsp; &nbsp; &nbsp; &nbsp;<em> Oni n\u00e1s ved\u00fa ku sp\u00e1se! Preto: &nbsp;<\/em><\/p>\n\n\n\n<p><em>&nbsp;&nbsp; &nbsp; &nbsp; &nbsp; &nbsp; 1. za Kristovo evanjelium sa nehanbime<\/em><\/p>\n\n\n\n<p><em>&nbsp;&nbsp; &nbsp; &nbsp; &nbsp; &nbsp; 2. \u017ee je mocou Bo\u017eou sa sami presved\u010dme&nbsp;<\/em><\/p>\n\n\n\n<p><em>&nbsp;&nbsp; &nbsp; &nbsp; &nbsp; &nbsp; 3. v istote ospravedlnenia a sp\u00e1sy \u017eime<\/em><\/p>\n\n\n\n<p>===================================================<\/p>\n\n\n\n<p><strong>Hody v Rovensku 1985<\/strong><\/p>\n\n\n\n<p>===================================================<\/p>\n\n\n\n<p><em>V\u010fka Tebe Trojjedin\u00fd Bo\u017ee,<\/em><\/p>\n\n\n\n<p><em>za \u017eehnania, z nich sme hojne vzali-<\/em><\/p>\n\n\n\n<p><em>ke\u010f sme tento chr\u00e1m Tvoj budovali.<\/em><\/p>\n\n\n\n<p><em>Dnes pros\u00edme, buduj v chr\u00e1moch chr\u00e1my!<\/em><\/p>\n\n\n\n<p><em>V tomto dome z tehly &#8211; chr\u00e1my Ducha!<\/em><\/p>\n\n\n\n<p><em>V du\u0161i \u013eudskej buduj svoj dom sv\u00e4t\u00fd!<\/em><\/p>\n\n\n\n<p><em>Z\u00e1chranu nech kon\u00e1 Tvoja ruka! Amen&nbsp; (MR)<\/em><\/p>\n\n\n\n<p><strong>\u017dd 9, 1 &#8211; 12:<\/strong><\/p>\n\n\n\n<p><em>\u201cAj prv\u00e1 zmluva mala s\u00edce ur\u010dit\u00e9 bohoslu\u017eobn\u00e9 predpisy, aj sv\u00e4ty\u0148u na zemi. (2) Zriadili toti\u017e prv\u00fd st\u00e1nok: v \u0148om bol sviece\u0148 a st\u00f4l s posv\u00e4tn\u00fdmi chlebami; to sa vol\u00e1 sv\u00e4ty\u0148a. (3) Aza druhou oponou je st\u00e1nok, ktor\u00fd sa vol\u00e1 sv\u00e4ty\u0148a sv\u00e4t\u00fdch. (4) tu je zlat\u00fd kadiv\u00fd olt\u00e1r, truhla zmluvy, cel\u00e1 oblo\u017een\u00e1 zlatom, v nej zlat\u00e1 n\u00e1doba s mannou, palica \u00c1ronova, ktor\u00e1 bola vypu\u010dila, a tabule zmluvy; (5)nad \u0148ou cherub\u00edni sl\u00e1vy, ktor\u00ed zatie\u0148uj\u00fa z\u013eutovnicu. O tom v\u0161ak netreba teraz hovori\u0165 podrobne. (6) Odkedy je toto tak zariaden\u00e9, do prv\u00e9ho st\u00e1nkuop\u00e4tovne vch\u00e1dzaj\u00fa k\u0148azi, ktor\u00ed konaj\u00e4 bohoslu\u017ebu; (7) do druh\u00e9ho v\u0161ak len raz do roka vch\u00e1dza s\u00e1m ve\u013ek\u0148az, ale nie bez krvi, ktor\u00fa prin\u00e1\u0161a za seba a za nevedomosti \u013eudu. (8) T\u00fdmto nazna\u010duje Duch Sv\u00e4t\u00fd, \u017ee cesta do sv\u00e4tyne sv\u00e4t\u00fdch e\u0161te v\u017edy nie je zjavn\u00e1, dokia\u013e stoj\u00ed prv\u00fd st\u00e1nok, (9) ktor\u00fd ktor\u00fd je obrazom pre teraj\u0161\u00ed vek; pod\u013ea neho prin\u00e1\u0161aj\u00fa sa dary a obete, ktor\u00e9 nem\u00f4\u017eu zdokonali\u0165 vo svedom\u00ed toho, \u010do uctieva Boha, (10) a s\u00fa popri pokrmoch a n\u00e1pojoch a rozli\u010dn\u00fdch um\u00fdvaniach len zov\u0148aj\u0161\u00edmi ustanoveniami a nariadeniami dovtedy, a\u017e v\u0161etko bude napraven\u00e9.<\/em><\/p>\n\n\n\n<p><em>&nbsp;&nbsp; (11) Ale ke\u010f pri\u0161iel Kristus, Ve\u013ek\u0148az bud\u00facich hodn\u00f4t, vo\u0161iel raz nav\u017edy do sv\u00e4tyne cez v\u00e4\u010d\u0161\u00ed a dokonalej\u0161\u00ed st\u00e1nok, nie rukou uroben\u00fd, to jest nie z tohoto stvoren\u00e9ho sveta, (12) ani nie s krvou kozlov a teliat, ale so svojou vlastnou krvou a vydobyl ve\u010dn\u00e9 vyk\u00fapenie.\u201d Amen&nbsp;<\/em><\/p>\n\n\n\n<p><strong>N\u00e1\u010drt k\u00e1zne:<\/strong><\/p>\n\n\n\n<p><strong>\u00davod &#8211;&nbsp;<\/strong><\/p>\n\n\n\n<p>Pri pamiatke Posv\u00e4tenia chr\u00e1mu sa n\u00e1s zmoc\u0148uj\u00fa dvojak\u00e9 pocity.&nbsp;<\/p>\n\n\n\n<p>Na jednej strane rados\u0165 a hrdos\u0165 z vykonan\u00e9ho diela, ale na druhej strane aj sm\u00fatok, ak je chr\u00e1m polopr\u00e1zdny, ke\u010f niektor\u00ed <em>\u201czab\u00fadaj\u00fa na cesty do chr\u00e1mu\u201d.<\/em><\/p>\n\n\n\n<p>Propoz\u00edcia:<\/p>\n\n\n\n<p><strong>&nbsp;&nbsp; &nbsp; &nbsp; Ak\u00fd v\u00fdznam m\u00e1 pre n\u00e1s chr\u00e1m Bo\u017e\u00ed?<\/strong><\/p>\n\n\n\n<ol class=\"wp-block-list\"><li><em>so svoj\u00edm vn\u00fatorn\u00fdm vybaven\u00edm<\/em><\/li><li><em>so svojou bohoslu\u017eobn\u00fdm poslan\u00edm<\/em><\/li><\/ol>\n\n\n\n<p><em>\u013dB st.<\/em><\/p>\n\n\n\n<p><strong>N\u00e1pis na zvone v Rovensku:<\/strong><\/p>\n\n\n\n<p><em>\u017div\u00fdch si zvol\u00e1vam k modlitb\u00e1m a bden\u00ed<\/em><\/p>\n\n\n\n<p><em>m\u0155tvych si sprev\u00e1dzam k do\u010dasn\u00e9mu snen\u00ed,<\/em><\/p>\n\n\n\n<p><em>Ospal\u00fdch zob\u00fadzam ku pr\u00e1ci a boji,<\/em><\/p>\n\n\n\n<p><em>ostatn\u00fdch posielam ve\u010dierkom v pokoji.<\/em><\/p>\n\n\n\n<p><em>Hlas m\u00f4j, l\u00e1ska \u017eiv\u00e1, srdce viera pevn\u00e1,<\/em><\/p>\n\n\n\n<p><em>zvuk m\u00f4j n\u00e1dej zvu\u010dn\u00e1,<\/em><\/p>\n\n\n\n<p><em>Bohu chv\u00e1la ve\u010dn\u00e1. Amen<\/em><\/p>\n","protected":false},"excerpt":{"rendered":"<p>&nbsp; K\u00e1z\u0148ov\u00e9 my\u0161lienky k Pamiatke posv\u00e4tenia chr\u00e1mu (85) Cirkev zo \u017eiv\u00fdch kame\u0148ov, je t\u00fdm Bo\u017e\u00edm sv\u00e4t\u00fdm chr\u00e1mom, kde v\u0161etci krstom a vierou jedno sme s nebesk\u00fdm P\u00e1nom. Kde jeho meno vz\u00fdvame, hoc dvaja sa len sch\u00e1dzame, On je Duchom svoj\u00edm s nami. Bo\u017ee, ke\u010f zvony znej\u00fa n\u00e1m, nech radi sa zhroma\u017ed\u00edme a Teba, vr\u00facne, nebies &#8230; <a title=\"K\u00e1z\u0148ov\u00e9 my\u0161lienky k Pamiatke posv\u00e4tenia chr\u00e1mu\" class=\"read-more\" href=\"https:\/\/www.e-anjelik.sk\/index.php\/2023\/10\/15\/kaznove-myslienky-k-pamiatke-posvatenia-chramu\/\" aria-label=\"Pre\u010d\u00edtajte si viac o K\u00e1z\u0148ov\u00e9 my\u0161lienky k Pamiatke posv\u00e4tenia chr\u00e1mu\">\u010c\u00edta\u0165 viac<\/a><\/p>\n","protected":false},"author":4,"featured_media":0,"comment_status":"open","ping_status":"open","sticky":false,"template":"","format":"standard","meta":{"footnotes":""},"categories":[121,124,95],"tags":[],"class_list":["post-36317","post","type-post","status-publish","format-standard","hentry","category-kazne","category-pamiatka-posvatenia-chramu","category-sobotiste"],"_links":{"self":[{"href":"https:\/\/www.e-anjelik.sk\/index.php\/wp-json\/wp\/v2\/posts\/36317","targetHints":{"allow":["GET"]}}],"collection":[{"href":"https:\/\/www.e-anjelik.sk\/index.php\/wp-json\/wp\/v2\/posts"}],"about":[{"href":"https:\/\/www.e-anjelik.sk\/index.php\/wp-json\/wp\/v2\/types\/post"}],"author":[{"embeddable":true,"href":"https:\/\/www.e-anjelik.sk\/index.php\/wp-json\/wp\/v2\/users\/4"}],"replies":[{"embeddable":true,"href":"https:\/\/www.e-anjelik.sk\/index.php\/wp-json\/wp\/v2\/comments?post=36317"}],"version-history":[{"count":1,"href":"https:\/\/www.e-anjelik.sk\/index.php\/wp-json\/wp\/v2\/posts\/36317\/revisions"}],"predecessor-version":[{"id":36318,"href":"https:\/\/www.e-anjelik.sk\/index.php\/wp-json\/wp\/v2\/posts\/36317\/revisions\/36318"}],"wp:attachment":[{"href":"https:\/\/www.e-anjelik.sk\/index.php\/wp-json\/wp\/v2\/media?parent=36317"}],"wp:term":[{"taxonomy":"category","embeddable":true,"href":"https:\/\/www.e-anjelik.sk\/index.php\/wp-json\/wp\/v2\/categories?post=36317"},{"taxonomy":"post_tag","embeddable":true,"href":"https:\/\/www.e-anjelik.sk\/index.php\/wp-json\/wp\/v2\/tags?post=36317"}],"curies":[{"name":"wp","href":"https:\/\/api.w.org\/{rel}","templated":true}]}}