{"id":3632,"date":"2011-06-21T08:42:12","date_gmt":"2011-06-21T08:42:12","guid":{"rendered":"http:\/\/e-anjelik.sk\/?p=3632"},"modified":"2011-06-21T08:42:12","modified_gmt":"2011-06-21T08:42:12","slug":"vitazi-v-speve-cantatebach-v-nemecku","status":"publish","type":"post","link":"https:\/\/www.e-anjelik.sk\/index.php\/2011\/06\/21\/vitazi-v-speve-cantatebach-v-nemecku\/","title":{"rendered":"V\u00ed\u0165azi v speve &#8222;cantateBach!&#8220; v Nemecku"},"content":{"rendered":"<p>Na prvej medzin&aacute;rodnej s&uacute;\u0165a\u017ei v speve cirkevnej hudby &quot;cantateBach!&quot; v Greifswalde medzin&aacute;rodn&aacute; porota udelila ceny. Prv&eacute; miesto z&iacute;skal 24 -ro\u010dn&yacute; Islan\u010fan Benedikt Kristjansson , ktor&yacute; &scaron;tuduje spev na Vysokej hudobnej &scaron;kole Hansa Eislera v Berl&iacute;ne. Tento tenorista z&iacute;skal finan\u010dn&uacute; sumu 4 tis&iacute;c EUR. Druh&eacute; miesto s odmenou 3 tis&iacute;c EUR dostala sopranistka z Nemecka Johanna Knauth.Nemeck&yacute;&nbsp;&nbsp;basista&nbsp; Karsten Mueller z&iacute;skal 3. miesto a odmenu 2 tis&iacute;c EUR. &Scaron;tvrt&eacute; miesto obsadila po\u013esk&aacute; altistka Joanna Krasuska-Motulewicz a odmenili ju sumou 1 tis&iacute;c EUR. Vo fin&aacute;le z&aacute;polili e&scaron;te spev&aacute;ci t&yacute;chto \u010fal&scaron;&iacute;ch &scaron;t&aacute;tov: \u010c&iacute;na, Ve\u013ek&aacute; Brit&aacute;nia, Ju\u017en&aacute; K&oacute;rea, Japonsko, USA, &Scaron;vaj\u010diarsko a Tad\u017eikistan.<\/p>\n<p>(<a href=\"http:\/\/www.kirche-mv.de\">www.kirche-mv.de<\/a> )<\/p>\n","protected":false},"excerpt":{"rendered":"<p>Na prvej medzin&aacute;rodnej s&uacute;\u0165a\u017ei v speve cirkevnej hudby &quot;cantateBach!&quot; v Greifswalde medzin&aacute;rodn&aacute; porota udelila ceny. Prv&eacute; miesto z&iacute;skal 24 -ro\u010dn&yacute; Islan\u010fan Benedikt Kristjansson , ktor&yacute; &scaron;tuduje spev na Vysokej hudobnej &scaron;kole Hansa Eislera v Berl&iacute;ne. Tento tenorista z&iacute;skal finan\u010dn&uacute; sumu 4 tis&iacute;c EUR. Druh&eacute; miesto s odmenou 3 tis&iacute;c EUR dostala sopranistka z Nemecka Johanna &#8230; <a title=\"V\u00ed\u0165azi v speve &#8222;cantateBach!&#8220; v Nemecku\" class=\"read-more\" href=\"https:\/\/www.e-anjelik.sk\/index.php\/2011\/06\/21\/vitazi-v-speve-cantatebach-v-nemecku\/\" aria-label=\"Pre\u010d\u00edtajte si viac o V\u00ed\u0165azi v speve &#8222;cantateBach!&#8220; v Nemecku\">\u010c\u00edta\u0165 viac<\/a><\/p>\n","protected":false},"author":22,"featured_media":0,"comment_status":"open","ping_status":"open","sticky":false,"template":"","format":"standard","meta":{"footnotes":""},"categories":[24],"tags":[],"class_list":["post-3632","post","type-post","status-publish","format-standard","hentry","category-cirkevna-hudba"],"_links":{"self":[{"href":"https:\/\/www.e-anjelik.sk\/index.php\/wp-json\/wp\/v2\/posts\/3632","targetHints":{"allow":["GET"]}}],"collection":[{"href":"https:\/\/www.e-anjelik.sk\/index.php\/wp-json\/wp\/v2\/posts"}],"about":[{"href":"https:\/\/www.e-anjelik.sk\/index.php\/wp-json\/wp\/v2\/types\/post"}],"author":[{"embeddable":true,"href":"https:\/\/www.e-anjelik.sk\/index.php\/wp-json\/wp\/v2\/users\/22"}],"replies":[{"embeddable":true,"href":"https:\/\/www.e-anjelik.sk\/index.php\/wp-json\/wp\/v2\/comments?post=3632"}],"version-history":[{"count":0,"href":"https:\/\/www.e-anjelik.sk\/index.php\/wp-json\/wp\/v2\/posts\/3632\/revisions"}],"wp:attachment":[{"href":"https:\/\/www.e-anjelik.sk\/index.php\/wp-json\/wp\/v2\/media?parent=3632"}],"wp:term":[{"taxonomy":"category","embeddable":true,"href":"https:\/\/www.e-anjelik.sk\/index.php\/wp-json\/wp\/v2\/categories?post=3632"},{"taxonomy":"post_tag","embeddable":true,"href":"https:\/\/www.e-anjelik.sk\/index.php\/wp-json\/wp\/v2\/tags?post=3632"}],"curies":[{"name":"wp","href":"https:\/\/api.w.org\/{rel}","templated":true}]}}