{"id":3634,"date":"2011-06-21T09:48:02","date_gmt":"2011-06-21T09:48:02","guid":{"rendered":"http:\/\/e-anjelik.sk\/?p=3634"},"modified":"2011-06-21T09:48:02","modified_gmt":"2011-06-21T09:48:02","slug":"posvatili-novy-lut-chram-v-rusku","status":"publish","type":"post","link":"https:\/\/www.e-anjelik.sk\/index.php\/2011\/06\/21\/posvatili-novy-lut-chram-v-rusku\/","title":{"rendered":"Posv\u00e4tili nov\u00fd lut. chr\u00e1m v Rusku"},"content":{"rendered":"<p>V nede\u013eu Sv&auml;tej Trojice 19. j&uacute;na t.r. biskup ELCI Arri Kugappi posv&auml;til nov&yacute; luter&aacute;nsky chr&aacute;m tejto cirkvi v osade Liaskelija (Pitkarantsk&yacute; okres, Karelsk&aacute; republika).Nov&yacute; chr&aacute;m nesie n&aacute;zov Vzkriesenia P&aacute;na. Pr&iacute;tomn&iacute; boli po\u010detn&iacute; hostia z F&iacute;nska, dom&aacute;ci duchovn&iacute; i konzulka F&iacute;nskej republiky z Petrohradu. V k&aacute;zni biskup zd&ocirc;raznil, \u017ee tento chr&aacute;m je darom cirkvi k jej 400 ro\u010dn&eacute;mu jubileu. S&uacute;\u010dasne je svedectvom toho, \u017ee P&aacute;n sa k svojej cirkvi prizn&aacute;va a napom&aacute;ha v &scaron;&iacute;ren&iacute; evanjelia, l&aacute;sky a bratsva medzi n&aacute;rodmi Ruska. Na poschod&iacute; chr&aacute;mu sa nach&aacute;dzaj&uacute; miestnosti pre zborov&uacute; pr&aacute;cu, s de\u0165mi a ml&aacute;de\u017eou.<\/p>\n<p>(<a href=\"http:\/\/www.elci.ru\">www.elci.ru<\/a>)<\/p>\n","protected":false},"excerpt":{"rendered":"<p>V nede\u013eu Sv&auml;tej Trojice 19. j&uacute;na t.r. biskup ELCI Arri Kugappi posv&auml;til nov&yacute; luter&aacute;nsky chr&aacute;m tejto cirkvi v osade Liaskelija (Pitkarantsk&yacute; okres, Karelsk&aacute; republika).Nov&yacute; chr&aacute;m nesie n&aacute;zov Vzkriesenia P&aacute;na. Pr&iacute;tomn&iacute; boli po\u010detn&iacute; hostia z F&iacute;nska, dom&aacute;ci duchovn&iacute; i konzulka F&iacute;nskej republiky z Petrohradu. V k&aacute;zni biskup zd&ocirc;raznil, \u017ee tento chr&aacute;m je darom cirkvi k jej &#8230; <a title=\"Posv\u00e4tili nov\u00fd lut. chr\u00e1m v Rusku\" class=\"read-more\" href=\"https:\/\/www.e-anjelik.sk\/index.php\/2011\/06\/21\/posvatili-novy-lut-chram-v-rusku\/\" aria-label=\"Pre\u010d\u00edtajte si viac o Posv\u00e4tili nov\u00fd lut. chr\u00e1m v Rusku\">\u010c\u00edta\u0165 viac<\/a><\/p>\n","protected":false},"author":22,"featured_media":0,"comment_status":"open","ping_status":"open","sticky":false,"template":"","format":"standard","meta":{"footnotes":""},"categories":[35,10],"tags":[242],"class_list":["post-3634","post","type-post","status-publish","format-standard","hentry","category-rusko-a-ine","category-zo-sveta","tag-slavnosti"],"_links":{"self":[{"href":"https:\/\/www.e-anjelik.sk\/index.php\/wp-json\/wp\/v2\/posts\/3634","targetHints":{"allow":["GET"]}}],"collection":[{"href":"https:\/\/www.e-anjelik.sk\/index.php\/wp-json\/wp\/v2\/posts"}],"about":[{"href":"https:\/\/www.e-anjelik.sk\/index.php\/wp-json\/wp\/v2\/types\/post"}],"author":[{"embeddable":true,"href":"https:\/\/www.e-anjelik.sk\/index.php\/wp-json\/wp\/v2\/users\/22"}],"replies":[{"embeddable":true,"href":"https:\/\/www.e-anjelik.sk\/index.php\/wp-json\/wp\/v2\/comments?post=3634"}],"version-history":[{"count":0,"href":"https:\/\/www.e-anjelik.sk\/index.php\/wp-json\/wp\/v2\/posts\/3634\/revisions"}],"wp:attachment":[{"href":"https:\/\/www.e-anjelik.sk\/index.php\/wp-json\/wp\/v2\/media?parent=3634"}],"wp:term":[{"taxonomy":"category","embeddable":true,"href":"https:\/\/www.e-anjelik.sk\/index.php\/wp-json\/wp\/v2\/categories?post=3634"},{"taxonomy":"post_tag","embeddable":true,"href":"https:\/\/www.e-anjelik.sk\/index.php\/wp-json\/wp\/v2\/tags?post=3634"}],"curies":[{"name":"wp","href":"https:\/\/api.w.org\/{rel}","templated":true}]}}