{"id":36352,"date":"2023-11-08T22:46:19","date_gmt":"2023-11-08T21:46:19","guid":{"rendered":"https:\/\/e-anjelik.sk\/?p=36352"},"modified":"2024-07-04T20:00:22","modified_gmt":"2024-07-04T18:00:22","slug":"zamyslenie-na-cintorine-2","status":"publish","type":"post","link":"https:\/\/www.e-anjelik.sk\/index.php\/2023\/11\/08\/zamyslenie-na-cintorine-2\/","title":{"rendered":"Zamyslenie na cintor\u00edne"},"content":{"rendered":"\n<p><em>&nbsp; &nbsp; &nbsp; &nbsp; &nbsp; &nbsp; &nbsp; &nbsp; &nbsp; &nbsp; &nbsp; &nbsp; &nbsp; &nbsp; &nbsp; &nbsp; &nbsp; &nbsp; <\/em>&nbsp; &nbsp;<strong> Zamyslenie na cintor\u00edne<\/strong><\/p>\n\n\n\n<p><em>Ty vzkriesenie si i \u017eivot, Pane,<\/em><br><em>ku Tebe v kr\u00ed\u017ei dv\u00edhame dlane&#8230;<\/em><br><em>\u00d3, te\u0161 n\u00e1s, zdv\u00edhaj a vierou spravuj<\/em><br><em>po \u010dasnom \u017eit\u00ed nebo n\u00e1m daruj!  Amen. (M.R)<\/em><\/p>\n\n\n\n<p><strong>F 3, 2O-21: <\/strong><em>\u201c Ale na\u0161a ot\u010dina je v nebesiach; odtia\u013e o\u010dak\u00e1vame aj Spasite\u013ea, P\u00e1na Je\u017ei\u0161a Krista. (21) On mocou, ktorou si m\u00f4\u017ee podmani\u0165 v\u0161etko, pretvor\u00ed na\u0161e pon\u00ed\u017een\u00e9 telo, aby bolo podobn\u00e9 Jeho osl\u00e1ven\u00e9mu telu\u201d.<\/em><\/p>\n\n\n\n<p>Bohumil\u00ed kres\u0165ania, bratia a sestry v P\u00e1novi Je\u017ei\u0161ovi Kristovi!<\/p>\n\n\n\n<p>Sviatok &#8222;Pamiatka zosnul\u00fdch&#8220; dal op\u00e4\u0165 do pohybu temer cel\u00fa na\u0161u\u00a0vlas\u0165. Na cestu sa vydali jednotlivci, ale aj cel\u00e9 rodiny. Podobn\u00fd pohyb sa\u00a0 deje v\u0161ade, kde v tomto obdob\u00ed\u00a0 spom\u00ednaj\u00fa, nielen kres\u0165ania, ale aj ostatn\u00ed \u013eudia, na svojich mil\u00fdch a bl\u00edzkych zosnul\u00fdch.\u00a0O cestovan\u00ed mo\u017eno poveda\u0165, \u017ee je \u010dasto spojen\u00e9 s &#8222;cestovnou hor\u00fa\u010dkou\u201d. Pod \u0148ou rozumieme ak\u00e9si zvl\u00e1\u0161tne vzru\u0161enie, nepokoj i obavy, ale aj o\u010dak\u00e1vanie nie\u010doho nov\u00e9ho a mimoriadneho.<\/p>\n\n\n\n<p>&nbsp; &nbsp; Je to tak aj pri ceste na cintor\u00edny, a in\u00e9 pietne miesta?&nbsp;<\/p>\n\n\n\n<p>\u00a0\u00a0 \u00a0 Mysl\u00edm, \u017ee \u00e1no. Je to celkom pochopite\u013en\u00e9 a opr\u00e1vnen\u00e9. Mnoh\u00ed sa pri ceste na hroby svojich bl\u00edzkych musia prepravi\u0165 aj stovky kilometrov, aby sa vr\u00e1tili na miesta, kde vyr\u00e1stli, kde pre\u017eili detstvo, mlados\u0165, alebo kus svojej man\u017eelskej cesty. Mnoh\u00ed sa vracaj\u00fa na hroby, kde odpo\u010d\u00edvaj\u00fa star\u00ed rodi\u010dia, kde s nimi tr\u00e1vili pekn\u00e9 chv\u00edle. Ne\u010dudo, \u017ee n\u00e1val spomienok vyvol\u00e1va siln\u00e9 em\u00f3cie, nostalgiu, ale aj v\u010fa\u010dnos\u0165 \u010di obdiv. Neraz sa objav\u00ed v du\u0161i siln\u00e1 t\u00fa\u017eba po n\u00e1vrate minul\u00e9ho, spolo\u010dne s drah\u00fdmi bytos\u0165ami pre\u017eit\u00e9ho \u010dasu. Toto v\u0161etko sa m\u00f4\u017ee sp\u00e1ja\u0165 s\u00a0pamiatkou na t\u00fdch, ktor\u00ed n\u00e1s predi\u0161li z \u010dasnosti do ve\u010dnosti\u2026\u00a0Okrem sm\u00fatku, pr\u00e1ve tak\u00e9to pocity n\u00e1s sp\u00e1jaj\u00fa s t\u00fdmi, ktor\u00ed inak veria ako my kres\u0165ania, ktor\u00fdch n\u00e1dej je in\u00e1. Na cintor\u00ednoch, ako na ru\u0161n\u00fdch kri\u017eovatk\u00e1ch sa stret\u00e1me aj s t\u00fdmi, ktor\u00ed maj\u00fa in\u00fd maj\u00fa pr\u00edstup k \u017eivotu, k jeho hodnot\u00e1m i k smrti.<\/p>\n\n\n\n<p>My kres\u0165ania sa pri Pamiatke zosnul\u00fdch vraciame nielen k hrobu,&nbsp;k tej &#8222;kom\u00f4rke&#8220; zeme, kde spo\u010d\u00edvaj\u00fa&nbsp;telesn\u00e9 pozostatky na\u0161ich zosnul\u00fdch, ale smerujeme omnoho \u010falej. Preto sme zvl\u00e1\u0161tnym sp\u00f4sobom <em>&#8222;vzru\u0161en\u00ed v duchu&#8220;<\/em>, ako P\u00e1n Je\u017ei\u0161 nad hrobom Lazarov\u00fdm. Ako kres\u0165ania toti\u017e aj tu, nad hrobmi a <em>&#8222;prachom&#8220;<\/em> zosnul\u00fdch, s apo\u0161tolom Pavlom a s celou kres\u0165anskou&nbsp;cirkvou i so zborom vo Filipis ver\u00edme a vyzn\u00e1vame: <em>\u201cAle na\u0161a ot\u010dina je v nebesiach\u2026\u201d<\/em>.&nbsp; &nbsp;<\/p>\n\n\n\n<p>&nbsp;&nbsp; &nbsp; \u00c1no, pr\u00e1ve tam, a\u017e tak \u201c\u010faleko a vysoko\u201d ideme vo svojich spomienkach. S pevky\u0148ou na\u0161ej cirkvi Krist\u00ednou Royovou spievame, \u017ee pozer\u00e1me: <em>\u201cV n\u00e1ru\u010die Bo\u017eie, odkia\u013e sme vy\u0161li\u2026\u201d<\/em>. Tam, u n\u00e1\u0161ho nebesk\u00e9ho Otca je n\u00e1\u0161 p\u00f4vod, na\u0161a ot\u010dina i bud\u00faca domovina. Tam zalietame v duchu, ke\u010f mysl\u00edme na t\u00fdch, ktor\u00ed n\u00e1s predi\u0161li a ktor\u00ed v sile tej istej viery \u017eili, pracovali, \u017eivotom o Kristu sved\u010dili a napokon vo viere aj zomierali.<\/p>\n\n\n\n<p>&nbsp;&nbsp; <em>\u201cDo r\u00fak Bo\u017e\u00edch por\u00fa\u010dame zosnul\u00e9ho po boji,,<\/em> &#8211; spievame neraz pri l\u00fa\u010den\u00ed. Modl\u00edme sa za to, aby sa tak stalo z Bo\u017eej milosti, aby P\u00e1n Boh prijal na milos\u0165 t\u00fdch, ktor\u00fdch odvolal z \u010dasnosti do ve\u010dnosti a aby to bola ve\u010dnos\u0165 s N\u00edm, v Jeho spolo\u010denstve. Ve\u010dn\u00e1 vlas\u0165 je na\u0161ou vlastnou domovinou i ot\u010dinou, ak naozaj ver\u00edme v milos\u0165 Bo\u017eiu, v z\u00e1sluhy a spasite\u013esk\u00fa obe\u0165 Bo\u017eieho Syna, n\u00e1\u0161ho P\u00e1na. Odtia\u013e, z nebeskej sl\u00e1vy Ho vytrvalo o\u010dak\u00e1vame. <em>\u201cOdtia\u013e o\u010dak\u00e1vame aj Spasite\u013ea, P\u00e1na Je\u017ei\u0161a Krista\u201d<\/em>. \u010cak\u00e1me na Jeho druh\u00fd pr\u00edchod, ktor\u00fd u\u017e nebude pr\u00edchodom v pon\u00ed\u017een\u00ed, ale v sl\u00e1ve a moci V\u00ed\u0165aza nad smr\u0165ou.<\/p>\n\n\n\n<p>&nbsp; &nbsp; &nbsp; Bratia a sestry!&nbsp;<\/p>\n\n\n\n<p>\u00a0\u00a0 \u00a0 Ke\u010f vyzn\u00e1vame nad hrobmi:<em>\u00a0\u201dZa nimi p\u00f4jdeme\u2026\u201d<\/em>, nemysl\u00edme len na odpo\u010dinok tela v lone zeme, z ktorej je na\u0161e telo vzat\u00e9. Iste\u017ee, na\u0161e telo je tak\u00e9, o ktorom plat\u00ed: <em>\u201d \u2026si prach a do prachu sa vr\u00e1ti\u0161!<\/em>\u201d Teraj\u0161ie telo sa vr\u00e1ti do zeme z ktorej je vzat\u00e9, ale tu mysl\u00edme aj na du\u0161u a ducha \u010dloveka slovom Bo\u017e\u00edm a evanjeliom znovuzroden\u00e9ho. Ob\u017eiven\u00e9ho z m\u00e1rnosti a hrie\u0161nosti a posv\u00e4ten\u00e9 v Krste sv\u00e4tom, i sviatos\u0165ou Ve\u010dere P\u00e1novej, ako prav\u00fdm pokrmom a n\u00e1pojom s\u00fdtiacim k \u017eivotu ve\u010dn\u00e9mu.\u00a0Slov\u00e1: <em>\u201cZa nimi p\u00f4jdeme\u2026\u201d<\/em> \u2013 preto znamenaj\u00fa pre n\u00e1s, \u017ee chceme \u00eds\u0165 s celou na\u0161ou osobnos\u0165ou a plnou identitou, s na\u0161ou du\u0161ou i duchom k Bohu a n\u00e1\u0161mu P\u00e1novi v nebesiach.\u00a0<\/p>\n\n\n\n<p>&nbsp;&nbsp; &nbsp; Evanjelista a apo\u0161tol J\u00e1n na Patmose videl vo viden\u00ed u\u017e mnoh\u00fdch vern\u00fdch kres\u0165anov priamo pred Bo\u017e\u00edm tr\u00f3nom, pri trvalej a nekon\u010diacej oslave P\u00e1na Boha a Bo\u017eieho Bar\u00e1nka, Je\u017ei\u0161a. <em>\u201cKto s\u00fa t\u00edto oble\u010den\u00ed do bieleho r\u00facha?\u201d-&nbsp;<\/em> p\u00fdtal sa a dostal odpove\u010f: <em>\u201cS\u00fa to t\u00ed, ktor\u00ed si oprali r\u00facha v krvi Bar\u00e1nkovej\u201d.,<\/em>&nbsp; V nej si ich<em> \u201dzbielili\u201d<\/em> &#8211; \u010di\u017ee o\u010distili sa od v\u0161etk\u00e9ho, \u010do nem\u00e1 v nebi miesto. &nbsp; &nbsp; &nbsp; &nbsp; &nbsp; &nbsp; &nbsp; &nbsp;<\/p>\n\n\n\n<p>Mil\u00ed priatelia!<\/p>\n\n\n\n<p>\u00a0\u00a0 \u00a0 Mnoh\u00fdch \u013eud\u00ed ned\u00e1vno (r.08)) pote\u0161ila spr\u00e1va, \u017ee do USA, ktor\u00e1 bola odd\u00e1vna pre mnoh\u00fdch na\u0161ich predkov zo Slovenska akousi \u201ezemou zas\u013e\u00fabenou\u201d a kde mnoh\u00ed zlo\u017eili aj svoje smrte\u013en\u00e9 st\u00e1nky tela, bud\u00fa m\u00f4c\u0165 \u013eudia onedlho cestova\u0165 bez v\u00edz. Predsa v\u0161ak bude \u010dlovek k tej ceste potrebova\u0165 cestov\u00fd pas s tzv. biometrick\u00fdmi znakmi, trojrozmernou fotografiou a identifika\u010dn\u00fdmi znakmi, vo\u013ene\u00a0 \u013eudsk\u00e9mu oku nevidite\u013en\u00fdmi. Nie ka\u017ed\u00fd napokon do Ameriky m\u00f4\u017ee \u00eds\u0165 a do tejto krajiny sa dosta\u0165!<\/p>\n\n\n\n<p>Aj do neba potrebujeme ur\u010dit\u00e9 identifika\u010dn\u00e9 znaky, pod\u013ea ktor\u00fdch P\u00e1n pr\u00edjme svoje deti, \u010di svoje zachr\u00e1nen\u00e9 ove\u010dky. Iste patr\u00ed a bude patri\u0165 k t\u00fdm znakom <em>\u201cviera, n\u00e1dej a l\u00e1ska &#8211; to troje\u2026( 1 K 13) <\/em>Viera v Boha Otca a Stvorite\u013ea, v Boha Syna, Vykupite\u013ea a v Ducha Sv\u00e4t\u00e9ho &#8211; Posv\u00e4tite\u013ea. Rozhoduj\u00faca je a bude d\u00f4vera, \u017ee skrze Je\u017ei\u0161ove telo a krv vojdeme do nebeskej ot\u010diny.\u00a0<\/p>\n\n\n\n<p>Patr\u00ed k nim tie\u017e i kres\u0165ansk\u00e1 n\u00e1dej, ktor\u00fa tu o chv\u00ed\u013eu spolu vyzn\u00e1me:\u00a0<em>\u201c Ver\u00edm v tela z m\u0155tvych vzkriesenie a v \u017eivot ve\u010dn\u00fd\u201d<\/em> !Pokia\u013e ide o na\u0161e tel\u00e1, tie prejd\u00fa ve\u013ekou premenou. Bud\u00fa darom Kristovej milosti premenen\u00e9 na duchovn\u00e9, osl\u00e1ven\u00e9 tel\u00e1. <em>\u201cOn mocou, ktorou si m\u00f4\u017ee podmani\u0165 v\u0161etko, pretvor\u00ed na\u0161e smrte\u013en\u00e9 telo, aby bolo podobn\u00e9 Jeho osl\u00e1ven\u00e9mu telu\u201d. <\/em>A na inom mieste apo\u0161tol Pavel sved\u010d\u00ed: <em>\u201cRozsieva sa slab\u00e9, vstane telo siln\u00e9, rozsieva sa telo telesn\u00e9, vstane telo duchovn\u00e9\u2026\u201d. <\/em>Pri Kristovom druhom pr\u00edchode vstaneme teda nie v tom istom tele, ktor\u00e9 je pochovan\u00e9, ale v tele <em>\u201cnovom a osl\u00e1venom\u201c.<\/em> \u00a0 \u00a0 \u00a0<\/p>\n\n\n\n<p>&nbsp;&nbsp; &nbsp; Aj toto patr\u00ed k na\u0161ej spolo\u010dnej viere, k na\u0161ej v\u010fake a oslave Trojjedin\u00e9ho P\u00e1na Boha. Preto sme dobrej mysle aj pri dne\u0161nej spomienke. Nie sme bez n\u00e1deje, bez cie\u013ea a bez bud\u00facnosti. Sme pokojn\u00fd a so \u017ealmistom vyzn\u00e1vame: <em>\u201cV pokoji si \u013eahnem aj zasp\u00edm, lebo Ty, Hospodine, aj ke\u010f som s\u00e1m, d\u00e1\u0161 preb\u00fdva\u0165 mi bezpe\u010dne\u201d. <\/em>Tak sa dnes aj my pote\u0161ujme t\u00fdmito slovami. Amen.<\/p>\n\n\n\n<p><\/p>\n\n\n\n<p><\/p>\n\n\n\n<p><em>Pr\u00edhovor na Pamiatku zosnul\u00fdch na cintor\u00edne &#8211; Soboti\u0161te a Rovensko 2008 &#8211; \u013dubom\u00edr Batka st.<\/em>     (ekumenick\u00e9 SLB)<\/p>\n","protected":false},"excerpt":{"rendered":"<p>&nbsp; &nbsp; &nbsp; &nbsp; &nbsp; &nbsp; &nbsp; &nbsp; &nbsp; &nbsp; &nbsp; &nbsp; &nbsp; &nbsp; &nbsp; &nbsp; &nbsp; &nbsp; &nbsp; &nbsp; Zamyslenie na cintor\u00edne Ty vzkriesenie si i \u017eivot, Pane,ku Tebe v kr\u00ed\u017ei dv\u00edhame dlane&#8230;\u00d3, te\u0161 n\u00e1s, zdv\u00edhaj a vierou spravujpo \u010dasnom \u017eit\u00ed nebo n\u00e1m daruj! Amen. (M.R) F 3, 2O-21: \u201c Ale na\u0161a ot\u010dina je &#8230; <a title=\"Zamyslenie na cintor\u00edne\" class=\"read-more\" href=\"https:\/\/www.e-anjelik.sk\/index.php\/2023\/11\/08\/zamyslenie-na-cintorine-2\/\" aria-label=\"Pre\u010d\u00edtajte si viac o Zamyslenie na cintor\u00edne\">\u010c\u00edta\u0165 viac<\/a><\/p>\n","protected":false},"author":4,"featured_media":0,"comment_status":"open","ping_status":"open","sticky":false,"template":"","format":"standard","meta":{"footnotes":""},"categories":[2,281,95],"tags":[],"class_list":["post-36352","post","type-post","status-publish","format-standard","hentry","category-ekumena","category-pamiatka-zosnulych","category-sobotiste"],"_links":{"self":[{"href":"https:\/\/www.e-anjelik.sk\/index.php\/wp-json\/wp\/v2\/posts\/36352","targetHints":{"allow":["GET"]}}],"collection":[{"href":"https:\/\/www.e-anjelik.sk\/index.php\/wp-json\/wp\/v2\/posts"}],"about":[{"href":"https:\/\/www.e-anjelik.sk\/index.php\/wp-json\/wp\/v2\/types\/post"}],"author":[{"embeddable":true,"href":"https:\/\/www.e-anjelik.sk\/index.php\/wp-json\/wp\/v2\/users\/4"}],"replies":[{"embeddable":true,"href":"https:\/\/www.e-anjelik.sk\/index.php\/wp-json\/wp\/v2\/comments?post=36352"}],"version-history":[{"count":4,"href":"https:\/\/www.e-anjelik.sk\/index.php\/wp-json\/wp\/v2\/posts\/36352\/revisions"}],"predecessor-version":[{"id":36887,"href":"https:\/\/www.e-anjelik.sk\/index.php\/wp-json\/wp\/v2\/posts\/36352\/revisions\/36887"}],"wp:attachment":[{"href":"https:\/\/www.e-anjelik.sk\/index.php\/wp-json\/wp\/v2\/media?parent=36352"}],"wp:term":[{"taxonomy":"category","embeddable":true,"href":"https:\/\/www.e-anjelik.sk\/index.php\/wp-json\/wp\/v2\/categories?post=36352"},{"taxonomy":"post_tag","embeddable":true,"href":"https:\/\/www.e-anjelik.sk\/index.php\/wp-json\/wp\/v2\/tags?post=36352"}],"curies":[{"name":"wp","href":"https:\/\/api.w.org\/{rel}","templated":true}]}}