{"id":36362,"date":"2023-11-18T23:51:37","date_gmt":"2023-11-18T22:51:37","guid":{"rendered":"https:\/\/e-anjelik.sk\/?p=36362"},"modified":"2024-07-04T19:51:35","modified_gmt":"2024-07-04T17:51:35","slug":"cas-sa-priblizil","status":"publish","type":"post","link":"https:\/\/www.e-anjelik.sk\/index.php\/2023\/11\/18\/cas-sa-priblizil\/","title":{"rendered":"\u010cas sa pribl\u00ed\u017eil"},"content":{"rendered":"\n<p><em>&nbsp;&nbsp; &nbsp; &nbsp; &nbsp; &nbsp; &nbsp; &nbsp; &nbsp; &nbsp; &nbsp; &nbsp; &nbsp; &nbsp; &nbsp; &nbsp; &nbsp; &nbsp; &nbsp; &nbsp; &nbsp;<\/em><strong> \u010cas sa pribl\u00ed\u017eil<\/strong><\/p>\n\n\n\n<p><em>Synu Bo\u017e\u00ed, Pane Kriste,<\/em><br><em>n\u00e1dej na\u0161a &#8211; \u00fato\u010di\u0161te,\u00a0<\/em><br><em>zachovaj n\u00e1s vo vyznan\u00ed,<\/em><br><em>\u017ee si za n\u00e1s kri\u017eovan\u00fd.<\/em><br><em>A ke\u010f niekdy pr\u00edde\u0161 k s\u00fadu,<\/em><br><em>priznaj sa k n\u00e1m, svojmu \u013eudu,<\/em><br><em>zmiluj sa a prive\u010f k sebe,<\/em><br><em>z pla\u010du &#8211; strast\u00ed v sl\u00e1vne nebe. Amen\u00a0 (M.R.)<\/em><\/p>\n\n\n\n<p><strong>Lk 21, 8 -19:<\/strong><\/p>\n\n\n\n<p><strong>&nbsp;&nbsp;<\/strong><em> \u201cRiekol im: Nedajte sa zvies\u0165! Lebo mnoh\u00ed pr\u00eddu v mojom mene a povedia: Ja som Kristus, a \u010cas sa pribl\u00ed\u017eil. Necho\u010fte za nimi! (9) Ke\u010f v\u0161ak po\u010dujete o vojn\u00e1ch a o nepokojoch, nedeste sa, lebo to mus\u00ed by\u0165 prv, ale koniec nebude hne\u010f. (10) Potom im hovoril: Povstane n\u00e1rod proti n\u00e1rodu a kr\u00e1\u013eovstvo proti kr\u00e1\u013eovstvu; (11) bud\u00fa ve\u013ek\u00e9 zemetrasenia a miestami hlad i mor; desiv\u00e9 zjavy a ve\u013ek\u00e9 znamenia bud\u00fa z neba. (12) Ale prv, ako by sa to v\u0161etko stalo, polo\u017eia ruky na v\u00e1s, bud\u00fa v\u00e1s prenasledova\u0165, vydaj\u00fa v\u00e1s s\u00fadom a uv\u00e4znia v\u00e1s, bud\u00fa v\u00e1s vl\u00e1\u010di\u0165 pred kr\u00e1\u013eov a vlad\u00e1rov pre moje meno. (13) A to sa v\u00e1m stane, aby ste vyd\u00e1vali svedectvo. (14) Zaumie\u0148te si teda, \u017ee nebudete vopred rozm\u00fd\u0161\u013ea\u0165, ako sa br\u00e1ni\u0165, (15) lebo ja v\u00e1m d\u00e1m \u00fasta aj m\u00fadros\u0165, ktorej nebud\u00fa m\u00f4c\u0165 odola\u0165 a odporova\u0165 ani v\u0161etci va\u0161i protivn\u00edci. (16) Bud\u00fa v\u00e1s ud\u00e1va\u0165 aj rodi\u010dia a bratia, pr\u00edbuzn\u00ed a priatelia, a niektor\u00fdch z v\u00e1s usmrtia. (17) V\u0161etci v\u00e1s bud\u00fa nen\u00e1vidie\u0165 pre moje meno, (18) ale ani vlas sa v\u00e1m nestrat\u00ed z hlavy. (19) Vytrvalos\u0165ou zachov\u00e1te si du\u0161e.\u201d Amen<\/em><\/p>\n\n\n\n<p>&nbsp; &nbsp; Bratia a sestry v P\u00e1novi Je\u017ei\u0161ovi Kristovi! &nbsp; &nbsp; &nbsp;<\/p>\n\n\n\n<p>&nbsp; &nbsp; <strong>V z\u00e1vere cirkevn\u00e9ho roku <\/strong>po\u010dujeme na slu\u017eb\u00e1ch Bo\u017e\u00edch slov\u00e1 najm\u00e4 o \u201c<strong>posledn\u00fdch veciach \u010dloveka\u201d. <\/strong>Ktor\u00e9 s\u00fa to tie posledn\u00e9 veci \u010dloveka? Mysl\u00edme nimi: smr\u0165, ale aj vzkriesenie, potom posledn\u00fd s\u00fad a ve\u010dn\u00fd \u017eivot. Z dne\u0161n\u00e9ho n\u00e1\u0161ho poh\u013eadu s\u00fa to v\u0161etko <strong>bud\u00face veci <\/strong>(eschatologick\u00e9), ktor\u00e9 s\u00fa premetom na\u0161ej kres\u0165anskej n\u00e1deje.&nbsp;<\/p>\n\n\n\n<p>&nbsp; &nbsp; Je skuto\u010dnos\u0165ou, \u017ee pr\u00e1ve o nich vznik\u00e1 v du\u0161i a srdci \u010dloveka najviac ot\u00e1zok, nejasnost\u00ed, alebo aj pochybnost\u00ed. Povedan\u00e9 slovami apo\u0161tola Pavla, tieto veci vid\u00edme<em> \u201cako hmlist\u00e9 obrazy, akoby v zrkadle\u201d (1 K 13<\/em>), alebo skoby <em>\u201ccez z\u00e1voj\u201d.<\/em> Teda nie \u00faplne jasne. Bud\u00face veci toti\u017e presahuj\u00fa n\u00e1\u0161 rozum a doteraj\u0161ie sk\u00fasenosti. To d\u00e1va priestor na r\u00f4zne ot\u00e1zniky, alebo aj \u0161pekul\u00e1cie. Ak\u00fd je k nim postoj n\u00e1s, evanjelick\u00fdch kres\u0165anov? Tak, ako v\u017edy vo veciach viery chceme predov\u0161etk\u00fdm po\u010d\u00fava\u0165 pozorne slov\u00e1 P\u00e1na Je\u017ei\u0161a Krista a plne im d\u00f4verova\u0165, lebo On je pre n\u00e1s<em> \u201ccesta, pravda i \u017eivot\u201d.<\/em><\/p>\n\n\n\n<p>&nbsp;&nbsp; Dne\u0161n\u00e9 slovo P\u00e1novo z evanjelia Luk\u00e1\u0161ovho m\u00e1 v sebe l\u00e1skav\u00e9 oslovenie (napomenutie), ale aj vz\u00e1cne povzbudenie. Mysl\u00edm, \u017ee jedno i druh\u00e9 potrebujeme v\u0161etci. Potrebovali ho kres\u0165ania v\u017edy, po\u010dn\u00fac od apo\u0161tolov, ale aj teraj\u0161ie a bud\u00face gener\u00e1cie. P\u00e1n Je\u017ei\u0161 n\u00e1m hovor\u00ed:<\/p>\n\n\n\n<p>&nbsp;&nbsp; &nbsp;<strong> &nbsp; &nbsp; Nedajte sa zvies\u0165, ale zosta\u0148te vern\u00ed pravde!<\/strong><\/p>\n\n\n\n<p>Lebo:<\/p>\n\n\n\n<ol class=\"wp-block-list\">\n<li><em>\u010das Jeho pr\u00edchodu sa pribli\u017euje\u00a0<\/em><\/li>\n\n\n\n<li><em>k vernosti n\u00e1s povzbudzuje<\/em><\/li>\n<\/ol>\n\n\n\n<p><em>3. vytrvalos\u0165 ve\u010dnos\u0165ou odme\u0148uje<\/em><\/p>\n\n\n\n<p>&nbsp;Bratia a sestry!<\/p>\n\n\n\n<p>&nbsp;&nbsp; Na veciach, ktor\u00e9 vid\u00edme <em>\u201cako cez z\u00e1voj\u201d, <\/em>\u010di\u017ee na veciach bud\u00facich sa radi \u201epri\u017eivuj\u00fa\u201c r\u00f4zni falo\u0161n\u00ed proroci, ktor\u00ed si rozpr\u00e1van\u00edm o nich h\u013eadaj\u00fa svojich \u017eiakov a nasledovn\u00edkov. V\u0161etci vedia, \u017ee \u010dlovek, ktor\u00fd bol stvoren\u00fd do spolo\u010denstva, nechce by\u0165 na svojej \u017eivotnej ceste s\u00e1m. Sme radi, ke\u010f sa n\u00e1m niekto slu\u0161ne prihovor\u00ed, ke\u010f prejav\u00ed o n\u00e1s z\u00e1ujem, alebo n\u00e1m pon\u00fakne svoj \u010das, porozumenie a spolo\u010denstvo. Mnoh\u00ed z n\u00e1s sa u\u017e mo\u017eno stretli sme s tak\u00fdmi \u013eu\u010fmi, ktor\u00ed hovoria pekne o n\u00e1bo\u017eensk\u00fdch veciach, o P\u00e1nu Bohu a bud\u00facich veciach. \u010clovek hne\u010f nemus\u00ed zbada\u0165 s ak\u00fdm z\u00e1merom k n\u00e1m pristupuj\u00fa. \u017de konaj\u00fa ako vlci v ov\u010dom r\u00fachu.&nbsp; &nbsp; Preto P\u00e1n Je\u017ei\u0161 svojim nasledovn\u00edkom hovor\u00ed: <em>\u201cNedajte sa zvies\u0165! Lebo mnoh\u00ed pr\u00eddu v mojom mene a povedia: Ja som Kristus, a: \u010cas sa pribl\u00ed\u017eil<\/em>\u201d.<\/p>\n\n\n\n<p>Pr\u00e1ve upozornen\u00edm na druh\u00fd pr\u00edchod P\u00e1nov a slovami o poslednom s\u00fade s\u00fa niekedy \u013eudia pohnut\u00ed k tomu, aby im venovali svoju pozornos\u0165.&nbsp;<\/p>\n\n\n\n<p>&nbsp; &nbsp; &nbsp; S\u00fa to najm\u00e4 <em>\u201cdva fronty\u201d<\/em>, na ktor\u00fdch mus\u00edme duchovne bdie\u0165 a<em> \u201cbojova\u0165 dobr\u00fd boj viery.\u201d<\/em> , aby sme sa nedali zvies\u0165, alebo pom\u00fdli\u0165 vo viere. Jeden je sekt\u00e1rsky s druh\u00fd nevereck\u00fd, ateistick\u00fd, vyzna\u010duj\u00faci sa povrchnos\u0165ou.<\/p>\n\n\n\n<p>&nbsp;&nbsp; V sp\u00f4soboch oslovenia \u013eud\u00ed s\u00fa priamo \u0161kolen\u00ed napr\u00edklad svedkovia Jehovovi, ktor\u00ed vidia v na\u0161ej cirkvi svoje \u201cmisijn\u00e9 pole\u201d. Nez\u00edskavaj\u00fa \u013eud\u00ed za svedkov Kristov\u00fdch, ale Jehovov\u00fdch. Neh\u013eadaj\u00fa ich nato\u013eko \u201cvo svete\u201d, ale sk\u00f4r sa obracaj\u00fa na vla\u017en\u00fdch kres\u0165anov, ktor\u00ed nikdy ne\u0161li s Kristom \u201cna hlbinu\u201d a iba povrchne poznaj\u00fa Jeho slov\u00e1 a podstatu evanjelia.<\/p>\n\n\n\n<p>&nbsp;&nbsp; &nbsp; P\u00e1n Je\u017ei\u0161 od svojich u\u010den\u00edkov, svojich apo\u0161tolov a svedkov o\u010dak\u00e1va vernos\u0165 v nasledovan\u00ed. Preto v\u0161etk\u00fdm hovor\u00ed: <em>\u201cNecho\u010fte za nimi\u201d<\/em>. Nespom\u00edna s\u00edce konkr\u00e9tne \u017eidovsk\u00fdch a \u017eidokres\u0165ansk\u00fdch u\u010dite\u013eov, ale je zrejm\u00e9, \u017ee pr\u00e1ve najm\u00e4 na nich upozor\u0148uje svojich u\u010den\u00edkov a nasledovn\u00edkov. &nbsp;<\/p>\n\n\n\n<p>\u00a0\u00a0 \u00a0 Tam, kde r\u00f4zni u\u010ditelia klad\u00fa d\u00f4raz na meno \u201cJehova\u201d a hovoria radi o apokalyptick\u00fdch obrazoch P\u00edsma, o \u017eidovsk\u00fdch prik\u00e1zaniach o sobote a o jedl\u00e1ch, ktor\u00e9 SZ zakazovala prij\u00edma\u0165 ako ne\u010dist\u00e9, tam skuto\u010dne mus\u00edme by\u0165 vn\u00edmav\u00ed a rozli\u0161ova\u0165, \u010do je v\u00f4\u013ea P\u00e1nova. Aj ke\u010f zdanlivo \u00factivo hovoria o Kristu, P\u00e1n Je\u017ei\u0161 hovor\u00ed: \u201c<em>Necho\u010fte za nimi\u201d<\/em>! Je to v\u00e1\u017ene varovanie a upozornenie, t\u00fdm viac, \u017ee ka\u017ed\u00fdm d\u0148om je n\u00e1m<em> \u201cspasenie bli\u017e\u0161ie, ako ke\u010f sme uverili\u201d<\/em> a pribli\u017euje sa P\u00e1nov pr\u00edchod a s n\u00edm aj koniec tohoto sveta a posledn\u00fd s\u00fad.\u00a0<\/p>\n\n\n\n<p>&nbsp; &nbsp; Okrem sekt\u00e1rskych u\u010dite\u013eov m\u00f4\u017eu kres\u0165anov m\u00f4\u017eu <strong>zvies\u0165 k nevere <\/strong>a odvies\u0165 od P\u00e1na Je\u017ei\u0161a aj pohansk\u00e9 myslenie a prejavy r\u00f4znych ne\u0161\u013eachetnost\u00ed. Pohansk\u00fd sp\u00f4sob \u017eivota v\u017edy od\u0165ahuje \u013eud\u00ed od Krista \u201ck zemi\u201d a tomu, \u010do je \u201czemsk\u00e9\u201d. Prejavy rozmanit\u00fdch n\u00e1uk m\u00f4\u017eu by\u0165 r\u00f4zne a \u201epestrofarebn\u00e9\u201d, ale v\u017edy ide o odpor vo\u010di evanjeliu, ktor\u00e9 je z neba a <em>\u201cprevy\u0161uje ka\u017ed\u00fd \u013eudsk\u00fd rozum\u201d.&nbsp;<\/em><\/p>\n\n\n\n<p>&nbsp; <em>&nbsp; &nbsp; &#8211; Ako pr\u00edklad m\u00f4\u017eeme uvies\u0165 napr. sp\u00f4sob sv\u00e4tenia a pre\u017e\u00edvanie sviatkov. Iste n\u00e1m neuniklo, \u017ee rozhlas a telev\u00edzia u\u017e od konca okt\u00f3bra hovoria o Vianociach, vysielaj\u00fa sa r\u00f4zne star\u00e9 i nov\u00e9 reklamy a tak masm\u00e9di\u00e1 Vianoce menia na obchod, biznis, pr\u00edpadne iba na vo\u013en\u00e9 chv\u00edle a pr\u00e1zdnu z\u00e1bavu. &#8211; Ni\u010d, alebo len ve\u013emi m\u00e1lo sa hovor\u00ed o v\u00e1\u017enosti adventu, ni\u010d o pravom pok\u00e1n\u00ed, ni\u010d o pravom obsahu sviatkov. T\u00fdm menej o posledn\u00fdch veciach \u010dloveka<\/em>.<\/p>\n\n\n\n<p>\u00a0\u00a0 \u00a0 P\u00e1n cirkvi n\u00e1s v posledn\u00e9 nedele cirkevn\u00e9ho roku v s\u00favise s Jeho druh\u00fdm pr\u00edchodom preto varuje pred zvodmi a zvodcami, ktor\u00ed by n\u00e1s chceli odvies\u0165 od Spasite\u013ea, ktor\u00fd je: cesta, pravda i \u017eivot.<\/p>\n\n\n\n<p>&nbsp; &nbsp; Bratia&nbsp; a sestry!<\/p>\n\n\n\n<p>\u00a0 \u00a0 Kristus P\u00e1n n\u00e1s v\u0161ak nielen varuje pred rozli\u010dn\u00fdmi zvodmi, ktor\u00e9 na Jeho vern\u00fdch st\u00e1le doliehaj\u00fa a bud\u00fa na cirkev a kres\u0165anov \u010d\u00edha\u0165 a\u017e do konca tohoto sveta, ale n\u00e1s aj<strong> povzbudzuje k st\u00e1losti vo viere.<\/strong><\/p>\n\n\n\n<p>&nbsp;&nbsp; &nbsp; Mnoh\u00ed samozvan\u00ed u\u010ditelia hovoria, \u017ee poznaj\u00fa presn\u00fd \u010das konca sveta. V podstate zastra\u0161uj\u00fa \u013eud\u00ed \u201ekreslen\u00edm\u201d katastrofick\u00fdch scen\u00e1rov konca sveta. \u013dudia s\u00fa iste ochotnej\u0161\u00ed v\u00e1\u017enej\u0161ie sa zamyslie\u0165 nad svoj\u00edm \u017eivotom, ke\u010f po\u010duj\u00fa napr\u00edklad o<em>\u201co vojn\u00e1ch a o nepokojoch\u201d,<\/em> ktor\u00e9 ohrozuj\u00fa \u017eivot \u013eud\u00ed a nepriamo \u010dasto aj n\u00e1s &#8211; Ale P\u00e1n Je\u017ei\u0161 hovor\u00ed: <em>\u201cNedeste sa! <\/em>&#8211; <em>lebo to mus\u00ed by\u0165 prv, ale koniec nebude hne\u010f!<\/em>\u201d<\/p>\n\n\n\n<p>Je znakom tohoto sveta odvr\u00e1ten\u00e9ho od viery, \u017ee znova a znova <em>\u201cpovst\u00e1va n\u00e1rod proti n\u00e1rodu a kr\u00e1\u013eovstvo proti kr\u00e1\u013eovstvu\u201d. <\/em>Svedectvom nest\u00e1losti a pominute\u013enosti \u017eivota s\u00fa aj<em> \u201czemetrasenia, hlad, mor- \u010di pand\u00e9mie a desiv\u00e9 zjavy i r\u00f4zne znamenia na nebi<\/em>\u201d. To v\u0161etko je sprievodn\u00fdm znakom \u017eivota na zemi.&nbsp; &nbsp; &nbsp;<\/p>\n\n\n\n<p>&nbsp;&nbsp; V P\u00e1nov\u00fdch slov\u00e1ch je aj upozornenie na skuto\u010dnos\u0165, \u017ee <strong>zvody<\/strong> na jeho vern\u00fdch bud\u00fa v\u017edy prich\u00e1dza\u0165. \u017de viera v Neho ako Spasite\u013ea nie je na\u0161\u00edm trval\u00fdm majetkom a v\u00fdbavou, ale darom, o ktor\u00fd n\u00e1s bude chcie\u0165 diabol i svet pripravi\u0165. Preto n\u00e1s<strong> v\u00fdzva k vernosti vo\u010di Nemu,<\/strong> ako Bo\u017eiemu Synovi a jedin\u00e9mu Spasite\u013eovi.&nbsp;<\/p>\n\n\n\n<p>&nbsp; &nbsp; Zvodom k odpadnutiu od viery v Jeho meno b\u00fdva aj to, ak sme ter\u010dom posmechu <em>\u201cmocn\u00fdch tohoto sveta\u201d<\/em>, ak sme bezmocn\u00ed pred <em>\u201ckr\u00e1\u013emi a vlad\u00e1rmi\u201d<\/em>, ktor\u00ed si n\u00e1rokuj\u00fa na\u0161u poslu\u0161nos\u0165 a svoje men\u00e1 klad\u00fa nad meno samotn\u00e9ho P\u00e1na a Spasite\u013ea. P\u00e1n Je\u017ei\u0161 vie, \u017ee nepr\u00e1vos\u0165 a najr\u00f4znej\u0161ie prejavy \u013eudsk\u00e9ho hriechu sa prejavuj\u00fa a bud\u00fa prejavova\u0165 v ka\u017edom \u010dase, preto hovor\u00ed: <em>\u201cTo e\u0161te nie je koniec\u2026\u201d.&nbsp;<\/em><\/p>\n\n\n\n<p><em>&nbsp;&nbsp; &nbsp; <\/em>Iste najv\u00e1\u017enej\u0161ie<strong> sk\u00fa\u0161ky viery s\u00fa<\/strong>, ak v z\u00e1pase viery str\u00e1came podporu na\u0161ich najbli\u017e\u0161\u00edch a dom\u00e1cich. Dokonca sa niekdy st\u00e1va, \u017ee t\u00ed, \u010do s\u00fa na\u0161i najbli\u017e\u0161\u00ed &#8211; rodi\u010dia, alebo bratia, pr\u00edbuzn\u00ed, \u010di priatelia pre \u201cstrach \u017eidovsk\u00fd\u201d veriaceho zr\u00e1dzaj\u00fa.&nbsp; &#8211; Bratia a sestry, hoci je to neuverite\u013en\u00e9 &#8211; niektor\u00ed \u013eudia skuto\u010dne aj tak\u00fato zradu za\u017eili nie tak d\u00e1vno, toti\u017e v totalitnom re\u017eime pred 34 rokmi. Je to smutn\u00e1 sk\u00fasenos\u0165 na\u0161ej cirkvi, \u017ee pre rozli\u010dn\u00e9 \u201cdon\u00e1\u0161a\u010dstvo\u201d a jud\u00e1\u0161stvo\u201d sa v niektor\u00fdch pr\u00edpadoch naru\u0161ili vz\u0165ahy v cirkvi do tej miery, \u017ee dodnes nie s\u00fa obnoven\u00e9, vylie\u010den\u00e9 a zahojen\u00e9\u2026.<\/p>\n\n\n\n<p>&nbsp;&nbsp; &nbsp; &nbsp; Bratia a sestry!<\/p>\n\n\n\n<p>&nbsp;&nbsp; &nbsp; &nbsp; Je skuto\u010dnos\u0165ou, \u017ee napriek r\u00f4znym zjavn\u00fdm a v\u00fdrazn\u00fdm znakom konca tohoto o pr\u00edchode P\u00e1novho d\u0148a nikto z \u013eud\u00ed nevie a nebude vedie\u0165, iba s\u00e1m P\u00e1n. Z tohto poznania m\u00f4\u017eu vyplyn\u00fa\u0165 <strong>dva nespr\u00e1vne uz\u00e1very.&nbsp;<\/strong><\/p>\n\n\n\n<p><strong>&nbsp; &nbsp; Prv\u00fd<\/strong>, \u017ee de\u0148 P\u00e1nov nepr\u00edde a nepribli\u017euje sa, preto sa \u010dlovek nemus\u00ed ni\u010doho ob\u00e1va\u0165&#8230;<strong>Druh\u00fd <\/strong>nespr\u00e1vny uz\u00e1ver je ten, kto n\u00e1s chce odvies\u0165 od pokladu viery a n\u00e1deje povie: <em>\u201cNa\u0161a skupinka to vie vypo\u010d\u00edta\u0165, preto \u2013 prest\u00fapte k n\u00e1m\u201d.&nbsp; &nbsp; &nbsp;<\/em><\/p>\n\n\n\n<p>\u00a0 \u00a0 \u00a0 Ako teda m\u00e1me pozera\u0165 na bud\u00facnos\u0165 v pravej d\u00f4vere ? P\u00e1n Je\u017ei\u0161 hovor\u00ed v\u00e1\u017ene o svojom pr\u00edchode i o zodpovednosti ktor\u00e1 z tohoto vedomia plynie, ale s\u00fa\u010dasne n\u00e1s zbavuje strachu! <em>\u201c V\u0161etci v\u00e1s bud\u00fa nen\u00e1vidie\u0165 pre moje meno, ale ani vlas sa v\u00e1m nestrat\u00ed z hlavy\u201d. <\/em>\u00a0<\/p>\n\n\n\n<p>&nbsp;&nbsp; &nbsp; T\u00fdmto obrazom &#8222;vlasu&#8220; n\u00e1s povzbudzuje k vernosti k Jeho<em>\u201cmenu\u201d<\/em>, ktor\u00e9 je nad v\u0161etky men\u00e1 a v ktorom jedine m\u00f4\u017eme d\u00f4js\u0165 spasenia. Je\u017ei\u0161 Kristus m\u00e1 a bude ma\u0165 posledn\u00e9 slovo vo v\u0161etkom. On napokon rozhodne o \u00fadele na\u0161om, i o \u00fadele t\u00fdch, ktor\u00ed nen\u00e1vidia Jeho sv\u00e4t\u00e9 meno.&nbsp;<\/p>\n\n\n\n<p>&nbsp; &nbsp; &nbsp; V na\u0161ej evanjelickej hymne pre nie n\u00e1hodou spievame a vyzn\u00e1vame:&nbsp;<\/p>\n\n\n\n<p><em>\u201c Hoc diablov bol by pln\u00fd svet, chcej\u00facich n\u00e1s pohlti\u0165\/,&nbsp;<\/em><\/p>\n\n\n\n<p><em>nemus\u00edme sa strachom chvie\u0165, musia v\u0161etci ust\u00fapi\u0165,.&nbsp;<\/em><\/p>\n\n\n\n<p><em>Knie\u017ea sveta toho, tr\u00fafa si mnoho\/ neu\u0161kod\u00ed n\u00e1m,\/<\/em><\/p>\n\n\n\n<p><em>ods\u00fadil ho n\u00e1\u0161 P\u00e1n; \/ Slov\u00ed\u010dko ho poraz\u00ed.<\/em><\/p>\n\n\n\n<p>&nbsp; 3. Bratia a sestry!<\/p>\n\n\n\n<p>&nbsp;&nbsp; Mocn\u00fdm povzbuden\u00edm k vernosti P\u00e1novi a\u017e do konca n\u00e1\u0161ho \u017eivota je n\u00e1dej a istota ve\u010dn\u00e9ho \u017eivota s P\u00e1nom Je\u017ei\u0161om Kristom. On s\u00e1m hovor\u00ed a zas\u013eubuje:<em> \u201cVytrvalos\u0165ou zachov\u00e1te si du\u0161e\u201d.<\/em> Vytrvalos\u0165 vo&nbsp; viere je pravou hodnotou.<\/p>\n\n\n\n<p><em>&nbsp; &nbsp; <\/em>P\u00e1nov <strong><em>druh\u00fd pr\u00edchod k s\u00fadu <\/em><\/strong>bude pre t\u00fdch, ktor\u00ed veria Jeho slovu a zas\u013e\u00fabeniu vyk\u00fapen\u00edm a z\u00e1chranou. Bude obnoven\u00edm blaha raja i stvoren\u00edm nov\u00fdch vec\u00ed. Toto vedomie n\u00e1s vedie k \u017eivotu zodpovedn\u00e9mu pred Ocom i pred \u013eu\u010fmi. M. Luther povedal:<em> \u201cKeby som vedel, \u017ee zajtra bude s\u00fadny de\u0148, aj tak by som e\u0161te dnes zasadil jablo\u0148\u201d.<\/em> To je v\u00fdraz pravej d\u00f4very v milos\u0165 P\u00e1na Je\u017ei\u0161a a l\u00e1sku Boha Otca a k zbo\u017en\u00e9mu kres\u0165ansk\u00e9mu \u017eivotu.<\/p>\n\n\n\n<p>\u00a0\u00a0 \u00a0 Vytrvalos\u0165 vo viere m\u00e1 by\u0165 teda ozdobou ka\u017ed\u00e9ho vern\u00e9ho kres\u0165an. Aj ke\u010f vyd\u00e1vanie svedectva viery nemus\u00ed by\u0165 v\u017edy \u013eahkou \u00falohou, pr\u00e1ve t\u00e1to slu\u017eba a \u00faloha je d\u00f4le\u017eit\u00e1 pre tento svet, ale aj pre n\u00e1s, ktor\u00ed sme poznali a prijali dar Ducha Sv\u00e4t\u00e9ho v slove a sviatostiach.\u00a0 &#8211; Posledn\u00fd \u010das sa napl\u0148uje, zosta\u0148me preto vern\u00ed n\u00e1\u0161mu P\u00e1novi a Spasite\u013eovi. Tomu, ktor\u00fd vernos\u0165 odmen\u00ed darom neba, osl\u00e1venia a ve\u010dn\u00e9ho \u017eivota. Amen<\/p>\n\n\n\n<p>&nbsp;&nbsp; &nbsp; &nbsp; &nbsp; &nbsp; &nbsp; &nbsp; &nbsp; &nbsp; &nbsp; &nbsp; &nbsp; &nbsp; &nbsp; &nbsp; &nbsp; Predposledn\u00e1&nbsp; nede\u013ea cirkevn\u00e9ho roku&nbsp;<\/p>\n\n\n\n<p>&nbsp;&nbsp; &nbsp; &nbsp; &nbsp; &nbsp; &nbsp; &nbsp; &nbsp; &nbsp; &nbsp; &#8211; 25. N po Sv.Trojici &#8211; Tur\u00e1 L\u00faka 2023 &#8211; \u013dubom\u00edr Batka st.<\/p>\n","protected":false},"excerpt":{"rendered":"<p>&nbsp;&nbsp; &nbsp; &nbsp; &nbsp; &nbsp; &nbsp; &nbsp; &nbsp; &nbsp; &nbsp; &nbsp; &nbsp; &nbsp; &nbsp; &nbsp; &nbsp; &nbsp; &nbsp; &nbsp; &nbsp; \u010cas sa pribl\u00ed\u017eil Synu Bo\u017e\u00ed, Pane Kriste,n\u00e1dej na\u0161a &#8211; \u00fato\u010di\u0161te,\u00a0zachovaj n\u00e1s vo vyznan\u00ed,\u017ee si za n\u00e1s kri\u017eovan\u00fd.A ke\u010f niekdy pr\u00edde\u0161 k s\u00fadu,priznaj sa k n\u00e1m, svojmu \u013eudu,zmiluj sa a prive\u010f k sebe,z pla\u010du &#8211; strast\u00ed &#8230; <a title=\"\u010cas sa pribl\u00ed\u017eil\" class=\"read-more\" href=\"https:\/\/www.e-anjelik.sk\/index.php\/2023\/11\/18\/cas-sa-priblizil\/\" aria-label=\"Pre\u010d\u00edtajte si viac o \u010cas sa pribl\u00ed\u017eil\">\u010c\u00edta\u0165 viac<\/a><\/p>\n","protected":false},"author":4,"featured_media":0,"comment_status":"open","ping_status":"open","sticky":false,"template":"","format":"standard","meta":{"footnotes":""},"categories":[119,121,626,95,145],"tags":[],"class_list":["post-36362","post","type-post","status-publish","format-standard","hentry","category-obdobie-po-sv-trojici","category-kazne","category-predposledna-nedela-cirk-roku","category-sobotiste","category-tura-luka"],"_links":{"self":[{"href":"https:\/\/www.e-anjelik.sk\/index.php\/wp-json\/wp\/v2\/posts\/36362","targetHints":{"allow":["GET"]}}],"collection":[{"href":"https:\/\/www.e-anjelik.sk\/index.php\/wp-json\/wp\/v2\/posts"}],"about":[{"href":"https:\/\/www.e-anjelik.sk\/index.php\/wp-json\/wp\/v2\/types\/post"}],"author":[{"embeddable":true,"href":"https:\/\/www.e-anjelik.sk\/index.php\/wp-json\/wp\/v2\/users\/4"}],"replies":[{"embeddable":true,"href":"https:\/\/www.e-anjelik.sk\/index.php\/wp-json\/wp\/v2\/comments?post=36362"}],"version-history":[{"count":3,"href":"https:\/\/www.e-anjelik.sk\/index.php\/wp-json\/wp\/v2\/posts\/36362\/revisions"}],"predecessor-version":[{"id":36883,"href":"https:\/\/www.e-anjelik.sk\/index.php\/wp-json\/wp\/v2\/posts\/36362\/revisions\/36883"}],"wp:attachment":[{"href":"https:\/\/www.e-anjelik.sk\/index.php\/wp-json\/wp\/v2\/media?parent=36362"}],"wp:term":[{"taxonomy":"category","embeddable":true,"href":"https:\/\/www.e-anjelik.sk\/index.php\/wp-json\/wp\/v2\/categories?post=36362"},{"taxonomy":"post_tag","embeddable":true,"href":"https:\/\/www.e-anjelik.sk\/index.php\/wp-json\/wp\/v2\/tags?post=36362"}],"curies":[{"name":"wp","href":"https:\/\/api.w.org\/{rel}","templated":true}]}}