{"id":3637,"date":"2011-06-22T08:15:46","date_gmt":"2011-06-22T08:15:46","guid":{"rendered":"http:\/\/e-anjelik.sk\/?p=3637"},"modified":"2011-06-22T08:15:46","modified_gmt":"2011-06-22T08:15:46","slug":"z-najblizsich-akcii-v-myjavskom-seniorate","status":"publish","type":"post","link":"https:\/\/www.e-anjelik.sk\/index.php\/2011\/06\/22\/z-najblizsich-akcii-v-myjavskom-seniorate\/","title":{"rendered":"Z najbli\u017e\u0161\u00edch akci\u00ed v Myjavskom senior\u00e1te"},"content":{"rendered":"<p>&nbsp;&nbsp; &nbsp; 1. &nbsp; Brat biskup Slavom&iacute;r Sabol bol &nbsp;po\u017eidan&yacute; Zborm biskupov, aby v tomto roku- <strong>d\u0148a 5.j&uacute;la<\/strong> &nbsp;na misijnom stretnut&iacute; <strong>na Bran\u010di<\/strong> bol sl&aacute;vn&yacute;m kazate\u013eom. V mene CZ Soboti&scaron;te toto rozhodnutie v&iacute;tame a &nbsp;mod&iacute;me sa, aby P&aacute;n po\u017eehnal aj jeho vch&aacute;dzanie a vych&aacute;dzanie v tomto &nbsp;spolo\u010denstve viery. Pr&iacute;tomn&iacute; bud aj br.gen.biskup Milo&scaron; Kl&aacute;tik a d.brat biskup M.Krivda, &nbsp;a br.dozorcivia di&scaron;triktov. V r&aacute;mci bohoslu\u017eobn&eacute;h stretnutia vyst&uacute;pia zborov&eacute; spevokoly z Tren\u010dianskych Stankoviec.<\/p>\n<p>Za\u010diatok SLB, z pr&iacute;le\u017eitosti sviatku C+M a spomienky na galejn&iacute;kov &nbsp;a mu\u010den&iacute;kov na&scaron;ej cirkvi, ako i spomienky na M.J.Husa je o 10.00. &Uacute;ryvky z PROGLASU Kon&scaron;tant&iacute;na filozofa recituje br.Juraj Sarva&scaron;.<\/p>\n<p>&nbsp;<\/p>\n<p>&nbsp;&nbsp; 2. &nbsp;D\u0148a <strong>25.j&uacute;na<\/strong> (najbli\u017e&scaron;ia sobota) bude v CZ Krajn&eacute; &scaron;portov&yacute; a misijn&yacute; de\u0148 pokonfirma\u010dnej ml&aacute;de\u017ee MYS.<\/p>\n<p>S&uacute;\u0165a\u017e&iacute; sa v 4 &scaron;portoch: futbale, streetballe, vodnom futbale, volejbale a florbale.-<\/p>\n<p>&nbsp;&nbsp; &nbsp; Hesl&aacute; s&uacute; hne\u010f dve: Najlep&scaron;ia obrana je &uacute;tok.- Dobehni na JK games 11!- za\u010diatok <strong>v Krajnom o 8.3O.<\/strong><\/p>\n<p>&nbsp;&nbsp;<\/p>\n<p>&nbsp;&nbsp; &nbsp; 3. V nede\u013eu 26.j&uacute;na &nbsp;o 14.hod, bude stretnutie zborov&yacute;ch spevokolov na Myjave. Organizuje VMV .<\/p>\n<p>&nbsp;<\/p>\n<p>&nbsp;&nbsp; &nbsp;4. V predve\u010der sl&aacute;vnosti <strong>na Bran\u010di- 4.j&uacute;la sa<\/strong> pripravuje <strong>stretnutie &nbsp;ml&aacute;de\u017ee a mlad&scaron;&iacute;ch rod&iacute;n <\/strong>na Bran\u010di, s koncertom&nbsp;&nbsp;troch hudobn&yacute;ch skup&iacute;n a \u010fal&scaron;&iacute;m programom. Za\u010diatok o 19.hod. &#8211; Na z&aacute;ver &#8211; opeka\u010dka.<\/p>\n<p>&nbsp;&nbsp; &nbsp; &nbsp; &nbsp; &nbsp; &nbsp; &nbsp; &nbsp; &nbsp; &nbsp; &nbsp; &nbsp; &nbsp; &nbsp; &nbsp;Bli\u017e&scaron;ie inform&aacute;cie pod&aacute; hlavn&yacute; organiz&aacute;tor: F&Uacute; Brezov&aacute; p.Br.&nbsp;<\/p>\n<p>&nbsp;&nbsp;&nbsp;<\/p>\n<p>&nbsp;&nbsp;&nbsp;<\/p>\n","protected":false},"excerpt":{"rendered":"<p>&nbsp;&nbsp; &nbsp; 1. &nbsp; Brat biskup Slavom&iacute;r Sabol bol &nbsp;po\u017eidan&yacute; Zborm biskupov, aby v tomto roku- d\u0148a 5.j&uacute;la &nbsp;na misijnom stretnut&iacute; na Bran\u010di bol sl&aacute;vn&yacute;m kazate\u013eom. V mene CZ Soboti&scaron;te toto rozhodnutie v&iacute;tame a &nbsp;mod&iacute;me sa, aby P&aacute;n po\u017eehnal aj jeho vch&aacute;dzanie a vych&aacute;dzanie v tomto &nbsp;spolo\u010denstve viery. Pr&iacute;tomn&iacute; bud aj br.gen.biskup Milo&scaron; Kl&aacute;tik a &#8230; <a title=\"Z najbli\u017e\u0161\u00edch akci\u00ed v Myjavskom senior\u00e1te\" class=\"read-more\" href=\"https:\/\/www.e-anjelik.sk\/index.php\/2011\/06\/22\/z-najblizsich-akcii-v-myjavskom-seniorate\/\" aria-label=\"Pre\u010d\u00edtajte si viac o Z najbli\u017e\u0161\u00edch akci\u00ed v Myjavskom senior\u00e1te\">\u010c\u00edta\u0165 viac<\/a><\/p>\n","protected":false},"author":4,"featured_media":0,"comment_status":"open","ping_status":"open","sticky":false,"template":"","format":"standard","meta":{"footnotes":""},"categories":[1],"tags":[],"class_list":["post-3637","post","type-post","status-publish","format-standard","hentry","category-adventna-modlitba"],"_links":{"self":[{"href":"https:\/\/www.e-anjelik.sk\/index.php\/wp-json\/wp\/v2\/posts\/3637","targetHints":{"allow":["GET"]}}],"collection":[{"href":"https:\/\/www.e-anjelik.sk\/index.php\/wp-json\/wp\/v2\/posts"}],"about":[{"href":"https:\/\/www.e-anjelik.sk\/index.php\/wp-json\/wp\/v2\/types\/post"}],"author":[{"embeddable":true,"href":"https:\/\/www.e-anjelik.sk\/index.php\/wp-json\/wp\/v2\/users\/4"}],"replies":[{"embeddable":true,"href":"https:\/\/www.e-anjelik.sk\/index.php\/wp-json\/wp\/v2\/comments?post=3637"}],"version-history":[{"count":0,"href":"https:\/\/www.e-anjelik.sk\/index.php\/wp-json\/wp\/v2\/posts\/3637\/revisions"}],"wp:attachment":[{"href":"https:\/\/www.e-anjelik.sk\/index.php\/wp-json\/wp\/v2\/media?parent=3637"}],"wp:term":[{"taxonomy":"category","embeddable":true,"href":"https:\/\/www.e-anjelik.sk\/index.php\/wp-json\/wp\/v2\/categories?post=3637"},{"taxonomy":"post_tag","embeddable":true,"href":"https:\/\/www.e-anjelik.sk\/index.php\/wp-json\/wp\/v2\/tags?post=3637"}],"curies":[{"name":"wp","href":"https:\/\/api.w.org\/{rel}","templated":true}]}}