{"id":3638,"date":"2011-06-22T08:31:24","date_gmt":"2011-06-22T08:31:24","guid":{"rendered":"http:\/\/e-anjelik.sk\/?p=3638"},"modified":"2011-06-22T08:31:24","modified_gmt":"2011-06-22T08:31:24","slug":"europska-aliancia-chce-zachovat-nedelu-ako-den-pracovneho-pokoja","status":"publish","type":"post","link":"https:\/\/www.e-anjelik.sk\/index.php\/2011\/06\/22\/europska-aliancia-chce-zachovat-nedelu-ako-den-pracovneho-pokoja\/","title":{"rendered":"Eur\u00f3pska aliancia chce zachova\u0165 nede\u013eu ako de\u0148 pracovn\u00e9ho pokoja"},"content":{"rendered":"<p>&Scaron;irok&aacute; aliancia cirkv&iacute;, odborov, spolkov a politikov chce sa zasadzova\u0165 za zachovanie ne&scaron;dele ako d\u0148a pracovn&eacute;ho pokoja v Eur&oacute;pskej &uacute;nii. Za t&yacute;mto cie\u013eom bola v pondelok v Bruseli zalo\u017een&aacute; &quot;Eur&oacute;pska aliancia nedele&quot; , ktor&uacute; podporuje viacej ako 50 organiz&aacute;ci&iacute; z rozli\u010dn&yacute;ch eur&oacute;pskych kraj&iacute;n. &quot;Vyz&yacute;vame eur&oacute;pske in&scaron;tit&uacute;cie nede\u013eu v E&Uacute; principi&aacute;lne zachova\u0165 ako spolo\u010dn&yacute; de\u0148 v t&yacute;\u017edni bez pr&aacute;ce .&quot; P&iacute;&scaron;e sa v zakladaj&uacute;com dokumente. Iniciat&iacute;va chce vidie\u0165 ochranu&aacute; nedele o.i. vidie\u0165 zakotven&uacute; v E&Uacute; smerniciach o pracovnom pr&aacute;ve. Jej prepracovanie stoj&iacute; v politickej agende pre najbli\u017e&scaron;ie mesiace.<\/p>\n<p>(<a href=\"http:\/\/www.epd.de\">www.epd.de<\/a>)<\/p>\n","protected":false},"excerpt":{"rendered":"<p>&Scaron;irok&aacute; aliancia cirkv&iacute;, odborov, spolkov a politikov chce sa zasadzova\u0165 za zachovanie ne&scaron;dele ako d\u0148a pracovn&eacute;ho pokoja v Eur&oacute;pskej &uacute;nii. Za t&yacute;mto cie\u013eom bola v pondelok v Bruseli zalo\u017een&aacute; &quot;Eur&oacute;pska aliancia nedele&quot; , ktor&uacute; podporuje viacej ako 50 organiz&aacute;ci&iacute; z rozli\u010dn&yacute;ch eur&oacute;pskych kraj&iacute;n. &quot;Vyz&yacute;vame eur&oacute;pske in&scaron;tit&uacute;cie nede\u013eu v E&Uacute; principi&aacute;lne zachova\u0165 ako spolo\u010dn&yacute; de\u0148 v &#8230; <a title=\"Eur\u00f3pska aliancia chce zachova\u0165 nede\u013eu ako de\u0148 pracovn\u00e9ho pokoja\" class=\"read-more\" href=\"https:\/\/www.e-anjelik.sk\/index.php\/2011\/06\/22\/europska-aliancia-chce-zachovat-nedelu-ako-den-pracovneho-pokoja\/\" aria-label=\"Pre\u010d\u00edtajte si viac o Eur\u00f3pska aliancia chce zachova\u0165 nede\u013eu ako de\u0148 pracovn\u00e9ho pokoja\">\u010c\u00edta\u0165 viac<\/a><\/p>\n","protected":false},"author":22,"featured_media":0,"comment_status":"open","ping_status":"open","sticky":false,"template":"","format":"standard","meta":{"footnotes":""},"categories":[1],"tags":[234],"class_list":["post-3638","post","type-post","status-publish","format-standard","hentry","category-adventna-modlitba","tag-zdruzenia-a-skupiny"],"_links":{"self":[{"href":"https:\/\/www.e-anjelik.sk\/index.php\/wp-json\/wp\/v2\/posts\/3638","targetHints":{"allow":["GET"]}}],"collection":[{"href":"https:\/\/www.e-anjelik.sk\/index.php\/wp-json\/wp\/v2\/posts"}],"about":[{"href":"https:\/\/www.e-anjelik.sk\/index.php\/wp-json\/wp\/v2\/types\/post"}],"author":[{"embeddable":true,"href":"https:\/\/www.e-anjelik.sk\/index.php\/wp-json\/wp\/v2\/users\/22"}],"replies":[{"embeddable":true,"href":"https:\/\/www.e-anjelik.sk\/index.php\/wp-json\/wp\/v2\/comments?post=3638"}],"version-history":[{"count":0,"href":"https:\/\/www.e-anjelik.sk\/index.php\/wp-json\/wp\/v2\/posts\/3638\/revisions"}],"wp:attachment":[{"href":"https:\/\/www.e-anjelik.sk\/index.php\/wp-json\/wp\/v2\/media?parent=3638"}],"wp:term":[{"taxonomy":"category","embeddable":true,"href":"https:\/\/www.e-anjelik.sk\/index.php\/wp-json\/wp\/v2\/categories?post=3638"},{"taxonomy":"post_tag","embeddable":true,"href":"https:\/\/www.e-anjelik.sk\/index.php\/wp-json\/wp\/v2\/tags?post=3638"}],"curies":[{"name":"wp","href":"https:\/\/api.w.org\/{rel}","templated":true}]}}