{"id":36389,"date":"2023-12-02T21:58:50","date_gmt":"2023-12-02T20:58:50","guid":{"rendered":"https:\/\/e-anjelik.sk\/?p=36389"},"modified":"2023-12-02T21:58:50","modified_gmt":"2023-12-02T20:58:50","slug":"senicki-evanjelici-na-sudoch-v-sobotisti-1672","status":"publish","type":"post","link":"https:\/\/www.e-anjelik.sk\/index.php\/2023\/12\/02\/senicki-evanjelici-na-sudoch-v-sobotisti-1672\/","title":{"rendered":"Senick\u00ed evanjelici na s\u00fadoch v Soboti\u0161ti 1672"},"content":{"rendered":"\n<p>&nbsp; &nbsp;<strong> Senick\u00ed evanjelici na s\u00fadoch v Soboti\u0161ti 1672 a n\u00e1sledn\u00e1&nbsp; &nbsp; &nbsp; &nbsp;<\/strong><\/p>\n\n\n\n<p><strong>&nbsp; &nbsp; &nbsp; vojensk\u00e1 retorzia v Senici a na Bran\u010dskom panstve v roku 1673<\/strong>.<\/p>\n\n\n\n<p>&nbsp; &nbsp; V Senici predch\u00e1dzal tragick\u00fdm udalostiam pr\u00edchod cis\u00e1rskeho vojska na jar roku <strong>1670<\/strong>. Pil\u00e1rik o tom nap\u00edsal: <em>\u201cKe\u010f u\u017e gener\u00e1l <\/em><strong><em>Spork <\/em><\/strong><em>pri\u0161iel do Senice, z jeho mu\u017estva sn\u00e1\u010f 200 mu\u017eov pri\u0161lo ku mne ku spovedi a na slu\u017eb\u00e1ch Bo\u017e\u00edch bol aj s\u00e1m gener\u00e1l; potom ma dal zavola\u0165 k sebe. Ja som ho aj \u00faradne pozdravil, na \u010do skrze tlmo\u010dn\u00edka odpovedal a po\u010fakoval sa a aj ma k svojej tabuli dal pozva\u0165. Bola nede\u013ea Jubilate. Ale preto\u017ee medzit\u00fdm do\u0161iel aj gener\u00e1l <\/em><strong><em>Montecucoli<\/em><\/strong><em>, po\u010fakoval som sa a zve\u013emi zdvorile som sa ospravedlnil, \u010do aj v dobrom prijal a Spork ospravedlnenie prijal a dal seni\u010danom odpor\u00fa\u010danie za ich dobroprajnos\u0165 a znamenit\u00e9 pohostenie, aby im tadia\u013e ma\u0161\u00edruj\u00face voje v ni\u010dom nepo\u0161kodili. Onedlho potom pri\u0161iel ten \u010dasto spom\u00ednan\u00fd <\/em><strong><em>jezuita Peter Longio<\/em><\/strong><em> a pok\u00fasil sa najprv lichoten\u00edm k odpadnutiu ma prehovori\u0165, potom ale hrozbami a vypovedal rovno: \u201dTieto vojsk\u00e1 s\u00fa nato do Uhorska poslan\u00e9, aby evanjelick\u00e9 stavy ako rebelov na majetku a cti, \u00e1no daktor\u00fdch aj na tele a \u017eivote potrestali, z ktor\u00fdch som vraj aj ja jeden\u201d. <\/em>Pil\u00e1rik, ako aj predt\u00fdm odolal, ale nesk\u00f4r sa uk\u00e1zalo, \u017ee p\u00e1trove re\u010di neboli len stra\u0161en\u00edm, ale dok\u00e1zali sa pravdou.<\/p>\n\n\n\n<p>&nbsp; &nbsp; Tomu v\u0161ak predch\u00e1dzali viacer\u00e9 snahy. 11. novembra 1670 odopreli seni\u010dania na \u010dele s Pil\u00e1rikom vyda\u0165 k\u013e\u00fa\u010de od kostola <strong>Valent\u00ednovi Bala\u0161ovi.<\/strong> V marci 1671 prostredn\u00edctvom svojho sluhu vyzval Pil\u00e1rika jeden z komposesorov Bran\u010dsk\u00e9ho panstva<strong> J\u00e1n Majt\u00e9ni, <\/strong>aby odovzdal kostol a a vys\u0165ahoval sa z fary. Pil\u00e1rik to odmietol.&nbsp;<\/p>\n\n\n\n<p>&nbsp;&nbsp; &nbsp; Ob\u017ealoba ich vinila za obranu evanjelick\u00e9ho senick\u00e9ho kostola a akt\u00edvny odpor pri n\u00e1silnom a bezpr\u00e1vnom odoberan\u00ed kostola v<strong> Turej L\u00fake d\u0148a 14.j\u00fala 1672.<\/strong> Prv\u00e9 vy\u0161etrovanie evanjelick\u00fdch s\u00fadnej komisie bolo u\u017e 18. augusta, na ktor\u00e9 pri\u0161li s\u00edce v\u0161etci predvolan\u00ed, ale ke\u010f\u017ee nepri\u0161iel gener\u00e1l Rabbata so svojimi kyrysn\u00edkmi t\u00e1boriaci pri Skalici, predvolan\u00ed sa vr\u00e1tili domov.<\/p>\n\n\n\n<p>&nbsp; &nbsp;<strong> 24. augusta 1672 <\/strong>dostali v\u0161etci nov\u00e9 pozvanie. Senick\u00fd far\u00e1r a senior Braneck\u00e9ho senior\u00e1tu \u0160tefan Pil\u00e1rik sa v\u0161ak pred vy\u0161etrovaciu komisiu 24.augusta v Soboti\u0161ti u\u017e nedostavil, ke\u010f\u017ee dostal od bar\u00f3na <strong>Franti\u0161ka \u0147\u00e1riho<\/strong> upozornenie, aby do Soboti\u0161\u0165a nechodil. T\u00fato zpr\u00e1vu v dutej palici rozposlal Pil\u00e1rik prostredn\u00edctvom sluhu v\u0161etk\u00fdm predvolan\u00fdm evanjelick\u00fdm far\u00e1rom. T\u00edto sa na s\u00fadne vy\u0161etrovanie dostavili a zhroma\u017edili sa na fare. Boli to dom\u00e1ci J\u00e1n Szentkereszty,Daniel Krman st,z Turej L\u00faky, skalick\u00fd far\u00e1r J\u00e1n Michalides, Jon\u00e1\u0161 Kranz z Prietr\u017ee a Michal L\u00e1ni z Vrboviec.<\/p>\n\n\n\n<p>&nbsp; &nbsp; Ke\u010f pr\u00edtomn\u00ed videli prich\u00e1dza\u0165 vojsko pri\u0161lo pred ka\u0161tie\u013e, dali sa v\u0161etci cez humn\u00e1 na \u00fatek. Rabbatovi sa podarilo zaja\u0165 iba vrbov\u010dansk\u00e9ho far\u00e1ra <strong>Michala L\u00e1niho,<\/strong> ktor\u00e9ho odviedol a poslal do vyhnanstva. Danielovi Krmanovi st. sa podarilo ujs\u0165 do lesa. Vojaci ktor\u00ed na ko\u0148och cv\u00e1lali za utekaj\u00facimi temer za\u0161liapali kopytami kon\u00ed v konopisku sa skr\u00fdvaj\u00faceho dev\u00e4\u0165ro\u010dn\u00e9ho \u017eiaka miestnej \u0161koly Daniela Krmana ml.<\/p>\n\n\n\n<p>&nbsp; &nbsp; \u0160tefan Pil\u00e1rik na\u0161iel \u00fato\u010di\u0161te vo <strong>Ve\u013ek\u00fdch Lev\u00e1roch<\/strong> v dome miestneho <strong>\u0161\u013eachtica Kri\u0161tofa Ferdinanda Koloni\u010da<\/strong><em>(bratranec biskupa Koloni\u010da vo Viede\u0148skom Novom Meste). <\/em>Tam pobudol vy\u0161e roka a ke\u010f bolo zrejm\u00e9, \u017ee je sledovan\u00fd a prenasledovate\u013eom by neunikol, odi\u0161iel tajne do Zittau a napokon v rokoch 1674-93 p\u00f4sobil ako far\u00e1r v hornolu\u017eickej exulantskj obci Neusalza, kde vybudoval nov\u00fd kostol, kde nesk\u00f4r aj zomrel a bol pochovan\u00fd. &nbsp;<\/p>\n\n\n\n<p>&nbsp;&nbsp; &nbsp; Prv\u00fd a hlavn\u00fd <strong>\u017ealobca biskup Juraj B\u00e1r\u0161o\u0148<\/strong>, brat zabit\u00e9ho pronotr\u00e1ra <strong>J\u00e1na<\/strong> sa na s\u00fad nedostavil. T\u00fdm form\u00e1lne malo by\u0165 s\u00fadne pokra\u010dovanie zru\u0161en\u00e9, ale hlavn\u00fd sudca <strong>Juraj Ghill\u00e1ny<\/strong> prijal \u017ealobu v zast\u00fapen\u00ed braneck\u00e9ho panstva, ktor\u00e9 tvorilo tzv. komposesor\u00e1t. V\u00e4\u010d\u0161ina jeho \u010dlenov bola \u010dlenmi r.k. cirkvi.<\/p>\n\n\n\n<p>&nbsp;&nbsp; Pre dejiny <strong>senick\u00e9ho CZ<\/strong> zaznamen\u00e1vame men\u00e1 ob\u017ealovan\u00fdch:<\/p>\n\n\n\n<p>&nbsp;1. <strong>Martin Kawman, richt\u00e1r<\/strong><\/p>\n\n\n\n<p>&nbsp;2. Michael Honad alias Prowazn\u00fdk<\/p>\n\n\n\n<p>&nbsp;3. Lucam Pixiades<\/p>\n\n\n\n<p>&nbsp;4. Georgium Marillay<\/p>\n\n\n\n<p>&nbsp;5. Paulum Hawczyk<\/p>\n\n\n\n<p>&nbsp;6. vdova Hrezkowa<\/p>\n\n\n\n<p>&nbsp;7. Martinnum Benda<\/p>\n\n\n\n<p>&nbsp; 8. vdova Jakobi Kawa<\/p>\n\n\n\n<p>&nbsp; 9. vdova Bohaczka,<\/p>\n\n\n\n<p><strong>10. Joanem &#8211; Organista<\/strong><\/p>\n\n\n\n<p>11. Andream Kowar<\/p>\n\n\n\n<p>12. Joannnem Howan\u010d\u00edk<\/p>\n\n\n\n<p>13. Joannnem Stolyk<\/p>\n\n\n\n<p>14. Joannem&nbsp; Sloboda<\/p>\n\n\n\n<p>15. Paulum Greksza<\/p>\n\n\n\n<p>16. Joannem Bohuss<\/p>\n\n\n\n<p>17. Laurentium Z\u00fdl\u00fdnsk\u00fd<\/p>\n\n\n\n<p>18. vdova Proksowa<\/p>\n\n\n\n<p>19. Mattiam Pel\u00fdkan,<\/p>\n\n\n\n<p><strong>20. vdova Kunyorka<\/strong><\/p>\n\n\n\n<p>21. Thomam Stranyowsk\u00fd<\/p>\n\n\n\n<p>22. Georgium Nowaczek<\/p>\n\n\n\n<p>23. Fridericum Vitek<\/p>\n\n\n\n<p>24. Joannem Kla\u010dzka<\/p>\n\n\n\n<p>24. Daniel Dvoworak <em>( Fisci suae maiestatis)<\/em><\/p>\n\n\n\n<p>\u010falej:<\/p>\n\n\n\n<p>25. Bartholomacum Polak<\/p>\n\n\n\n<p>25. Georgium Cz\u00fdglansk\u00fd<\/p>\n\n\n\n<p>26. Hyeronimum Patak<\/p>\n\n\n\n<p>27. Michaelem Marada<\/p>\n\n\n\n<p><strong>28. Vencislaum Hansl\u00fd\u010dek<\/strong><\/p>\n\n\n\n<p>29. Paulum Petrla<\/p>\n\n\n\n<p>30. vdova Peczenkova<\/p>\n\n\n\n<p>31. Joannem Kobelka<\/p>\n\n\n\n<p>32. Martinum Chocholecz<\/p>\n\n\n\n<p>33. Martinum <strong>Orel<\/strong><\/p>\n\n\n\n<p>34.Georgium Surow\u00fd<\/p>\n\n\n\n<p>35.Joannem Czern\u00fd<\/p>\n\n\n\n<p>36. Paulum Holess<\/p>\n\n\n\n<p>37. Joannem Kolar<\/p>\n\n\n\n<p>38. Martinum Kowar<\/p>\n\n\n\n<p><strong>39. druh\u00fd Martinum Sysel<\/strong><\/p>\n\n\n\n<p>40. vdova Mecz\u00fdrka<\/p>\n\n\n\n<p>41. Georgium Csernak<\/p>\n\n\n\n<p>42. vdova Zel\u00fdenkowa<\/p>\n\n\n\n<p>43. Georgium Petrla<\/p>\n\n\n\n<p>44. Martinim Chra\u00fdka<\/p>\n\n\n\n<p>45. Andream Panaczek <em>(poddan\u00ed vzn.pani vdov <\/em><strong><em>M\u00e1rie Sandor<\/em><\/strong><em>, po osv. a vzn.p\u00e1novi Emerici Nyary <\/em>)<\/p>\n\n\n\n<p>\u010falej:&nbsp;<\/p>\n\n\n\n<p>46. Nicolaum Blanar,<\/p>\n\n\n\n<p>47. Georium Polaszek<\/p>\n\n\n\n<p>48. Martinum Str\u00fdcek a<\/p>\n\n\n\n<p>49. <strong>Mathiam Juraczeek,<\/strong> (gen. a vzn.<strong>Judithae Amadae<\/strong>, illustrisimi condam domini comitis<strong> Gabrielis Erd\u00f6d\u00fd de Magyoro Keryk<\/strong> relictae viduae)<\/p>\n\n\n\n<p>-\u010falej:&nbsp;<\/p>\n\n\n\n<p>50. Mattiam Sloboda, <em>(zspectabilis ac magnifici domini <\/em><strong><em>Michaelis Eszterhaz\u00fd <\/em><\/strong><em>de Galanta)<\/em><\/p>\n\n\n\n<p>51. Joannnem Ssew\u010dyk<\/p>\n\n\n\n<p>52. Martinum Kochanek<\/p>\n\n\n\n<p>53. Georgium Budanecz<\/p>\n\n\n\n<p>&nbsp;<em>(generosse ac magnificae <\/em><strong><em>Catharinae Hedervar\u00fd,<\/em><\/strong><em> magnifici condam domini Joannnis Vica\u00fd relictae viduae;)<\/em><\/p>\n\n\n\n<p>\u010falej:<\/p>\n\n\n\n<p>54. Georgium Tomassow\u00fdcz<\/p>\n\n\n\n<p>55. vdova Bohusska<\/p>\n\n\n\n<p>56. Georgium Gasspar\u00fdk <em>( generosae ac magificae dominae Judithae Esterhaz\u00fd, magnifici condam domini Joannis Amad\u00fd relictae viduae;)<\/em><\/p>\n\n\n\n<p><em>57. <\/em>vdova Kobelkova <strong>a&nbsp;<\/strong><\/p>\n\n\n\n<p><strong>58. Jacobum Lepss\u00fdnka <\/strong><em>(spectabilis ac magnifici domini <\/em><strong><em>Adami Amade;)<\/em><\/strong><\/p>\n\n\n\n<p>\u010falej:<\/p>\n\n\n\n<p>58.&nbsp; Andream Past\u00fdr<\/p>\n\n\n\n<p>59. Georgium Ssew\u010dz\u00fdk<\/p>\n\n\n\n<p>60. Joannem Pawelka<\/p>\n\n\n\n<p>61. Mathiam Sswecz<\/p>\n\n\n\n<p>62. vdova Nowaczkowa<\/p>\n\n\n\n<p>63. Matthiam Blanar<\/p>\n\n\n\n<p>64. Adamum Suken\u00fdk<em> (generoae dominae <\/em><strong><em>Mariae Nyar\u00fd<\/em><\/strong><em>, consortis generosi domini <\/em><strong><em>Emerici Huszar<\/em><\/strong><em>\ud83d\ude09<\/em><\/p>\n\n\n\n<p>\u010falej:<\/p>\n\n\n\n<p>65. Joannem Tonsoris,<\/p>\n\n\n\n<p>66. Stephanum Lazar\u00fddes <em>(generosi domini <\/em><strong><em>Gasparis Mayth\u00edn\u00fd;<\/em><\/strong><em>)<\/em><\/p>\n\n\n\n<p><strong>\u010falej:&nbsp;<\/strong><\/p>\n\n\n\n<p>67. Joannes Benda,<\/p>\n\n\n\n<p>68. Michaelem Klobu\u010dn\u00fdik,<\/p>\n\n\n\n<p>69. Georgium Bukowskj,<\/p>\n\n\n\n<p>70. Marinum Nahack\u00fd,<\/p>\n\n\n\n<p>71. Georgium Vrba,<\/p>\n\n\n\n<p>72. Joannem Hanusek,<\/p>\n\n\n\n<p>73. Stephanum Kelechen\u00fd,<\/p>\n\n\n\n<p>74. Mattianm Maleczek,<\/p>\n\n\n\n<p>75. Joannem Hrabovsk\u00fd,<\/p>\n\n\n\n<p>76. Martinum Patala<em>, (heredum condam domini <\/em><strong><em>Joannis Vendel\u00e9ny<\/em><\/strong><em> \u00e1 <\/em><strong><em>Slosperh;<\/em><\/strong><em>)<\/em><\/p>\n\n\n\n<p><strong>\u010falej:&nbsp;<\/strong><\/p>\n\n\n\n<p>77.Georgium Gurak,<\/p>\n\n\n\n<p>78. Baltazarem Sswecz,<\/p>\n\n\n\n<p>79. Rudolphum Kolon\u00fdcz,<em> (generosae dominae <\/em><strong><em>Juliannae Ma\u00fdth\u00edn<\/em><\/strong><em>j relictae videae generosi condam domini<\/em><strong><em> Pauli Trszt\u00fdanskj;)<\/em><\/strong><\/p>\n\n\n\n<p>\u010falej:<\/p>\n\n\n\n<p>80. Danielem Zernow\u00fdck\u00fd,<\/p>\n\n\n\n<p>81. Martinum Letow\u00fdck\u00fd,<\/p>\n\n\n\n<p>82. Georgium Hagyar <em>(generosi domni <\/em><strong><em>Georgii Kerek\u00e9s<\/em><\/strong><em>\ud83d\ude09<\/em><\/p>\n\n\n\n<p>\u010falej:&nbsp;<\/p>\n\n\n\n<p>83. Martinum Faczovsk\u00fd, <em>(generosi condam domini <\/em><strong><em>Sigismundu Horvatrelictae <\/em><\/strong><em>viduae;)<\/em><\/p>\n\n\n\n<p>\u010falej:&nbsp;<\/p>\n\n\n\n<p>84. vdova Toman\u00fdk,<\/p>\n\n\n\n<p>85. Andream Polaczek,<\/p>\n\n\n\n<p>86. Joannem Mat\u00edsek,<\/p>\n\n\n\n<p>87. Joachimum Stolar,&nbsp;<\/p>\n\n\n\n<p>88. <strong>vdova Barbaram Gombarka<\/strong> so synmi:<\/p>\n\n\n\n<p>89. Joanne,<\/p>\n\n\n\n<p>90. Georgio a<\/p>\n\n\n\n<p>91. Martino, <em>(generosi domini <\/em><strong><em>Davidis<\/em><\/strong><strong><em>Czauner<\/em><\/strong><em>\ud83d\ude09<\/em><\/p>\n\n\n\n<p>\u010falej:<\/p>\n\n\n\n<p>92. Simeonem Nowomesk\u00fd,<\/p>\n\n\n\n<p>93. Martinum Wlk,&nbsp;<\/p>\n\n\n\n<p>94. Joannem Blazek,<em> (generosi domini<\/em><strong><em> Francisci<\/em><\/strong><strong><em>Sepeticz;<\/em><\/strong><em>)<\/em><\/p>\n\n\n\n<p>\u010falej:&nbsp;<\/p>\n\n\n\n<p>93. <strong>Stephanum Stre\u017een\u00fdckj alias Sabo,<\/strong><\/p>\n\n\n\n<p><strong>94. Matthiam Orel,<\/strong><\/p>\n\n\n\n<p>95. GerhardumBlanar,<\/p>\n\n\n\n<p>96. <strong>Joannem Czangla,<\/strong>&nbsp;<\/p>\n\n\n\n<p>97. vdova Kowarka,<\/p>\n\n\n\n<p>98. Jacobum Sswecz,<\/p>\n\n\n\n<p>99. Nicolaum Kromer\u00fdnsk\u00fd,<\/p>\n\n\n\n<p>100. Joannem Lepss\u00fdnka,<em> (familiae <\/em><strong><em>Zongor<\/em><\/strong><em>\ud83d\ude09<\/em><\/p>\n\n\n\n<p>\u010falej: &nbsp;<\/p>\n\n\n\n<p>101. Bartholomaeum Sswecz,<\/p>\n\n\n\n<p>102. Joannem Zydek, <em>( generosi domini <\/em><strong><em>Adami Nagy Myhaly<\/em><\/strong><em>\ud83d\ude09<\/em><\/p>\n\n\n\n<p>\u010falej:&nbsp;<\/p>\n\n\n\n<p>103. Paulum Blanar,<\/p>\n\n\n\n<p>104. Joannem Tessy\u00fdnek,<\/p>\n\n\n\n<p>105. Georgium Mudr\u00fd,<\/p>\n\n\n\n<p><strong>106. Joannem Salay,<\/strong><\/p>\n\n\n\n<p>107. Georgium Sal\u00fdk,<em> (generosi <\/em><strong><em>domini Joanne Mednyanskj<\/em><\/strong><em>, domini locumtenentis regii pronotarii;)<\/em><\/p>\n\n\n\n<p>\u010falej:&nbsp;<\/p>\n\n\n\n<p>108.&nbsp; Martinum Czeyern\u00fd, <em>(generosi domini <\/em><strong><em>Francisci Nagy Lesz\u00e9nyei;)<\/em><\/strong><\/p>\n\n\n\n<p>\u010falej:&nbsp;<\/p>\n\n\n\n<p>109. Paulum Lewarsk\u00fd,<em>(egregii domini <\/em><strong><em>Joannis Blasskov\u00fdcz;<\/em><\/strong><em>)<\/em><\/p>\n\n\n\n<p><em>110. <\/em>ad extremum Martinum Babka,<\/p>\n\n\n\n<p>111. Nicolaum Gasparow\u00fdech a&nbsp;<\/p>\n\n\n\n<p>112. Martinum M\u00fdtn\u00fd,<\/p>\n\n\n\n<p><strong>\u010falej:<\/strong><\/p>\n\n\n\n<p><strong>113. Georgium&nbsp; Pauliny a&nbsp;<\/strong><\/p>\n\n\n\n<p>114. <strong>Stephanum Trnowsky<\/strong><em> (studiosos scholae Lutheranae praefati oppidi Stenjcze)&nbsp;<\/em><\/p>\n\n\n\n<p><em>115. <\/em>necnon <strong>Stephanum Pilar\u00fdk predicantem<\/strong> et<\/p>\n\n\n\n<p>116 . <strong>Joannem<\/strong> <strong>Stephanydes ludimagistrum attacti oppidi Szenycze, (121)\u2026<\/strong><\/p>\n\n\n\n<p><strong>&nbsp; &nbsp;<\/strong> (Pozn. V z\u00e1tvorke je uveden\u00e1 \u017ealuj\u00faca dotknut\u00e1 strana, ktor\u00e1 sa c\u00edtila urazen\u00e1 prejavom neposlu\u0161nosti svojich poddan\u00fdch. Z\u00e1pis mien je tu ponechan\u00fd v p\u00f4vodnom tvare )&nbsp;<\/p>\n\n\n\n<p>&nbsp; &nbsp; &nbsp; &nbsp; &nbsp; &nbsp; &nbsp; &nbsp; &nbsp; &nbsp; &nbsp; &nbsp; &nbsp; &nbsp; &nbsp; &nbsp; &nbsp; &nbsp; &nbsp; &nbsp; &nbsp; &nbsp; &nbsp; &nbsp; &nbsp; &nbsp; &nbsp; &nbsp; &nbsp; \u013dubom\u00edr Batka st.<\/p>\n\n\n\n<p>&nbsp; &nbsp; &nbsp; (Pokra\u010dovanie)<\/p>\n","protected":false},"excerpt":{"rendered":"<p>&nbsp; &nbsp; Senick\u00ed evanjelici na s\u00fadoch v Soboti\u0161ti 1672 a n\u00e1sledn\u00e1&nbsp; &nbsp; &nbsp; &nbsp; &nbsp; &nbsp; &nbsp; vojensk\u00e1 retorzia v Senici a na Bran\u010dskom panstve v roku 1673. &nbsp; &nbsp; V Senici predch\u00e1dzal tragick\u00fdm udalostiam pr\u00edchod cis\u00e1rskeho vojska na jar roku 1670. Pil\u00e1rik o tom nap\u00edsal: \u201cKe\u010f u\u017e gener\u00e1l Spork pri\u0161iel do Senice, z jeho &#8230; <a title=\"Senick\u00ed evanjelici na s\u00fadoch v Soboti\u0161ti 1672\" class=\"read-more\" href=\"https:\/\/www.e-anjelik.sk\/index.php\/2023\/12\/02\/senicki-evanjelici-na-sudoch-v-sobotisti-1672\/\" aria-label=\"Pre\u010d\u00edtajte si viac o Senick\u00ed evanjelici na s\u00fadoch v Soboti\u0161ti 1672\">\u010c\u00edta\u0165 viac<\/a><\/p>\n","protected":false},"author":4,"featured_media":0,"comment_status":"open","ping_status":"open","sticky":false,"template":"","format":"standard","meta":{"footnotes":""},"categories":[40,386,6,158,95,145],"tags":[],"class_list":["post-36389","post","type-post","status-publish","format-standard","hentry","category-historia","category-historicke-okienko","category-myjavsky-seniorat","category-senica","category-sobotiste","category-tura-luka"],"_links":{"self":[{"href":"https:\/\/www.e-anjelik.sk\/index.php\/wp-json\/wp\/v2\/posts\/36389","targetHints":{"allow":["GET"]}}],"collection":[{"href":"https:\/\/www.e-anjelik.sk\/index.php\/wp-json\/wp\/v2\/posts"}],"about":[{"href":"https:\/\/www.e-anjelik.sk\/index.php\/wp-json\/wp\/v2\/types\/post"}],"author":[{"embeddable":true,"href":"https:\/\/www.e-anjelik.sk\/index.php\/wp-json\/wp\/v2\/users\/4"}],"replies":[{"embeddable":true,"href":"https:\/\/www.e-anjelik.sk\/index.php\/wp-json\/wp\/v2\/comments?post=36389"}],"version-history":[{"count":1,"href":"https:\/\/www.e-anjelik.sk\/index.php\/wp-json\/wp\/v2\/posts\/36389\/revisions"}],"predecessor-version":[{"id":36390,"href":"https:\/\/www.e-anjelik.sk\/index.php\/wp-json\/wp\/v2\/posts\/36389\/revisions\/36390"}],"wp:attachment":[{"href":"https:\/\/www.e-anjelik.sk\/index.php\/wp-json\/wp\/v2\/media?parent=36389"}],"wp:term":[{"taxonomy":"category","embeddable":true,"href":"https:\/\/www.e-anjelik.sk\/index.php\/wp-json\/wp\/v2\/categories?post=36389"},{"taxonomy":"post_tag","embeddable":true,"href":"https:\/\/www.e-anjelik.sk\/index.php\/wp-json\/wp\/v2\/tags?post=36389"}],"curies":[{"name":"wp","href":"https:\/\/api.w.org\/{rel}","templated":true}]}}