{"id":36393,"date":"2023-12-02T22:57:16","date_gmt":"2023-12-02T21:57:16","guid":{"rendered":"https:\/\/e-anjelik.sk\/?p=36393"},"modified":"2024-07-04T19:44:54","modified_gmt":"2024-07-04T17:44:54","slug":"aky-advent-take-vianoce","status":"publish","type":"post","link":"https:\/\/www.e-anjelik.sk\/index.php\/2023\/12\/02\/aky-advent-take-vianoce\/","title":{"rendered":"Ak\u00fd Advent &#8211; tak\u00e9 Vianoce"},"content":{"rendered":"\n<p><em>&nbsp; &nbsp; &nbsp; &nbsp; &nbsp; &nbsp; &nbsp; &nbsp; &nbsp; <\/em><strong><em>&nbsp; <\/em>Ak\u00fd Advent &#8211; take Vianoce<\/strong><\/p>\n\n\n\n<p><em>Po\u010dujeme hlas Tvoj, Ot\u010de drah\u00fd &#8211;<\/em><br><em>Nu\u017e \u017eehnaj, \u017eehnaj na\u0161e t\u00fa\u017eby, snahy.<\/em><br><em>\u00cds\u0165 za hlasom t\u00fdm st\u00e1le &#8211; ka\u017edodenne\u2026<\/em><br><em>A srdce stvor n\u00e1m \u010dist\u00e9, oddan\u00e9 a vern\u00e9!<\/em><br><em>Ve\u010f Tvoja l\u00e1ska ve\u013ek\u00e1, neskonal\u00e1<\/em><br><em>Je\u017ei\u0161a Krista svetu &#8211; ist\u00fa n\u00e1dej dala.<\/em><br><em>\u010co otv\u00e1ra n\u00e1m nebo, n\u00faka ve\u010dn\u00fa sp\u00e1su!<\/em><br><em>Na\u010d\u00fava\u0165 chceme, Ot\u010de, Tvojmu hlasu. Amen\u00a0 (Z.O.)<\/em><\/p>\n\n\n\n<p><strong>\u017dd 10, 19 &#8211; 25:<\/strong><\/p>\n\n\n\n<p><em>\u201cKe\u010f\u017ee teda, bratia, m\u00e1me d\u00f4veru, \u017ee vojdeme do sv\u00e4tyne skrze krv Je\u017ei\u0161ovu (20) touto novou a \u017eivou cestou, ktor\u00fa n\u00e1m otvoril cez oponu, to jest cez vlastn\u00e9 telo; (21) a ke\u010f\u017ee m\u00e1me aj ve\u013ek\u00e9ho k\u0148aza nad domom Bo\u017e\u00edm: (22) pristupujme s \u00faprimn\u00fdm srdcom, v plnosti viery ako tak\u00ed, ktor\u00ed maj\u00fa srdce o\u010disten\u00e9 od zl\u00e9ho svedomia a telo obmyt\u00e9 \u010distou vodou. (23) Prid\u0155\u017eajme sa neochvejne vyznania n\u00e1deje, lebo vern\u00fd je Ten, ktor\u00fd dal to zas\u013e\u00fabenie. (24) A pozorujme sa vospolok, aby sme sa povzbudzovali k l\u00e1ske a dobr\u00fdm skutkom. (25) Neop\u00fa\u0161\u0165ajme svoje zhroma\u017edenia, ako niektor\u00ed maj\u00fa vo zvyku, ale napom\u00ednajme sa, a to t\u00fdm viac, \u010d\u00edm viac vid\u00edte, \u017ee sa pribli\u017eujem ten de\u0148\u201d. Amen<\/em><\/p>\n\n\n\n<p>Bohumil\u00ed kres\u0165ania!<\/p>\n\n\n\n<p><strong>&nbsp;&nbsp; &nbsp; <\/strong>Vz\u00e1cny adventn\u00fd \u010das vst\u00fapil cez na\u0161e prahy do kres\u0165ansk\u00fdch rod\u00edn v zav\u00edtal op\u00e4\u0165 do \u017eivota kres\u0165anskej cirkvi. Vn\u00edmame ho ako premenu \u010dasu a za\u010diatok nov\u00e9ho cirkevn\u00e9ho roku. I ke\u010f sa&nbsp; adventn\u00e9 vence so \u0161tyrmi svie\u010dkami stali u\u017e \u0161tandardnou v\u00fdzdobou kostolov, dom\u00e1cnost\u00ed i verejn\u00fdch priestorov, vyn\u00e1ra sa v na\u0161om vn\u00fatri ot\u00e1zka, \u010di skuto\u010dne zaregistruje svet okolo n\u00e1s adventn\u00fd \u010das ako po\u017eehnan\u00fd a vz\u00e1cny \u010das a nov\u00fd za\u010diatok, ktor\u00fd n\u00e1s oslovuje v\u00fdzvou, <em>\u201c\u017ee n\u00e1m je u\u017e \u010das prebudi\u0165 sa zo sna, lebo spasenie je op\u00e4\u0165 bli\u017e\u0161ie, ako ke\u010f sme uverili\u201d.<\/em>&nbsp;<\/p>\n\n\n\n<p>\u00a0\u00a0 V\u017edy platilo a plat\u00ed aj dnes: <em>Ak\u00fd Advent &#8211; tak\u00e9 Vianoce.<\/em> <strong>Svet<\/strong> okolo n\u00e1s adventn\u00fd \u010das a najm\u00e4 viano\u010dn\u00e9 sviatky v\u00edta ako mo\u017enos\u0165 zv\u00fd\u0161en\u00e9ho obchodn\u00e9ho obratu a konzumu, pr\u00edpadne ako dni pracovn\u00e9ho vo\u013ena a oddychu. Ak adventn\u00fd \u010das prijmeme a pre\u017eijeme iba s tak\u00fdmito povrchn\u00fdmi z\u00e1mermi a cie\u013eom, s\u00fastreden\u00edm sa na telesn\u00e9 veci a dary, tak\u00e9 bud\u00fa a zostan\u00fa aj samotn\u00e9 sviatky. Ak \u010dlovek<em> \u201cnem\u00e1 u\u0161i na po\u010d\u00favanie\u201d <\/em>Bo\u017eieho slova, zostane pri v\u0161etkej vonkaj\u0161ej v\u00fdzdobe a bohatstve darov v srdciach \u013eud\u00ed ve\u013ek\u00e1 pr\u00e1zdnota.<\/p>\n\n\n\n<p>&nbsp;&nbsp; Ak v\u0161ak adventn\u00fd \u010das vyu\u017eijeme k prem\u00fd\u0161\u013eaniu nad zves\u0165ou evanjelia, ako to urobila M\u00e1ria najsk\u00f4r v Nazarete a potom aj spolu so svojou pr\u00edbuznou Al\u017ebetou, m\u00f4\u017ee n\u00e1m tak\u00e9to po\u010d\u00favanie a prem\u00fd\u0161\u013eanie prinies\u0165 ve\u013ek\u00fa rados\u0165, pokoj a bla\u017eenos\u0165 do srdca a du\u0161e. Adventn\u00e9 posolstvo a tajomstv\u00e1 adventu otv\u00e1raj\u00fa nov\u00fa cestu pre na\u0161e kroky a cesty \u017eivota. Je to na\u0161e osobn\u00e9 prianie a t\u00fa\u017eba, ale aj na\u0161e blaho\u017eelanie na\u0161\u00edm cirkevn\u00fdm zborom pri vstupe do nov\u00e9ho cirkevn\u00e9ho roku.&nbsp;<\/p>\n\n\n\n<p>\u00a0\u00a0 <strong>Apo\u0161tolsk\u00e9 slovo z listu <em>\u017didom (10, 19 &#8211; 25)<\/em><\/strong> prin\u00e1\u0161a nieko\u013eko d\u00f4le\u017eit\u00fdch upozornen\u00ed a usmernen\u00ed pre po\u017eehnan\u00e9 pre\u017e\u00edvanie adventn\u00e9ho \u010dasu. <strong>Prv\u00e9 <\/strong>sa t\u00fdka na\u0161ej viery a d\u00f4very vzh\u013eadom na <strong>to, \u010do sa u\u017e stalo a udialo pre na\u0161u z\u00e1chranu, ako d\u00f4sledok prv\u00e9ho pr\u00edchodu P\u00e1na Je\u017ei\u0161a<\/strong>. Jeho pr\u00edchod nebol s\u00edce pr\u00edchodom v moci a sl\u00e1ve, ale bol pr\u00edchodom, ktor\u00fd pre n\u00e1s znamen\u00e1 otvorenie br\u00e1ny neba a novej a bezpe\u010dnej cesty k ve\u010dn\u00e9mu \u017eivotu. My sme Je\u017ei\u0161ov\u00fdm pr\u00edchodom na svet, hoci to bola cesta pokory skuto\u010dne <em>\u201czbohatli\u201d.<\/em> Cesta Je\u017ei\u0161a z neba cez Jeho vtelenie, narodenie a ukri\u017eovanie je mo\u017enos\u0165ou pre n\u00e1s \u00eds\u0165 <em>\u201cnovou a \u017eivou cestou do sv\u00e4tyne\u201d,<\/em>\u00a0 do nebeskej ot\u010diny.\u00a0<\/p>\n\n\n\n<p>\u00a0 \u00a0 \u00a0 Cez <em>\u201coponu Jeho tela\u201d<\/em> a skrze vyliatie Jeho sv\u00e4tej krvi za n\u00e1s, Je\u017ei\u0161 o\u010dis\u0165uje na\u0161e svedomie, prin\u00e1\u0161a zmierenie s Otcom a pripravuje n\u00e1s tak k pr\u00edchodu do domu Bo\u017eieho. Pri\u0161iel, aby sa stal prav\u00fdm <strong>K\u0148azom<\/strong> a s\u00fa\u010dasne dokonalou <strong>obe\u0165ou<\/strong>, skrze ktor\u00fa m\u00e1me trvalo otvoren\u00fa cestu do sl\u00e1vy neba.\u00a0<\/p>\n\n\n\n<p>Ka\u017ed\u00fd kres\u0165an si to s pr\u00edchodom adventu nanovo uvedomuje a v\u017edy nanovo t\u00fa\u017ei po skuto\u010dnom obmyt\u00ed du\u0161e a srdca. Preto s d\u00f4verou prij\u00edma <strong>P\u00e1novu sv\u00e4t\u00fa ve\u010deru.<\/strong><\/p>\n\n\n\n<p><strong>&nbsp;&nbsp; &nbsp; &nbsp; <\/strong>Je spr\u00e1vne, ak t\u00fato vieru a d\u00f4veru v Toho, ktor\u00fd pri\u0161iel v plnosti \u010dasu vyu\u017eijeme vo v\u0161etk\u00fdch na\u0161ich zboroch. Toto <em>\u201chodovanie <\/em>\u201c a <em>\u201cstolovanie&nbsp; s P\u00e1nom<\/em>\u201d, svet nem\u00e1 a nem\u00f4\u017ee ho pon\u00faknu\u0165, napriek mno\u017estvu pokrmov a n\u00e1pojov, ktor\u00e9 konzumn\u00e1 spolo\u010dnos\u0165 \u013eudom serv\u00edruje.&nbsp;<\/p>\n\n\n\n<p>&nbsp; &nbsp; Apo\u0161tolsk\u00e9 slovo n\u00e1s \u010falej vyz\u00fdva na preh\u013abenie<strong> na\u0161ej n\u00e1deje v Toho ktor\u00fd sa vtelil a narodil pre n\u00e1s<\/strong>, ke\u010f hovor\u00ed:<em> \u201d Prid\u0155\u017eajme sa&nbsp; neochvejne vyznania n\u00e1deje, lebo vern\u00fd je Ten, ktor\u00fd to zas\u013eubuje\u201d.(v.23)<\/em><\/p>\n\n\n\n<p>&nbsp; &nbsp; <strong>Advent<\/strong> je \u010dasom, ktor\u00fd n\u00e1m pripom\u00edna, \u017ee P\u00e1n Boh je vern\u00fd vo svojom slove a vo svojich zas\u013e\u00fabeniach. Preto spievame v adventn\u00fdch pies\u0148ach o d\u00f4vere, ktor\u00fa P\u00e1n Boh nesklamal, ke\u010f u\u017e v raji zas\u013e\u00fabil pr\u00edchod Vyslobodite\u013ea. Ale s\u00fa\u010dasne mysl\u00edme aj na <strong>druh\u00fd pr\u00edchod P\u00e1na Je\u017ei\u0161a, <\/strong>ke\u010f sa naplnia v\u0161etky Otcom a N\u00edm dan\u00e9 zas\u013e\u00fabenia. Advent m\u00e1 preto nielen svoju dimenziu historick\u00fa, ale obracia n\u00e1\u0161 poh\u013ead aj <strong>do bud\u00facnosti, <\/strong>ktor\u00fa n\u00e1m P\u00e1n Boh z milosti pripravil skrze svojho Syna. S Bo\u017e\u00edmi svedkami smieme vidie\u0165 u\u017e v adventnom \u010dase <em>\u201cnebo otvoren\u00e9\u201d<\/em> a <em>\u201cSvetlo\u201d<\/em>, ktor\u00e9 svieti a nezhasne, <em>\u201choc by hviezdy vyhasli\u201d.&nbsp;<\/em><\/p>\n\n\n\n<p>&nbsp; &nbsp; Advent je \u010dasom povzbudenia pravej viery a blahoslavenej n\u00e1deje. Z\u00e1rove\u0148 je aj \u010dasom, ktor\u00fd n\u00e1m pom\u00e1ha obnovi\u0165 n\u00e1\u0161 duchovn\u00fd \u017eivot t\u00fdmi prostriedkami, ktor\u00e9 s\u00fa skuto\u010dne \u017eivotadarn\u00e9 a tak\u00fdmi s\u00fa slovo evanjelia a sviatosti, menovite Ve\u010dera P\u00e1nova, ako \u201cvidite\u013en\u00e9ho slova Bo\u017eieho\u201d.&nbsp; &nbsp; &nbsp;<\/p>\n\n\n\n<p>\u00a0\u00a0 \u00a0 V advente sa preto zintenz\u00edv\u0148uje <strong>ponuka zvestovan\u00e9ho slova <\/strong>nielen po\u010das adventn\u00fdch nedie\u013e, ale aj na stredt\u00fd\u017ed\u0148ov\u00fdch slu\u017eb\u00e1ch Bo\u017e\u00edch. Kedysi ich na\u0161i rodi\u010dia a star\u00ed rodi\u010dia radi nav\u0161tevovali ako tzv. ror\u00e1ty, slu\u017eby Bo\u017eie konan\u00e9 r\u00e1no. Dospel\u00ed i deti i\u0161li na ne e\u0161te za tmy a z kostola vych\u00e1dzali za svetla, aby si pripomenuli, \u017ee v P\u00e1novi Je\u017ei\u0161ovi n\u00e1m i cel\u00e9mu svetu vy\u0161la <em>\u201crann\u00e1 zora\u201d<\/em> a<em> \u201cvzi\u0161lo Slnko spravodlivosti\u201d<\/em> a tak prav\u00e9 svetlo sveta. Adventn\u00fd \u010das je pr\u00edhodn\u00fdm \u010dasom, aby sme Bo\u017eie slovo \u010dastej\u0161ie po\u010duli a aby sme otvorili dvere s\u0155dc P\u00e1novi, ktor\u00fd prich\u00e1dza.\u00a0<\/p>\n\n\n\n<p><strong>&nbsp; <\/strong>&nbsp; Bratia a sestry!<\/p>\n\n\n\n<p><strong>\u00a0 \u00a0 P\u00e1n nielen pri\u0161iel a pr\u00edde, ale aj neprestajne prich\u00e1dza, <\/strong>aby bol s nami. Tak to s\u00e1m zas\u013e\u00fabil:<em> \u201cAjh\u013ea, ja som s vami po v\u0161etky dni, a\u017e do konca sveta\u201d. <\/em>Preto apo\u0161tolsk\u00e9 slovo hovor\u00ed:<em> \u201c<\/em><strong><em>Neop\u00fa\u0161\u0165ajm<\/em><\/strong><em>e svoje zhroma\u017edenia, ako niektor\u00ed maj\u00fa vo zvyku, ale napom\u00ednajme sa, a to t\u00fdm viac, \u010d\u00edm viac vid\u00edte, \u017ee sa pribli\u017euje ten de\u0148\u201d. <\/em>\u010ci s\u00fa to modlitebn\u00e9 stretnutia, biblick\u00e9 hodinky, bohoslu\u017eby hlavn\u00e9, ve\u010dern\u00e9, alebo rann\u00e9, <strong>s\u00fa najlep\u0161ou pr\u00edpravou na Vianoce.<\/strong> Vytvoria v na\u0161ich rodin\u00e1ch spolo\u010denstvo viery, n\u00e1deje a l\u00e1sky a pripravia skuto\u010dn\u00fd <em>\u201c\u010cas radosti, veselosti\u2026\u201d .<\/em>Advent je vz\u00e1cny \u010das, lebo prin\u00e1\u0161a duchovn\u00e9 po\u017eehnanie a pon\u00faka prav\u00e9 hodnoty v\u0161etk\u00fdm. Dospel\u00fdm i de\u0165om.\u00a0<\/p>\n\n\n\n<p>&nbsp; &nbsp; Takto s\u00e1m P\u00e1n skrze Ducha Sv\u00e4t\u00e9ho <strong>prin\u00e1\u0161a nov\u00fa vieru, n\u00e1dej i l\u00e1sku<\/strong>. Ako list \u017didom (10,24) pripom\u00edna: <em>\u201c A pozorujme sa vospolok, aby sme sa povzbudzovali k l\u00e1ske a dobr\u00fdm skutkom\u201d. <\/em>Nielen Vianoce s\u00fa \u010dasom l\u00e1sky. Pre n\u00e1s evanjelick\u00fdch kres\u0165anov m\u00e1 by\u0165 tak\u00fdm \u010dasom ka\u017ed\u00e1 pr\u00edhodn\u00e1 chv\u00ed\u013ea a tak aj za\u010diatok nov\u00e9ho cirkevn\u00e9ho roku\u201d. Preto plat\u00ed:<em> Ak\u00fd advent &#8211; tak\u00e9 Vianoce.&nbsp;<\/em><\/p>\n\n\n\n<p><em>&nbsp;&nbsp; &nbsp;<\/em><em> 1.adventn\u00e1 nede\u013ea&nbsp; 2023&nbsp; &#8211;&nbsp; w.ev.sk + CZ Myjava&nbsp; &nbsp; &nbsp; &nbsp; &nbsp; &nbsp; &nbsp; &nbsp; <\/em>\u013dubom\u00edr Batka st.<\/p>\n","protected":false},"excerpt":{"rendered":"<p>&nbsp; &nbsp; &nbsp; &nbsp; &nbsp; &nbsp; &nbsp; &nbsp; &nbsp; &nbsp; Ak\u00fd Advent &#8211; take Vianoce Po\u010dujeme hlas Tvoj, Ot\u010de drah\u00fd &#8211;Nu\u017e \u017eehnaj, \u017eehnaj na\u0161e t\u00fa\u017eby, snahy.\u00cds\u0165 za hlasom t\u00fdm st\u00e1le &#8211; ka\u017edodenne\u2026A srdce stvor n\u00e1m \u010dist\u00e9, oddan\u00e9 a vern\u00e9!Ve\u010f Tvoja l\u00e1ska ve\u013ek\u00e1, neskonal\u00e1Je\u017ei\u0161a Krista svetu &#8211; ist\u00fa n\u00e1dej dala.\u010co otv\u00e1ra n\u00e1m nebo, n\u00faka ve\u010dn\u00fa sp\u00e1su!Na\u010d\u00fava\u0165 &#8230; <a title=\"Ak\u00fd Advent &#8211; tak\u00e9 Vianoce\" class=\"read-more\" href=\"https:\/\/www.e-anjelik.sk\/index.php\/2023\/12\/02\/aky-advent-take-vianoce\/\" aria-label=\"Pre\u010d\u00edtajte si viac o Ak\u00fd Advent &#8211; tak\u00e9 Vianoce\">\u010c\u00edta\u0165 viac<\/a><\/p>\n","protected":false},"author":4,"featured_media":0,"comment_status":"open","ping_status":"open","sticky":false,"template":"","format":"standard","meta":{"footnotes":""},"categories":[570,179,90,121,118,95],"tags":[],"class_list":["post-36393","post","type-post","status-publish","format-standard","hentry","category-1-adventna-nedela","category-advent","category-cirkevny-rok","category-kazne","category-myjava","category-sobotiste"],"_links":{"self":[{"href":"https:\/\/www.e-anjelik.sk\/index.php\/wp-json\/wp\/v2\/posts\/36393","targetHints":{"allow":["GET"]}}],"collection":[{"href":"https:\/\/www.e-anjelik.sk\/index.php\/wp-json\/wp\/v2\/posts"}],"about":[{"href":"https:\/\/www.e-anjelik.sk\/index.php\/wp-json\/wp\/v2\/types\/post"}],"author":[{"embeddable":true,"href":"https:\/\/www.e-anjelik.sk\/index.php\/wp-json\/wp\/v2\/users\/4"}],"replies":[{"embeddable":true,"href":"https:\/\/www.e-anjelik.sk\/index.php\/wp-json\/wp\/v2\/comments?post=36393"}],"version-history":[{"count":3,"href":"https:\/\/www.e-anjelik.sk\/index.php\/wp-json\/wp\/v2\/posts\/36393\/revisions"}],"predecessor-version":[{"id":36879,"href":"https:\/\/www.e-anjelik.sk\/index.php\/wp-json\/wp\/v2\/posts\/36393\/revisions\/36879"}],"wp:attachment":[{"href":"https:\/\/www.e-anjelik.sk\/index.php\/wp-json\/wp\/v2\/media?parent=36393"}],"wp:term":[{"taxonomy":"category","embeddable":true,"href":"https:\/\/www.e-anjelik.sk\/index.php\/wp-json\/wp\/v2\/categories?post=36393"},{"taxonomy":"post_tag","embeddable":true,"href":"https:\/\/www.e-anjelik.sk\/index.php\/wp-json\/wp\/v2\/tags?post=36393"}],"curies":[{"name":"wp","href":"https:\/\/api.w.org\/{rel}","templated":true}]}}