{"id":3640,"date":"2011-06-22T10:11:38","date_gmt":"2011-06-22T10:11:38","guid":{"rendered":"http:\/\/e-anjelik.sk\/?p=3640"},"modified":"2011-06-22T10:11:38","modified_gmt":"2011-06-22T10:11:38","slug":"600-konfirmandov-v-klastore","status":"publish","type":"post","link":"https:\/\/www.e-anjelik.sk\/index.php\/2011\/06\/22\/600-konfirmandov-v-klastore\/","title":{"rendered":"600 konfirmandov v kl\u00e1\u0161tore"},"content":{"rendered":"<p>Krajinsk&yacute; superintendent Evanjelicko-luter&aacute;nskej&nbsp; krajinskej cirkvi Hannoverska&nbsp;Detlef Klahr vo &scaron;tvrtok 23. j&uacute;na t.r. str&aacute;vi cel&yacute; de\u0148 spolu so&nbsp;600 konfirmandami v kl&aacute;&scaron;tore Emsland na dni konfirmandov. De\u0148 sa nesie pod t&eacute;mou: Dobr&eacute; str&aacute;nky-zl&eacute; str&aacute;nky&quot;. De\u0148 organizuje a vedie Evanjelicko-luter&aacute;nsk&aacute; cirkev okrsku Emsland &#8211; Bentheim. De\u0148 sa za\u010dne pobo\u017enos\u0165ou na slov&aacute; 23. \u017ealmu. Potom konfirmandov rozdelia do 25 skup&iacute;n, kde bud&uacute; pracova\u0165&nbsp;nad&nbsp;P&iacute;smom. &nbsp;Popoludn&iacute; s&uacute; r&ocirc;zne akcie, workshopy, kreat&iacute;vne ponuky, &scaron;port a hry. Cie\u013eom d\u0148a je mlad&yacute;ch upevni\u0165 vo viere a&nbsp;spolo\u010denstve s&uacute;vercov.<\/p>\n<p>(<a href=\"http:\/\/www.evlka.de\">www.evlka.de<\/a>)<\/p>\n","protected":false},"excerpt":{"rendered":"<p>Krajinsk&yacute; superintendent Evanjelicko-luter&aacute;nskej&nbsp; krajinskej cirkvi Hannoverska&nbsp;Detlef Klahr vo &scaron;tvrtok 23. j&uacute;na t.r. str&aacute;vi cel&yacute; de\u0148 spolu so&nbsp;600 konfirmandami v kl&aacute;&scaron;tore Emsland na dni konfirmandov. De\u0148 sa nesie pod t&eacute;mou: Dobr&eacute; str&aacute;nky-zl&eacute; str&aacute;nky&quot;. De\u0148 organizuje a vedie Evanjelicko-luter&aacute;nsk&aacute; cirkev okrsku Emsland &#8211; Bentheim. De\u0148 sa za\u010dne pobo\u017enos\u0165ou na slov&aacute; 23. \u017ealmu. Potom konfirmandov rozdelia do 25 &#8230; <a title=\"600 konfirmandov v kl\u00e1\u0161tore\" class=\"read-more\" href=\"https:\/\/www.e-anjelik.sk\/index.php\/2011\/06\/22\/600-konfirmandov-v-klastore\/\" aria-label=\"Pre\u010d\u00edtajte si viac o 600 konfirmandov v kl\u00e1\u0161tore\">\u010c\u00edta\u0165 viac<\/a><\/p>\n","protected":false},"author":22,"featured_media":0,"comment_status":"open","ping_status":"open","sticky":false,"template":"","format":"standard","meta":{"footnotes":""},"categories":[9,10],"tags":[],"class_list":["post-3640","post","type-post","status-publish","format-standard","hentry","category-europa","category-zo-sveta"],"_links":{"self":[{"href":"https:\/\/www.e-anjelik.sk\/index.php\/wp-json\/wp\/v2\/posts\/3640","targetHints":{"allow":["GET"]}}],"collection":[{"href":"https:\/\/www.e-anjelik.sk\/index.php\/wp-json\/wp\/v2\/posts"}],"about":[{"href":"https:\/\/www.e-anjelik.sk\/index.php\/wp-json\/wp\/v2\/types\/post"}],"author":[{"embeddable":true,"href":"https:\/\/www.e-anjelik.sk\/index.php\/wp-json\/wp\/v2\/users\/22"}],"replies":[{"embeddable":true,"href":"https:\/\/www.e-anjelik.sk\/index.php\/wp-json\/wp\/v2\/comments?post=3640"}],"version-history":[{"count":0,"href":"https:\/\/www.e-anjelik.sk\/index.php\/wp-json\/wp\/v2\/posts\/3640\/revisions"}],"wp:attachment":[{"href":"https:\/\/www.e-anjelik.sk\/index.php\/wp-json\/wp\/v2\/media?parent=3640"}],"wp:term":[{"taxonomy":"category","embeddable":true,"href":"https:\/\/www.e-anjelik.sk\/index.php\/wp-json\/wp\/v2\/categories?post=3640"},{"taxonomy":"post_tag","embeddable":true,"href":"https:\/\/www.e-anjelik.sk\/index.php\/wp-json\/wp\/v2\/tags?post=3640"}],"curies":[{"name":"wp","href":"https:\/\/api.w.org\/{rel}","templated":true}]}}