{"id":36401,"date":"2023-12-05T21:36:06","date_gmt":"2023-12-05T20:36:06","guid":{"rendered":"https:\/\/e-anjelik.sk\/?p=36401"},"modified":"2023-12-05T21:36:06","modified_gmt":"2023-12-05T20:36:06","slug":"adventna-modlitba-m-r","status":"publish","type":"post","link":"https:\/\/www.e-anjelik.sk\/index.php\/2023\/12\/05\/adventna-modlitba-m-r\/","title":{"rendered":"Adventn\u00e1 modlitba (M.R.)"},"content":{"rendered":"\n<p>M.R\u00e1zus: <strong>Adventn\u00e1 modlitba<\/strong><\/p>\n\n\n\n<p><em>Pane, Kriste, Spasite\u013eu,<\/em><\/p>\n\n\n\n<p><em>dobr\u00fdch vec\u00ed u\u010dite\u013eu, &#8211;<\/em><\/p>\n\n\n\n<p><em>vzhliadni na n\u00e1s v zhroma\u017eden\u00ed,<\/em><\/p>\n\n\n\n<p><em>ke\u010f sme k Tebe obr\u00e1ten\u00ed, &#8211;<\/em><\/p>\n\n\n\n<p><em>pr\u00ed\u010f n\u00e1\u0161 Hosti a z milosti &#8211;<\/em><\/p>\n\n\n\n<p><em>ducha n\u00e1\u0161ho rozradosti!<\/em><\/p>\n\n\n\n<p><em>Nenechaj n\u00e1s opusten\u00fdch, &#8211;<\/em><\/p>\n\n\n\n<p><em>us\u00fa\u017een\u00fdch, ubolen\u00fdch, &#8211;<\/em><\/p>\n\n\n\n<p><em>\u017eehnaj z l\u00e1sky pr\u00e1ci na\u0161ej,<\/em><\/p>\n\n\n\n<p><em>Kde b\u00f4\u013e a \u017eia\u013e, Ty bu\u010f zdarom,<\/em><\/p>\n\n\n\n<p><em>te\u0161ite\u013eom, aj lek\u00e1rom! &#8211;<\/em><\/p>\n\n\n\n<p><em>Popraj svetla na\u0161im o\u010diam, &#8211;<\/em><\/p>\n\n\n\n<p><em>u\u010d sa chysta\u0165 ku Vianociam,<\/em><\/p>\n\n\n\n<p><em>i k t\u00fdm \u010dasn\u00fdm, drah\u00fd Hosti &#8211;<\/em><\/p>\n\n\n\n<p><em>i k t\u00fdm sl\u00e1vnym na ve\u010dnosti!&nbsp; Amen<\/em><\/p>\n","protected":false},"excerpt":{"rendered":"<p>M.R\u00e1zus: Adventn\u00e1 modlitba Pane, Kriste, Spasite\u013eu, dobr\u00fdch vec\u00ed u\u010dite\u013eu, &#8211; vzhliadni na n\u00e1s v zhroma\u017eden\u00ed, ke\u010f sme k Tebe obr\u00e1ten\u00ed, &#8211; pr\u00ed\u010f n\u00e1\u0161 Hosti a z milosti &#8211; ducha n\u00e1\u0161ho rozradosti! Nenechaj n\u00e1s opusten\u00fdch, &#8211; us\u00fa\u017een\u00fdch, ubolen\u00fdch, &#8211; \u017eehnaj z l\u00e1sky pr\u00e1ci na\u0161ej, Kde b\u00f4\u013e a \u017eia\u013e, Ty bu\u010f zdarom, te\u0161ite\u013eom, aj lek\u00e1rom! &#8211; Popraj &#8230; <a title=\"Adventn\u00e1 modlitba (M.R.)\" class=\"read-more\" href=\"https:\/\/www.e-anjelik.sk\/index.php\/2023\/12\/05\/adventna-modlitba-m-r\/\" aria-label=\"Pre\u010d\u00edtajte si viac o Adventn\u00e1 modlitba (M.R.)\">\u010c\u00edta\u0165 viac<\/a><\/p>\n","protected":false},"author":4,"featured_media":0,"comment_status":"open","ping_status":"open","sticky":false,"template":"","format":"standard","meta":{"footnotes":""},"categories":[179,233,370],"tags":[],"class_list":["post-36401","post","type-post","status-publish","format-standard","hentry","category-advent","category-modlitby","category-modlitby-adventne"],"_links":{"self":[{"href":"https:\/\/www.e-anjelik.sk\/index.php\/wp-json\/wp\/v2\/posts\/36401","targetHints":{"allow":["GET"]}}],"collection":[{"href":"https:\/\/www.e-anjelik.sk\/index.php\/wp-json\/wp\/v2\/posts"}],"about":[{"href":"https:\/\/www.e-anjelik.sk\/index.php\/wp-json\/wp\/v2\/types\/post"}],"author":[{"embeddable":true,"href":"https:\/\/www.e-anjelik.sk\/index.php\/wp-json\/wp\/v2\/users\/4"}],"replies":[{"embeddable":true,"href":"https:\/\/www.e-anjelik.sk\/index.php\/wp-json\/wp\/v2\/comments?post=36401"}],"version-history":[{"count":1,"href":"https:\/\/www.e-anjelik.sk\/index.php\/wp-json\/wp\/v2\/posts\/36401\/revisions"}],"predecessor-version":[{"id":36402,"href":"https:\/\/www.e-anjelik.sk\/index.php\/wp-json\/wp\/v2\/posts\/36401\/revisions\/36402"}],"wp:attachment":[{"href":"https:\/\/www.e-anjelik.sk\/index.php\/wp-json\/wp\/v2\/media?parent=36401"}],"wp:term":[{"taxonomy":"category","embeddable":true,"href":"https:\/\/www.e-anjelik.sk\/index.php\/wp-json\/wp\/v2\/categories?post=36401"},{"taxonomy":"post_tag","embeddable":true,"href":"https:\/\/www.e-anjelik.sk\/index.php\/wp-json\/wp\/v2\/tags?post=36401"}],"curies":[{"name":"wp","href":"https:\/\/api.w.org\/{rel}","templated":true}]}}