{"id":3643,"date":"2011-06-23T09:33:24","date_gmt":"2011-06-23T09:33:24","guid":{"rendered":"http:\/\/e-anjelik.sk\/?p=3643"},"modified":"2011-06-23T09:33:24","modified_gmt":"2011-06-23T09:33:24","slug":"slavnost-reformovanych-v-komarne","status":"publish","type":"post","link":"https:\/\/www.e-anjelik.sk\/index.php\/2011\/06\/23\/slavnost-reformovanych-v-komarne\/","title":{"rendered":"Sl\u00e1vnos\u0165 reformovan\u00fdch v Kom\u00e1rne"},"content":{"rendered":"<p>V nede\u013eu 26. j&uacute;na t.r. popoludn&iacute; bude v reformovanom chr&aacute;me v Kom&aacute;rne v r&aacute;mci slu\u017eieb Bo\u017e&iacute;ch sl&aacute;vnos\u0165 odovzd&aacute;vania diplomov tohoro\u010dn&yacute;m absolventom Reformovanej teologickej fakulty Univerzity J&aacute;nosa Selyiho a tie\u017e ude\u013eovanie titulov doktor teol&oacute;gie. Fakultu &uacute;spe&scaron;ne ukon\u010dilo desa\u0165 &scaron;tudentov, z toho 5 \u017eien. Na fakulte prebieha u\u017e piaty rok vzdel&aacute;vanie doktorandov. Toho roku ho &uacute;spe&scaron;ne ukon\u010dili traja duchovn&iacute;, z nich jedna \u017eena a z&iacute;skaj&uacute; tzv. ve\u013ek&yacute; doktor&aacute;t. S&uacute;\u010dasne dvaja duchovn&iacute;, z nich jedna \u017eena dostan&uacute; tzv. mal&yacute; doktor&aacute;t.<\/p>\n<p>(<a href=\"http:\/\/www.reformata.sk\">www.reformata.sk<\/a>)<\/p>\n","protected":false},"excerpt":{"rendered":"<p>V nede\u013eu 26. j&uacute;na t.r. popoludn&iacute; bude v reformovanom chr&aacute;me v Kom&aacute;rne v r&aacute;mci slu\u017eieb Bo\u017e&iacute;ch sl&aacute;vnos\u0165 odovzd&aacute;vania diplomov tohoro\u010dn&yacute;m absolventom Reformovanej teologickej fakulty Univerzity J&aacute;nosa Selyiho a tie\u017e ude\u013eovanie titulov doktor teol&oacute;gie. Fakultu &uacute;spe&scaron;ne ukon\u010dilo desa\u0165 &scaron;tudentov, z toho 5 \u017eien. Na fakulte prebieha u\u017e piaty rok vzdel&aacute;vanie doktorandov. Toho roku ho &uacute;spe&scaron;ne ukon\u010dili &#8230; <a title=\"Sl\u00e1vnos\u0165 reformovan\u00fdch v Kom\u00e1rne\" class=\"read-more\" href=\"https:\/\/www.e-anjelik.sk\/index.php\/2011\/06\/23\/slavnost-reformovanych-v-komarne\/\" aria-label=\"Pre\u010d\u00edtajte si viac o Sl\u00e1vnos\u0165 reformovan\u00fdch v Kom\u00e1rne\">\u010c\u00edta\u0165 viac<\/a><\/p>\n","protected":false},"author":22,"featured_media":0,"comment_status":"open","ping_status":"open","sticky":false,"template":"","format":"standard","meta":{"footnotes":""},"categories":[2],"tags":[242],"class_list":["post-3643","post","type-post","status-publish","format-standard","hentry","category-ekumena","tag-slavnosti"],"_links":{"self":[{"href":"https:\/\/www.e-anjelik.sk\/index.php\/wp-json\/wp\/v2\/posts\/3643","targetHints":{"allow":["GET"]}}],"collection":[{"href":"https:\/\/www.e-anjelik.sk\/index.php\/wp-json\/wp\/v2\/posts"}],"about":[{"href":"https:\/\/www.e-anjelik.sk\/index.php\/wp-json\/wp\/v2\/types\/post"}],"author":[{"embeddable":true,"href":"https:\/\/www.e-anjelik.sk\/index.php\/wp-json\/wp\/v2\/users\/22"}],"replies":[{"embeddable":true,"href":"https:\/\/www.e-anjelik.sk\/index.php\/wp-json\/wp\/v2\/comments?post=3643"}],"version-history":[{"count":0,"href":"https:\/\/www.e-anjelik.sk\/index.php\/wp-json\/wp\/v2\/posts\/3643\/revisions"}],"wp:attachment":[{"href":"https:\/\/www.e-anjelik.sk\/index.php\/wp-json\/wp\/v2\/media?parent=3643"}],"wp:term":[{"taxonomy":"category","embeddable":true,"href":"https:\/\/www.e-anjelik.sk\/index.php\/wp-json\/wp\/v2\/categories?post=3643"},{"taxonomy":"post_tag","embeddable":true,"href":"https:\/\/www.e-anjelik.sk\/index.php\/wp-json\/wp\/v2\/tags?post=3643"}],"curies":[{"name":"wp","href":"https:\/\/api.w.org\/{rel}","templated":true}]}}