{"id":36452,"date":"2023-12-11T15:50:54","date_gmt":"2023-12-11T14:50:54","guid":{"rendered":"https:\/\/e-anjelik.sk\/?p=36452"},"modified":"2024-07-04T19:41:28","modified_gmt":"2024-07-04T17:41:28","slug":"pozvanie-k-svadbe-novej-barankovej","status":"publish","type":"post","link":"https:\/\/www.e-anjelik.sk\/index.php\/2023\/12\/11\/pozvanie-k-svadbe-novej-barankovej\/","title":{"rendered":"Pozvanie k svadbe novej &#8211; Bar\u00e1nkovej"},"content":{"rendered":"\n<p><em>&nbsp; &nbsp; &nbsp;<\/em><strong> &nbsp; Pozvanie k svadbe novej &#8211; Br\u00e1nkovej<\/strong><\/p>\n\n\n\n<p><em>Daj, Pane, myse\u013e dobr\u00fa,<\/em><br><em>n\u00e1m svetlom pravdy svie\u0165,<\/em><br><em>daj pozna\u0165 znaky s\u00fadu,<\/em><br><em>a modli\u0165 sa a bdie\u0165:<\/em><br><em>v adventnom duchu chodi\u0165,<\/em><br><em>v srdciach sa preporodi\u0165 &#8211;<\/em><br><em>tak \u010daka\u0165 \u0164a a vst\u00fapi\u0165<\/em><br><em>s Tebou v ten kraj\u0161\u00ed svet. Amen (M.R.)<\/em><\/p>\n\n\n\n<p><strong>Mt 22, 1 &#8211; 14:<\/strong><\/p>\n\n\n\n<p><strong>&nbsp;&nbsp; <\/strong><em>\u201cJe\u017ei\u0161 hovoril im zase v podobenstv\u00e1ch: (2)&nbsp; Kr\u00e1\u013eovstvo nebesk\u00e9 je podobn\u00e9 \u010dloveku &#8211; kr\u00e1\u013eovi, ktor\u00fd vystrojil svadbu svojmu synovi. (3) I poslal sluhov, aby povolali pozvan\u00fdch na svadbu, ale nechceli pr\u00eds\u0165. (4) Poslal zase in\u00fdch sluhov s odkazom: Povedzte pozvan\u00fdm: Ajh\u013ea, pripravil som hostinu, voly a k\u0155mny dobytok som pobil a v\u0161etko je hotov\u00e9, po\u010fte na svadbu! (5) Ale oni nedbali a odi\u0161li: jeden na svoje pole, in\u00fd za svoj\u00edm obchodom (6) a ostatn\u00ed pochytali jeho sluhov, zhanobili ich a pobili. (7) kr\u00e1\u013e sa rozhneval, poslal vojsk\u00e1, zahubil vrahov a ich mesto podp\u00e1lil. (8) Potom povedal sluhom: Svadba je pripraven\u00e1, ale pozvan\u00ed neboli jej hodn\u00ed; (9) preto cho\u010fte na rozcestia a koho len n\u00e1jdete, zavolajte na svadbu! (10) A sluhovia vy\u0161li na cesty a pozh\u00e1\u0148ali v\u0161etk\u00fdch, ktor\u00fdch na\u0161li, zl\u00fdch aj dobr\u00fdch. I naplnila sa svadobn\u00e1 sie\u0148 hodovn\u00edkmi. (11) Ke\u010f potom kr\u00e1\u013e vo\u0161iel pod\u00edva\u0165 sa na hodovn\u00edkov a uzrel tam \u010dloveka, neoble\u010den\u00e9ho do svadobn\u00e9ho r\u00facha, (12) povedal mu: Priate\u013eu, ako si sem vo\u0161iel, ke\u010f\u017ee nem\u00e1\u0161 svadobn\u00e9ho r\u00facha? A on zanemel. (13) Vtedy povedal kr\u00e1\u013e sluhom: zvia\u017ete mu nohy i ruky a vyho\u010fte ho do vonkaj\u0161ej tmy; tam bude pla\u010d a \u0161kr\u00edpanie zubov. (14) Lebo mnoho je povolan\u00fdch, ale m\u00e1lo vyvolen\u00fdch.\u201d Amen<\/em><\/p>\n\n\n\n<p>Bratia a sestry v P\u00e1novi!<\/p>\n\n\n\n<p>\u00a0\u00a0 \u00a0 S bl\u00ed\u017eiacimi sa Vianocami prebiehaj\u00fa aj r\u00f4zne zauj\u00edmav\u00e9 aktivity, ktor\u00e9 v inom obdob\u00ed roka nevid\u00edme a o ktor\u00fdch nepo\u010dujeme. Takou je napr\u00edklad akcia:<em> \u201dDeti p\u00ed\u0161u Je\u017ei\u0161kovi\u201d. <\/em>Zauj\u00edmav\u00e9 je na nej to, \u017ee to nie je akcia ktor\u00fa by organizovala cirkev, alebo nejak\u00e9 kres\u0165ansk\u00e9 spolo\u010denstvo, ale je to akcia Slovenskej po\u0161ty. Mnoh\u00e9 rodiny a deti sa tejto aktivity z\u00fa\u010dast\u0148uj\u00fa. Medzi nimi aj tak\u00e9, ktor\u00e9 by p\u00edsa\u0165 Je\u017ei\u0161kovi inokedy ako pred Vianocami ani nenapadlo. Nu\u017e, dar\u010deky mus\u00ed niekto prinies\u0165. Ak u\u017e nieto \u201cDeda Mr\u00e1za\u201d, a \u201cSanta Claus\u201d m\u00e1 v o\u010diach viacer\u00fdch zl\u00fd \u201ck\u00e1drov\u00fd profil\u201d, dobr\u00fd je aj\u00a0 \u201cJe\u017ei\u0161ko\u201d.\u00a0<\/p>\n\n\n\n<p>&nbsp; &nbsp; &nbsp; T\u00e1to pozn\u00e1mka na \u00favod nie je nato\u013eko kritikou tejto zdanlivo bohumilo vyzeraj\u00facej akcie, ako sk\u00f4r \u00favodom k obsahu jedn\u00e9ho z t\u00fdch mnoh\u00fdch origin\u00e1lnych detsk\u00fdch listov, ktor\u00e9 s\u00fa \u010dasto ve\u013emi vtipn\u00e9 a duchapln\u00e9. Sedemro\u010dn\u00e1 Vlasta nap\u00edsala: <em>\u201dMil\u00fd Bo\u017ee, ke\u010f si za\u010dal s Vianocami, tu\u0161il si, \u010do sa z nich vyk\u013euje? Bozk\u00e1va \u0164a Vlasta\u201d.<\/em><\/p>\n\n\n\n<p>&nbsp; &nbsp; Hovor\u00ed sa, \u017ee deti a bl\u00e1zni hovoria pravdu. My\u0161lienka z tohoto listu nazna\u010duje, \u017ee z Vianoc \u013eudia urobili naozaj v\u0161eli\u010do. P\u00fdtajme sa dnes s celou v\u00e1\u017enos\u0165ou: <em>Ak\u00fd bol Bo\u017e\u00ed z\u00e1mer s darom prv\u00fdch Vianoc? \u010co P\u00e1n Boh sledoval vtelen\u00edm svojho Syna a s Jeho pr\u00edchodom k \u013eu\u010fom? Pre\u010do Ho poslal na tento svet? Pre\u010do sa \u201cSlovo stalo telom\u201d?<\/em><\/p>\n\n\n\n<p>&nbsp; &nbsp; Na tieto ot\u00e1zky priam sl\u00e1vnostn\u00fdm sp\u00f4sobom odpoved\u00e1 slovo apo\u0161tola z listu \u017didom:<em> \u201d Mnoho r\u00e1z a rozli\u010dn\u00fdm sp\u00f4sobom hovoril Boh vo\u013eakedy otcom skrze prorokov, na sklonku t\u00fdchto dn\u00ed prehovoril k n\u00e1m v Synovi, ktor\u00e9ho ustanovil za dedi\u010da v\u0161etk\u00e9ho a N\u00edm stvoril aj veky\u201d (1,1<\/em>)<\/p>\n\n\n\n<p>\u00a0 \u00a0 Prv\u00e9 Vianoce, ktor\u00e9 sa odohrali v Nazarete a v Betleheme, ale potom aj ka\u017ed\u00e9 \u010fal\u0161ie ohlasovanie a zvestovanie tejto radostnej zvesti s\u00fa a zost\u00e1vaj\u00fa osloven\u00edm \u010dloveka. S\u00fa pozvan\u00edm v\u0161etk\u00fdch \u013eud\u00ed sp\u00e4\u0165 do <em>\u201cn\u00e1ru\u010de Bo\u017eej\u201d.<\/em> S\u00fa ponukou Bo\u017eej milosti, pozvan\u00edm do Bo\u017eej bl\u00edzkosti a v kone\u010dnom d\u00f4sledku do Bo\u017eieho kr\u00e1\u013eovstva.<\/p>\n\n\n\n<p>Je preto pozoruhodn\u00e9, \u010do \u013eudia s t\u00fdmto pozvan\u00edm a s darom prv\u00fdch Vianoc urobili a robia doteraz. Ako to nap\u00edsalo to diev\u010datko:<em> \u201d \u010do sa z nich vyk\u013eulo\u201d<\/em>.<\/p>\n\n\n\n<p>&nbsp; &nbsp; Samozrejme, P\u00e1n Boh vedel a vie, \u010do \u013eudia dok\u00e1\u017eu s Jeho pozvan\u00edm a osloven\u00edm urobi\u0165. Niekto mo\u017eno na Jeho pozvanie zabudne. Nevenuje mu dostato\u010dn\u00fa pozornos\u0165, ke\u010f\u017ee dost\u00e1va aj mnoho in\u00fdch pozvan\u00ed. \u013dudia maj\u00fa \u010dasto svoj \u201cvlastn\u00fd program\u201d, ktor\u00fd pova\u017euj\u00fa za d\u00f4le\u017eitej\u0161\u00ed.<\/p>\n\n\n\n<p>&nbsp;&nbsp; &nbsp; P\u00e1n Je\u017ei\u0161 pri\u0161iel k \u013eu\u010fom pri svojom prvom, historickom pr\u00edchode, ale je pravdou, \u017ee prich\u00e1dza k n\u00e1m v\u017edy znovu vo svojom slove evanjelia i vo sviatosti svojej sv\u00e4tej Ve\u010dere. Prich\u00e1dza a ako to v\u00fdsti\u017ene nap\u00edsal apo\u0161tol J\u00e1n: <em>\u201dStoj\u00ed pri dver\u00e1ch a klope\u201d.<\/em> Klope na dvere, ktor\u00e9 sa otv\u00e1raj\u00fa v\u017edy zvn\u00fatra. Je na n\u00e1s, aby sme tak urobili a prijali Jeho pozvanie na Jeho<em> \u201cnebesk\u00fa svadbu a hostinu<\/em>\u201d, ktor\u00fa Otec pripravil. &nbsp; &nbsp;<\/p>\n\n\n\n<p>&nbsp; &nbsp; &nbsp; Podobenstvo o svadbe kr\u00e1\u013eovsk\u00e9ho syna hovor\u00ed o tom, \u017ee izraelsk\u00fd n\u00e1rod ako P\u00e1nom Bohom vyvolen\u00fd, dostal pozvanie od Otca viackr\u00e1t. Opakovane k nemu posielal nebesk\u00fd Otec svojich sluhov, \u010di u\u017e to boli praotcovia, patriarchovia Izraela, vodcovia ak\u00fdmi boli Moj\u017ei\u0161 a Jozua, sudcovia Gideon, Debora, Bar\u00e1k a in\u00ed, alebo k\u0148azi ako Samuel, proroci od \u00c1mosa po J\u00e1na Krstite\u013ea. Ich odmietnutie Izraelom bolo tvrd\u00e9 a ich \u00fadel bol neraz aj tragick\u00fd. Nebesk\u00fd Kr\u00e1\u013e tlmo\u010dil svojmu \u013eudu pozvanie: <em>\u201c Ajh\u013ea, pripravil som hostinu&nbsp; \u2026v\u0161etko je hotov\u00e9, po\u010fte na svadbu\u201d.<\/em> V\u0161etk\u00fdch jeho sluhov v\u0161ak odmietli, zhanobili a niektor\u00fdch aj pobili. Zo svedectva evanjeli\u00ed vieme, \u017ee tak\u00e9to oslovenie a pozvanie pri\u0161lo napokon aj prostredn\u00edctvom samotn\u00e9 kr\u00e1\u013eovsk\u00e9ho syna &#8211; Je\u017ei\u0161a a nalo\u017eili s N\u00edm rovnako.<\/p>\n\n\n\n<p>\u00a0 \u00a0 Nemo\u017eno prehliadnu\u0165 ve\u013ekos\u0165 a \u0161\u00edrku tohoto pozvania, preto\u017ee ono sa napokon net\u00fdka iba vyvolen\u00e9ho n\u00e1roda, ale v\u0161etk\u00fdch \u013eud\u00ed a n\u00e1rodov. Skrze Krista je v\u0161etko pripraven\u00e9 k prijatiu pravej radosti, k sp\u00e1se a oslave kr\u00e1\u013eovsk\u00e9ho Syna. Z na\u0161ej strany je v\u0161ak potrebn\u00e9 pozvanie prija\u0165 a pr\u00eds\u0165 k prestret\u00e9mu stolu s d\u00f4verou. Spasenie je n\u00e1m pon\u00faknut\u00e9 bez na\u0161ej z\u00e1sluhy a hodnosti a preto by sme n\u00edm\u00a0 nemali poh\u0155da\u0165. P\u00e1n Boh n\u00e1m d\u00e1va prostredn\u00edctvom na\u0161ej \u00fa\u010dasti na svadbe v\u0161etko, po \u010dom \u013eudia v\u017edy t\u00fa\u017eili a t\u00fa\u017eia.\u00a0<\/p>\n\n\n\n<p>&nbsp; &nbsp; Evanjelista Mat\u00fa\u0161 spom\u00edna v\u0161ak aj Bo\u017e\u00ed hnev a trest, ktor\u00fd prich\u00e1dza tam, kde je poh\u0155danie a tvrdo\u0161ijn\u00e9 odmietanie pozvania. Zni\u010denie Jeruzalema je v\u00e1\u017enym upozornen\u00edm na n\u00e1sledky odmietania a znev\u00e1\u017eenie Syna Bo\u017eieho a Mesi\u00e1\u0161a. Nemo\u017eno vyl\u00fa\u010di\u0165 ani \u010fal\u0161ie trag\u00e9die Izraela, ba ani \u201cohniv\u00fa obe\u0165\u201d a in\u00e9 tragick\u00e9 udalosti vyvolen\u00e9ho n\u00e1roda ako d\u00f4sledok nespr\u00e1vnej vo\u013eby. Tak sa s\u00fa\u010dasne pln\u00ed aj \u010fal\u0161ie slovo nebesk\u00e9ho Kr\u00e1\u013ea, \u017ee pozvanie k <em>\u201csvadbe kr\u00e1\u013eovsk\u00e9ho Syna\u201d<\/em> je a m\u00e1 by\u0165 pon\u00faknut\u00e9 v\u0161etk\u00fdm n\u00e1rodom. <em>\u201cBoh chce, aby v\u0161etci \u013eudia boli spasen\u00ed a pri\u0161li k poznaniu pravdy\u201d.&nbsp;<\/em><\/p>\n\n\n\n<p><em>&nbsp; &nbsp; <\/em>Kres\u0165ansk\u00e1 misia preto zahr\u0148uje v\u0161etk\u00fdch \u013eud\u00ed, <em>\u201cdobr\u00fdch aj zl\u00fdch\u201d.<\/em> S\u00fa\u010dasne v\u0161ak P\u00e1n Je\u017ei\u0161 v podobenstve hovor\u00ed, \u017ee nie v\u0161etci povolan\u00ed s\u00fa automaticky aj<em> \u201cvyvolen\u00ed\u201d<\/em>. Pozvanie je milos\u0165ou a ponukou sp\u00e1sy v\u0161etk\u00fdm, ale nie je to nejak\u00e1 <em>\u201clacn\u00e1 milos\u0165\u201d<\/em>, preto\u017ee&nbsp; ono m\u00e1 by\u0165 prijat\u00e9 vierou a s po\u010fakovan\u00edm P\u00e1nu Bohu. Viera je svadobn\u00fdm r\u00fachom, ktor\u00e9 si m\u00e1me obliec\u0165, ako d\u00f4kaz toho, \u017ee si pozvanie na svadbu Kr\u00e1\u013eovho Syna v\u00e1\u017eime a s dobrore\u010den\u00edm ho prij\u00edmame. To <em>\u201csvadobn\u00e9 r\u00facho\u201d<\/em> je potrebn\u00e9 prija\u0165, preto\u017ee s\u00e1m Kristus P\u00e1n n\u00e1m ho pon\u00faka a oblieka.<em> \u201cBez viery nie je mo\u017en\u00e9 \u013e\u00fabi\u0165 sa Bohu\u201d<\/em>. Viera je pritom v\u017edy aj \u010dinn\u00e1 v l\u00e1ske. M\u00f4\u017ee a m\u00e1 sa prejavi\u0165 aj vo vz\u0165ahu k bl\u00ed\u017enym, ktor\u00ed prejavy l\u00e1sky najviac potrebuj\u00fa a tie\u017e aj k duchovnej matke cirkvi.&nbsp;<\/p>\n\n\n\n<p>\u00a0\u00a0 \u00a0 Advent a Vianoce s\u00fa \u010dasom, ke\u010f sa m\u00e1me te\u0161i\u0165 z toho, \u017ee P\u00e1n Je\u017ei\u0161 op\u00e4\u0165 prich\u00e1dza, aby n\u00e1s pozval do Otcovho domu na \u201csvoju svadbu\u201d. Advent a Vianoce s\u00fa \u010dakan\u00edm nie na \u201cGodota\u201d, ale na Krista P\u00e1na, ktor\u00fd s\u00e1m je t\u00fdm najv\u00e4\u010d\u0161\u00edm obdarovan\u00edm \u010dloveka. Pr\u00edjmime Ho, aby sa z Vianoc nestal \u010das nudy a pr\u00e1zdnoty, ale \u010das \u00faprimnej, ve\u013ekej a trvalej radosti.\u00a0 Amen<\/p>\n\n\n\n<p>&nbsp; &nbsp; &nbsp; &nbsp; &nbsp; &nbsp; &nbsp; &nbsp; &nbsp; &nbsp; 2.adventn\u00e1 nede\u013ea&nbsp; &#8211;&nbsp; \u013dubom\u00edr Batka st.<\/p>\n\n\n\n<p>03\/ 2023<\/p>\n","protected":false},"excerpt":{"rendered":"<p>&nbsp; &nbsp; &nbsp; &nbsp; Pozvanie k svadbe novej &#8211; Br\u00e1nkovej Daj, Pane, myse\u013e dobr\u00fa,n\u00e1m svetlom pravdy svie\u0165,daj pozna\u0165 znaky s\u00fadu,a modli\u0165 sa a bdie\u0165:v adventnom duchu chodi\u0165,v srdciach sa preporodi\u0165 &#8211;tak \u010daka\u0165 \u0164a a vst\u00fapi\u0165s Tebou v ten kraj\u0161\u00ed svet. Amen (M.R.) Mt 22, 1 &#8211; 14: &nbsp;&nbsp; \u201cJe\u017ei\u0161 hovoril im zase v podobenstv\u00e1ch: (2)&nbsp; &#8230; <a title=\"Pozvanie k svadbe novej &#8211; Bar\u00e1nkovej\" class=\"read-more\" href=\"https:\/\/www.e-anjelik.sk\/index.php\/2023\/12\/11\/pozvanie-k-svadbe-novej-barankovej\/\" aria-label=\"Pre\u010d\u00edtajte si viac o Pozvanie k svadbe novej &#8211; Bar\u00e1nkovej\">\u010c\u00edta\u0165 viac<\/a><\/p>\n","protected":false},"author":4,"featured_media":0,"comment_status":"open","ping_status":"open","sticky":false,"template":"","format":"standard","meta":{"footnotes":""},"categories":[599,179,121,6,158,95],"tags":[],"class_list":["post-36452","post","type-post","status-publish","format-standard","hentry","category-2-adventna-nedela","category-advent","category-kazne","category-myjavsky-seniorat","category-senica","category-sobotiste"],"_links":{"self":[{"href":"https:\/\/www.e-anjelik.sk\/index.php\/wp-json\/wp\/v2\/posts\/36452","targetHints":{"allow":["GET"]}}],"collection":[{"href":"https:\/\/www.e-anjelik.sk\/index.php\/wp-json\/wp\/v2\/posts"}],"about":[{"href":"https:\/\/www.e-anjelik.sk\/index.php\/wp-json\/wp\/v2\/types\/post"}],"author":[{"embeddable":true,"href":"https:\/\/www.e-anjelik.sk\/index.php\/wp-json\/wp\/v2\/users\/4"}],"replies":[{"embeddable":true,"href":"https:\/\/www.e-anjelik.sk\/index.php\/wp-json\/wp\/v2\/comments?post=36452"}],"version-history":[{"count":3,"href":"https:\/\/www.e-anjelik.sk\/index.php\/wp-json\/wp\/v2\/posts\/36452\/revisions"}],"predecessor-version":[{"id":36877,"href":"https:\/\/www.e-anjelik.sk\/index.php\/wp-json\/wp\/v2\/posts\/36452\/revisions\/36877"}],"wp:attachment":[{"href":"https:\/\/www.e-anjelik.sk\/index.php\/wp-json\/wp\/v2\/media?parent=36452"}],"wp:term":[{"taxonomy":"category","embeddable":true,"href":"https:\/\/www.e-anjelik.sk\/index.php\/wp-json\/wp\/v2\/categories?post=36452"},{"taxonomy":"post_tag","embeddable":true,"href":"https:\/\/www.e-anjelik.sk\/index.php\/wp-json\/wp\/v2\/tags?post=36452"}],"curies":[{"name":"wp","href":"https:\/\/api.w.org\/{rel}","templated":true}]}}