{"id":36470,"date":"2023-12-17T00:04:51","date_gmt":"2023-12-16T23:04:51","guid":{"rendered":"https:\/\/e-anjelik.sk\/?p=36470"},"modified":"2024-07-04T19:39:25","modified_gmt":"2024-07-04T17:39:25","slug":"ako-cakame","status":"publish","type":"post","link":"https:\/\/www.e-anjelik.sk\/index.php\/2023\/12\/17\/ako-cakame\/","title":{"rendered":"Ako \u010dak\u00e1me?"},"content":{"rendered":"\n<p><em>&nbsp;&nbsp; &nbsp; &nbsp; &nbsp; &nbsp; &nbsp; &nbsp; &nbsp; &nbsp; &nbsp; &nbsp; <\/em><strong>&nbsp; &nbsp; Ako \u010dak\u00e1me?<\/strong><\/p>\n\n\n\n<p><em>Daj n\u00e1m \u010du\u0165 zves\u0165 z Tvojho slova,<\/em>                <br><em>\u017ee k n\u00e1m ide\u0161 znova, znova,<\/em><br><em>pote\u0161i\u0165 n\u00e1s, prida\u0165 sily.<\/em><br><em>Nu\u017e po\u010f a pr\u00ed\u010f, Pane mil\u00fd!<\/em><br><em>Tvoja pravda svet n\u00e1m pln\u00ed,<\/em><br><em>skrehl\u00fdch hreje na \u00fasln\u00ed,<\/em><br><em>vedie k cnosti, omilost\u00ed\u2026<\/em><br><em>Nu\u017e po\u010f a pr\u00ed\u010f, drah\u00fd Hosti!\u00a0 Amen (M.R.)<\/em><\/p>\n\n\n\n<p><strong>1 Tes 5, 16 &#8211; 24:<\/strong><\/p>\n\n\n\n<p><strong>&nbsp;<\/strong><em>\u201c St\u00e1le sa radujte,&nbsp;<\/em><\/p>\n\n\n\n<p><em>(17) neprestajne sa modlite!<\/em><\/p>\n\n\n\n<p><em>(18) Za v\u0161etko \u010fakujte, lebo to je v\u00f4\u013ea Bo\u017eia pri v\u00e1s v Kristu Je\u017ei\u0161i.<\/em><\/p>\n\n\n\n<p><em>(19) Ducha neuh\u00e1\u0161ajte!<\/em><\/p>\n\n\n\n<p><em>(20) Proroctvami nepoh\u0155dajte!<\/em><\/p>\n\n\n\n<p><em>(21) V\u0161etko sk\u00famajte, dobr\u00e9ho sa dr\u017ete!<\/em><\/p>\n\n\n\n<p><em>(22) V\u0161etk\u00e9ho zl\u00e9ho sa vystr\u00edhajte!<\/em><\/p>\n\n\n\n<p><em>(23) A s\u00e1m Boh pokoja nech v\u00e1s skrz naskrz posv\u00e4t\u00ed a pri pr\u00edchode n\u00e1\u0161ho P\u00e1na Je\u017ei\u0161a Krista nech zachov\u00e1 v\u00e1\u0161ho neporu\u0161en\u00e9ho ducha, du\u0161u a telo bez \u00fahony.<\/em><\/p>\n\n\n\n<p><em>(24) Vern\u00fd je Ten, ktor\u00fd v\u00e1s povol\u00e1va; On to u\u010din\u00ed. \u201c&nbsp; Amen<\/em><\/p>\n\n\n\n<p>&nbsp;&nbsp; Mil\u00ed priatelia, bratia a sestry!<\/p>\n\n\n\n<p>\u00a0\u00a0 Ke\u010f v rodine o\u010dak\u00e1vame vz\u00e1cnu n\u00e1v\u0161tevu, urob\u00edme v\u0161etko, aby sa hos\u0165 (tia) c\u00edtil u n\u00e1s dobre. Priprav\u00edme sa po ka\u017edej str\u00e1nke. V\u0161ade poupratujeme, vy\u010dist\u00edme pr\u00edbytok, priprav\u00edme pohostenie at\u010f.<\/p>\n\n\n\n<p>Advent n\u00e1m pripom\u00edna, \u017ee k n\u00e1m, do na\u0161ich s\u0155dc a rod\u00edn prich\u00e1dza vz\u00e1cny Hos\u0165. V\u0161etci vieme, \u017ee sa jedn\u00e1 o nebesk\u00e9ho Hos\u0165a, P\u00e1na Je\u017ei\u0161a Krista.<\/p>\n\n\n\n<p>&nbsp; &nbsp; Ako sa m\u00f4\u017eeme najlep\u0161ie pripravi\u0165 na Jeho pr\u00edchod? \u010co je tou najlep\u0161ou pr\u00edpravou? Vy, ktor\u00ed ste pri\u0161li dnes do chr\u00e1mu na slu\u017eby Bo\u017eie ste u\u017e t\u00fdmto krokom nie\u010do d\u00f4le\u017eit\u00e9 dali najavo. Preto pr\u00e1ve k v\u00e1m m\u00f4\u017eem prehovori\u0165 ako k tak\u00fdm, ktor\u00ed vedia koho \u010dak\u00e1me a v podstate aj to, ako sa m\u00e1me na P\u00e1nov pr\u00edchod pripravi\u0165.&nbsp;<\/p>\n\n\n\n<p>\u00a0\u00a0 Je to tak, ako ke\u010f sa apo\u0161tol Pavel prihov\u00e1ral ku kres\u0165anom v Tesalonik\u00e1ch. Oni u\u017e vedeli koho cirkev, nevesta Kristova, \u010dak\u00e1 neprestajne a tie\u017e to, \u010do patr\u00ed k tej najlep\u0161ej pr\u00edprave. Tesalonick\u00ed neboli celkom nov\u00e1\u010dkovia vo viere. V \u00favode svojho listu apo\u0161tol Pavel nap\u00edsal a pripom\u00ednal nasledovn\u00e9: <em>\u201d\u010eakujeme Bohu za v\u0161etk\u00fdch v\u00e1s, kedyko\u013evek sa zmie\u0148ujeme o v\u00e1s vo svojich modlitb\u00e1ch a neprestajne spom\u00edname pred na\u0161\u00edm Bohom a Otcom dielo va\u0161ej viery, \u00fasilie l\u00e1sky a vytrvalos\u0165 n\u00e1deje v n\u00e1\u0161ho P\u00e1na Je\u017ei\u0161a Krista\u201d. (1, 2-3)\u00a0<\/em><\/p>\n\n\n\n<p><em>&nbsp; &nbsp; <\/em>Pr\u00e1ve tak\u00ed boli tesalonick\u00ed kres\u0165ania. Vedeli, \u017ee s\u00fa Bohom milovan\u00ed a v Kristu vyvolen\u00ed za Bo\u017eie deti. Pr\u00e1ve preto mohli prija\u0165 aj napomenutia, ktor\u00e9 im \u010falej pom\u00e1hali k rastu vo viere, l\u00e1ske a n\u00e1deji. Nec\u00edtili tieto pr\u00edkazy ako nejak\u00e9 tvrd\u00e9 jarmo, ale ako dobr\u00e9 rady od svojich predstaven\u00fdch v P\u00e1novi.<\/p>\n\n\n\n<p>&nbsp; &nbsp; Mysl\u00edm, \u017ee tak podobne aj vy m\u00f4\u017eete dnes prija\u0165 tieto apo\u0161tolsk\u00e9 napomenutia a usmernenia. Toti\u017e, ako prav\u00e9, \u017eiv\u00e9 a aktu\u00e1lne Bo\u017eie slovo pre n\u00e1s.<\/p>\n\n\n\n<p>&nbsp; &nbsp; Nie s\u00fa to slov\u00e1 ur\u010den\u00e9 pre tento svete a v\u0161etk\u00fdch \u013eud\u00ed. Nerozumel by im \u010dlovek, ktor\u00fd nepo\u010dul o prorock\u00fdch zas\u013e\u00fabeniach a ich naplnen\u00ed, alebo&nbsp; \u013eudia, ktor\u00ed nepoznaj\u00fa proroctv\u00e1 o Mesi\u00e1\u0161ovi, ktor\u00e9 sa naplnili v pr\u00edchode Je\u017ei\u0161a Krista. Pre kres\u0165ana s\u00fa v\u0161ak zrozumite\u013en\u00e9 a preto aj n\u00e1m m\u00f4\u017eu posl\u00fa\u017ei\u0165 k dobrej a spr\u00e1vnej pr\u00edprave k prijatiu Toho, ktor\u00fd prich\u00e1dza <em>\u201ck dc\u00e9re Sionskej\u201d<\/em>.<\/p>\n\n\n\n<p>&nbsp;&nbsp; Prvou v\u00fdzvou je v\u00fdzva k radosti<em>: \u201cSt\u00e1le sa radujte\u201d<\/em>! Na rozdiel od mnoh\u00fdch ustarosten\u00fdch, nahnevan\u00fdch, frustrovan\u00fdch alebo prestra\u0161en\u00fdch \u013eud\u00ed, ktor\u00ed nevedia koho \u010dak\u00e1me, \u010d\u00ed advent o\u010dak\u00e1vame a kto je Ten, ktor\u00fd pri\u0161iel v plnosti \u010dasu v Betleheme&nbsp; pre n\u00e1s a na\u0161u z\u00e1chranu, my vieme a pam\u00e4t\u00e1me na posolstvo anjela o <em>\u201cve\u013ekej radosti v\u0161etk\u00e9mu \u013eudu\u201d<\/em>. Ten, ktor\u00fd sa narodil na prv\u00e9 Vianoce nepri\u0161iel proti n\u00e1m, ale pre n\u00e1s.&nbsp;<\/p>\n\n\n\n<p>&nbsp;&nbsp; &nbsp; Znova a znova sa \u013eudia desia a hrozia pri my\u0161lienke na koniec sveta a posledn\u00fd s\u00fad. Pre ka\u017ed\u00e9ho veriaceho je to v\u0161ak my\u0161lienka na pr\u00edchod Toho, ktor\u00fd je na\u0161\u00edm Z\u00e1chrancom a Darcom \u017eivota ve\u010dn\u00e9ho. Preto plat\u00ed v\u00fdzva:<em> \u201cSt\u00e1le sa radujte!\u201d.<\/em> &#8211; \u00c1no, pravdu m\u00e1 \u017ealmista, ke\u010f nap\u00edsal: <em>\u201c Zoskupuj\u00fa sa zemsk\u00ed kr\u00e1li a knie\u017eat\u00e1 sa radia proti Hospodinu a proti jeho Pomazan\u00e9mu\u201d (\u017d 2)<\/em>&nbsp; My sa napriek tomu smieme radova\u0165, lebo vieme, \u017ee Jemu je dan\u00e1 v\u0161etka moc na nebi i na zemi.<\/p>\n\n\n\n<p>&nbsp; &nbsp; Stret\u00e1me sa neust\u00e1le s nemocami, chorobami, sk\u00fa\u0161kami &#8211; \u010di u\u017e osobne, alebo pri na\u0161ich mil\u00fdch a drah\u00fdch? Stret\u00e1me sa s \u201cmal\u00fdm koncom sveta\u201d ke\u010f odch\u00e1dzaj\u00fa na\u0161i priatelia, rodi\u010dia, na\u0161i bl\u00edzky? Nie sme bez n\u00e1deje ani pri t\u00fdchto rozl\u00fa\u010dkach a preto nie sme ani bez pravej \u00fatechy. Myslime na v\u0161etky P\u00e1nove zas\u013e\u00fabenia a prij\u00edmajme ich&nbsp; s vierou a n\u00e1jdeme pokoj, ut\u00ed\u0161enie a nov\u00fa vn\u00fatorn\u00fa rados\u0165 prameniacu z istoty, \u017ee v\u017edy <em>\u201cspolu s P\u00e1nom budeme\u201d.<\/em><\/p>\n\n\n\n<p>&nbsp;&nbsp; Aby sme tak\u00fato rados\u0165 mali a poznali, m\u00e1me a m\u00f4\u017eeme o \u0148u prosi\u0165 a tak n\u00e1js\u0165 silu a pomoc z v\u00fdsosti. Preto po\u010dujeme v\u00fdzvu:<\/p>\n\n\n\n<p><em>\u201d neprestajne sa modlite!\u201d<\/em> &#8211; Ak sme zdrav\u00ed, ak m\u00e1me v\u0161etko potrebn\u00e9 k \u017eivotu, ak sa te\u0161\u00edme zo zdarn\u00fdch det\u00ed a rozko\u0161n\u00fdch vn\u00fa\u010datiek &#8211; \u010fakujme za to v\u0161etko ka\u017edodenne. Ak c\u00edtime v nie\u010dom nedostatok &#8211; prosme o nov\u00fa silu, aby sme vedeli v sk\u00fa\u0161kach obst\u00e1\u0165. Ak sa n\u00e1m zd\u00e1, \u017ee <em>\u201csvet m\u00e1 zbroje a my sme bez zbroja\u201d<\/em>&#8211; m\u00e1me osved\u010den\u00fa zbroj v modlitbe. Ak predsa v nie\u010dom kles\u00e1me a pad\u00e1me &#8211; op\u00e4\u0165 siahnime k modlitbe. \u010eakujme napokon aj za to, \u017ee <em>\u201cm\u00e1me v nebesiach Pr\u00edmluvcu, ktor\u00fd sa prihov\u00e1ra za n\u00e1s vzdychan\u00edm nevyslovite\u013en\u00fdm\u201d<\/em>.<\/p>\n\n\n\n<p>&nbsp;&nbsp; &nbsp; Ak niekedy nevieme ako \u010falej, ktor\u00fdmi cestami kr\u00e1\u010da\u0165, op\u00e4\u0165 sa modlime. Tak, ako plat\u00ed na bojisku, \u017ee <em>\u201cbez spojenia niet velenia\u201d<\/em>, plat\u00ed to aj pre n\u00e1s a pri h\u013eadan\u00ed nov\u00fdch ciest, nov\u00fdch v\u00fdchod\u00edsk a novej sile pri konan\u00ed v\u0161etk\u00e9ho, \u010do od n\u00e1s \u017eiada nebesk\u00fd Otec. Napokon sa modlime aj spolu s celou cirkvou, ke\u010f <em>\u201cDuch a nevesta volaj\u00fa: Pr\u00ed\u010f\u201d! <\/em>Pr\u00ed\u010f, Pane Je\u017ei\u0161i!<\/p>\n\n\n\n<p>&nbsp;&nbsp; Mimoriadne d\u00f4le\u017eitou v\u00fdzvou a radou pre n\u00e1s ako kres\u0165anov je v\u00fdzva apo\u0161tola: <em>\u201cDucha neuh\u00e1\u0161ajte\u201d!<\/em> Ak vieme, \u017ee Duch Sv\u00e4t\u00fd prich\u00e1dza k n\u00e1m v slove a v sviatostiach, znamen\u00e1 to pln\u00fa otvorenos\u0165 a pripravenos\u0165 pre p\u00f4sobenie zvestovan\u00e9ho slova a pre prijatie sviatosti P\u00e1novej Ve\u010dere. Tu v\u017edy Duch Sv\u00e4t\u00fd d\u00e1va a p\u00f4sob\u00ed v n\u00e1s prav\u00fa vieru. Neuh\u00e1\u0161ajme plame\u0148 Ducha Sv\u00e4t\u00e9ho na\u0161ou \u013eahostajnos\u0165ou vo\u010di jeho prejavom.&nbsp;<\/p>\n\n\n\n<p>\u00a0\u00a0 Dnes u\u017e mo\u017eno nevid\u00edme tak\u00e9 mas\u00edvne \u201czh\u00e1\u0161anie Ducha\u201d ako sme to za\u017eili v ned\u00e1vnej minulosti. Mo\u017eno sa n\u00e1m zd\u00e1, \u017ee dnes t\u00ed, ktor\u00ed vyu\u010duj\u00fa deti v \u0161kol\u00e1ch, alebo t\u00ed, ktor\u00ed p\u00f4sobia v masmediach, tie\u017e hovoria a p\u00ed\u0161u o advente, o Vianociach, o \u201cJe\u017ei\u0161kovi\u201d a tak n\u00e1m u\u017e nehroz\u00ed nebezpe\u010denstvo zh\u00e1\u0161ania plame\u0148a Ducha Sv\u00e4t\u00e9ho. Nezab\u00fadajme v\u0161ak na to, \u017ee \u201cdiabol nie je \u017eiaden amat\u00e9r\u201d, ale \u017ee je sk\u00f4r \u201dmazan\u00fd prof\u00edk\u201d a p\u00f4sob\u00ed st\u00e1le ako otec l\u017ei. Jeho schopnos\u0165 maskova\u0165 sa, bra\u0165 na seba nov\u00fa a nov\u00fa podobu je priam nevy\u010derpate\u013en\u00e1. On v\u017edy p\u00f4sob\u00ed proti Duchu, aj ke\u010f to rob\u00ed akoby \u201cv rukavi\u010dk\u00e1ch\u201d a ke\u010f chod\u00ed okolo n\u00e1s \u201cv papu\u010dk\u00e1ch\u201d. Preto pri h\u013eadan\u00ed pravdy a prav\u00e9ho slova Bo\u017eieho nezab\u00fadajme na slov\u00e1 prorock\u00e9 a napomenutia apo\u0161tolov. <em>\u201cV\u0161etko sk\u00famajte, dobr\u00e9ho sa dr\u017ete! V\u0161etk\u00e9ho zl\u00e9ho sa vystr\u00edhajte!\u201d.<\/em><\/p>\n\n\n\n<p><em>\u00a0\u00a0 <\/em>Nie ka\u017ed\u00e9 slovo o l\u00e1ske je svedectvom o l\u00e1ske Bo\u017eej a Kristovej, nie ka\u017ed\u00e1 predviano\u010dn\u00e1 dobro\u010dinnos\u0165 je skuto\u010dn\u00fdm dobroden\u00edm, ale \u010dasto iba pr\u00e1zdnym vytrubovan\u00edm a samochv\u00e1lou \u013eud\u00ed. Mnoho slov o <em>\u201ckr\u00e1snych a \u0161tedr\u00fdch Vianociach\u201d<\/em> je pr\u00e1zdnych a povrchn\u00fdch. Mnoho falo\u0161n\u00fdch prorokov vy\u0161lo do sveta\u2026 Nie v\u0161etky v\u00fdzvy k pr\u00edprave k Vianociam ved\u00fa k posv\u00e4teniu, k dobru a k pokoju.<\/p>\n\n\n\n<p>&nbsp; &nbsp; Napokon tak, ako apo\u0161tol Pavol vyslovuje prianie posv\u00e4tenia \u017eivota tesalonick\u00fdm kres\u0165anom, plat\u00ed ono aj pre n\u00e1s v tomto pokro\u010dilom adventnom \u010dase: <em>\u201cS\u00e1m Boh pokoja nech v\u00e1s skrz naskrz posv\u00e4t\u00ed a pri pr\u00edchode n\u00e1\u0161ho P\u00e1na Je\u017ei\u0161a Krista nech zachov\u00e1 v\u00e1\u0161ho neporu\u0161en\u00e9ho ducha, du\u0161u a telo bez \u00fahony. Vern\u00fd je Ten, ktor\u00fd v\u00e1s povol\u00e1va. On to u\u010din\u00ed\u201d.&nbsp;<\/em><\/p>\n\n\n\n<p><em>&nbsp;&nbsp; &nbsp;<\/em> Preto verne a vytrvalo vzhliadajme k Tomu, ktor\u00fd pri\u0161iel a ktor\u00fd pr\u00edde. Ne\u010dakajme in\u00e9ho Spasite\u013ea, len Toho, ktor\u00fd a\u017e dosia\u013e bol s nami a ktor\u00fd m\u00f4\u017ee zachova\u0165 aj na\u0161e du\u0161e, n\u00e1\u0161ho ducha i telo bez \u00fahony. Z Jeho pr\u00edtomnosti v Duchu Sv\u00e4tom sa radujme neprestajne, aby sme sa s N\u00edm radovali aj vo ve\u010dnosti. Amen<\/p>\n\n\n\n<p>&nbsp; &nbsp;<em> &nbsp; &nbsp; 3.adventn\u00e1 nede\u013ea <\/em>&nbsp; &nbsp; &nbsp; &#8211;&nbsp; &nbsp; &nbsp; &nbsp;<em> \u013dubom\u00edr Batka st.<\/em><\/p>\n","protected":false},"excerpt":{"rendered":"<p>&nbsp;&nbsp; &nbsp; &nbsp; &nbsp; &nbsp; &nbsp; &nbsp; &nbsp; &nbsp; &nbsp; &nbsp; &nbsp; &nbsp; Ako \u010dak\u00e1me? Daj n\u00e1m \u010du\u0165 zves\u0165 z Tvojho slova, \u017ee k n\u00e1m ide\u0161 znova, znova,pote\u0161i\u0165 n\u00e1s, prida\u0165 sily.Nu\u017e po\u010f a pr\u00ed\u010f, Pane mil\u00fd!Tvoja pravda svet n\u00e1m pln\u00ed,skrehl\u00fdch hreje na \u00fasln\u00ed,vedie k cnosti, omilost\u00ed\u2026Nu\u017e po\u010f a pr\u00ed\u010f, drah\u00fd Hosti!\u00a0 Amen (M.R.) 1 Tes &#8230; <a title=\"Ako \u010dak\u00e1me?\" class=\"read-more\" href=\"https:\/\/www.e-anjelik.sk\/index.php\/2023\/12\/17\/ako-cakame\/\" aria-label=\"Pre\u010d\u00edtajte si viac o Ako \u010dak\u00e1me?\">\u010c\u00edta\u0165 viac<\/a><\/p>\n","protected":false},"author":4,"featured_media":0,"comment_status":"open","ping_status":"open","sticky":false,"template":"","format":"standard","meta":{"footnotes":""},"categories":[582,179,121,6,95],"tags":[],"class_list":["post-36470","post","type-post","status-publish","format-standard","hentry","category-3-adventna-nedela","category-advent","category-kazne","category-myjavsky-seniorat","category-sobotiste"],"_links":{"self":[{"href":"https:\/\/www.e-anjelik.sk\/index.php\/wp-json\/wp\/v2\/posts\/36470","targetHints":{"allow":["GET"]}}],"collection":[{"href":"https:\/\/www.e-anjelik.sk\/index.php\/wp-json\/wp\/v2\/posts"}],"about":[{"href":"https:\/\/www.e-anjelik.sk\/index.php\/wp-json\/wp\/v2\/types\/post"}],"author":[{"embeddable":true,"href":"https:\/\/www.e-anjelik.sk\/index.php\/wp-json\/wp\/v2\/users\/4"}],"replies":[{"embeddable":true,"href":"https:\/\/www.e-anjelik.sk\/index.php\/wp-json\/wp\/v2\/comments?post=36470"}],"version-history":[{"count":2,"href":"https:\/\/www.e-anjelik.sk\/index.php\/wp-json\/wp\/v2\/posts\/36470\/revisions"}],"predecessor-version":[{"id":36875,"href":"https:\/\/www.e-anjelik.sk\/index.php\/wp-json\/wp\/v2\/posts\/36470\/revisions\/36875"}],"wp:attachment":[{"href":"https:\/\/www.e-anjelik.sk\/index.php\/wp-json\/wp\/v2\/media?parent=36470"}],"wp:term":[{"taxonomy":"category","embeddable":true,"href":"https:\/\/www.e-anjelik.sk\/index.php\/wp-json\/wp\/v2\/categories?post=36470"},{"taxonomy":"post_tag","embeddable":true,"href":"https:\/\/www.e-anjelik.sk\/index.php\/wp-json\/wp\/v2\/tags?post=36470"}],"curies":[{"name":"wp","href":"https:\/\/api.w.org\/{rel}","templated":true}]}}