{"id":36500,"date":"2023-12-24T19:59:24","date_gmt":"2023-12-24T18:59:24","guid":{"rendered":"https:\/\/e-anjelik.sk\/?p=36500"},"modified":"2023-12-24T19:59:24","modified_gmt":"2023-12-24T18:59:24","slug":"dieta-sa-nam-narodilo-syn-nam-je-dany","status":"publish","type":"post","link":"https:\/\/www.e-anjelik.sk\/index.php\/2023\/12\/24\/dieta-sa-nam-narodilo-syn-nam-je-dany\/","title":{"rendered":"Die\u0165a sa n\u00e1m narodilo, syn n\u00e1m je dan\u00fd"},"content":{"rendered":"\n<p><strong><em>&nbsp;&nbsp; &nbsp; Die\u0165a sa n\u00e1m narodilo, syn n\u00e1m je dan\u00fd&nbsp; &nbsp; &nbsp; &nbsp; &nbsp;<\/em><\/strong><\/p>\n\n\n\n<p><em>Jak v Betleheme, tak i u n\u00e1s, Pane,\/ naro\u010f sa, naro\u010f, l\u00e1ska pre\u010dist\u00e1!&nbsp; \/ Nech jasn\u00e9 svetlo pravdy Tvojej vzplanie&#8230; \/<\/em><\/p>\n\n\n\n<p><em>a stoj\u00edme op\u00e4\u0165 &#8211; kol Tvojho ohni\u0161\u0165a. Tak spozn\u00e1me &#8211; i na\u0161i milovan\u00ed,<\/em><\/p>\n\n\n\n<p><em>\u017ee hradby na\u0161e len tak obstoja&#8230;\u00d3, vitaj, vitaj i dnes medzi nami,<\/em><\/p>\n\n\n\n<p><em>Predivn\u00fd radca, Knie\u017ea pokoja! Amen (M.R.)<\/em><\/p>\n\n\n\n<p><strong>Iz 9, 1- 6:<\/strong><\/p>\n\n\n\n<p><strong>&nbsp;&nbsp;<\/strong><em> \u201c\u013dud, ktor\u00fd chod\u00ed vo tme, uzrie ve\u013ek\u00e9 svetlo; nad t\u00fdmi, ktor\u00ed b\u00fdvaj\u00fa v temnej krajine, za\u017eiari svetlo. (2) Rozmno\u017eil si plesanie zve\u013eadil si rados\u0165, raduj\u00fa sa pred Tebou, ako sa raduj\u00fa v \u017eatve, ako lesaj\u00fa, ke\u010f rozde\u013euj\u00fa koris\u0165. (3) Lebo jarmo, ktor\u00e9 ho za\u0165a\u017euje, i palicu na jeho chrbte a pr\u00fat jeho poh\u00e1\u0148a\u010da dol\u00e1ma\u0161 ako v de\u0148 Midj\u00e1ncov.(4)Lebo ka\u017ed\u00e1 hrmotne dupotaj\u00fac obuv a v krvipov\u00e1\u013ean\u00fd pl\u00e1\u0161\u0165 zhor\u00ed a bude potravou oh\u0148a. (5) Lebo die\u0165a sa n\u00e1m narodilo, syn n\u00e1m je dan\u00fd;na jeho pleciach spo\u010dinie knie\u017eatstvo, jeho meno bude: Predivn\u00fd radca, Mocn\u00fd Boh, Otec ve\u010dnosti, Knie\u017ea pokoja. (6)Ve\u013ek\u00e1 bude jeho vl\u00e1da a nebude konca pokoju na tr\u00f3ne D\u00e1vidovom a v jeho kr\u00e1\u013eovstve, lebo ho upevn\u00ed pr\u00e1vom a spravodlivos\u0165ou odteraz a\u017e naveky. Horlivos\u0165 Hospodina mocnost\u00ed to urob\u00ed.\u201c Amen<\/em><\/p>\n\n\n\n<p><em>&nbsp;&nbsp; &nbsp; &nbsp; &nbsp; &nbsp; &nbsp; &nbsp; &nbsp; <\/em>Drah\u00ed bratia a sestry v P\u00e1novi, mil\u00ed priatelia!<\/p>\n\n\n\n<p>&nbsp; &nbsp; &nbsp; V pr\u00edbytkoch a v dom\u00e1cnostiach, v kostoloch i na uliciach miest, v\u0161ade okolo n\u00e1s sa dnes rozsvietilo mno\u017estvo svie\u010dok a svetielok. Tie prv\u00e9 sa za\u010dali zapa\u013eova\u0165 u\u017e s pr\u00edchodom adventu a postupne ich prib\u00fadalo viac a viac. V dne\u0161n\u00fd ve\u010der sa zap\u00e1lia temer v\u0161ade, v ka\u017edom dome. Opr\u00e1vnene. Udalos\u0165, na ktor\u00fa upozor\u0148uje t\u00e1to viano\u010dn\u00e1 svetlohra je tak ve\u013ek\u00e1 a jedine\u010dn\u00e1, \u017ee t\u00fdch svetiel a svetielok nie je nikdy primnoho. V svie\u010dkach a svetielkach, ktor\u00e9 \u013eudia dnes zapa\u013euj\u00fa, je vyjadren\u00e1 <strong>t\u00fa\u017eba \u010dloveka po svetle.<\/strong> Je to v\u0161eobecn\u00e1 t\u00fa\u017ebu po \u017eivote a jeho trvan\u00ed. A s\u00fa\u010dasne aj t\u00fa\u017eba po \u017eivote \u010distom, prep\u00e1lenom o\u010distn\u00fdm oh\u0148om.&nbsp;<\/p>\n\n\n\n<p>&nbsp; &nbsp; Boj\u00edme sa len ve\u013ek\u00e9ho, zni\u010duj\u00faceho oh\u0148a. Boj\u00edme sa plame\u0148a, ktor\u00fd nevieme uhasi\u0165, ale t\u00fa\u017eime po svetle, ktor\u00e9 ticho \u017eiari, jemne hreje a ktor\u00e9 ukazuje cestu. T\u00fa\u017eime, vedome &#8211; \u010di podvedome, po tom, aby stvorite\u013esk\u00e9 slovo Bo\u017eie, ktor\u00e9 zaznelo na po\u010diatku: <em>\u201cBu\u010f svetlo\u201d <\/em>svietilo v\u017edy aj n\u00e1m<em> (1 M 1,3<\/em>) Iskri\u010dky tohoto nebesk\u00e9ho svetla zap\u00e1lili kedysi aj horiaci ker pred Moj\u017ei\u0161om, ktor\u00fd \u201c<em>horel a nezhore<\/em>l\u201d&nbsp; (2 M 3,2) a z ktor\u00e9ho zaznelo: \u201c<em>Zobuj si obuv z n\u00f4h, lebo miesto na ktorom stoj\u00ed\u0161, je posv\u00e4t\u00e1 p\u00f4da\u201d. (2 M 3,5)<\/em> Tam sa za\u010dala rodi\u0165 cesta k \u017eivotu v slobode a d\u00f4stojnosti vyvolen\u00e9ho n\u00e1roda, ktor\u00fd bol dovtedy iba \u013eudom otrokov.&nbsp;<\/p>\n\n\n\n<p>&nbsp;&nbsp; &nbsp; Ale aj poh\u013eady in\u00fdch n\u00e1rodov sa v\u017edy upierali k nebes\u00e1m a&nbsp; sna\u017eili sa n\u00e1js\u0165 <strong>zdroj \u017eivota. <\/strong>Raz ten zdroj videli n\u00e1rody vslnku, inokedy v mesiaci, alebo v nebesk\u00fdch hviezdach. Ale akoko\u013evek ich vz\u00fdvali, alebo im obetovali, tieto svetl\u00e1 ml\u010dali. Neodpovedali. Napriek silnej \u017eiare slnko iba oslepovalo a hviezdnat\u00e9 nebo bolo chladn\u00e9.&nbsp;<\/p>\n\n\n\n<p>&nbsp; &nbsp; &nbsp; Do v\u0161eobecnej t\u00fa\u017eby po \u017eivote a do h\u013eadania cesty k \u017eivotu, zaznievali v\u0161ak jedine\u010dn\u00e9 hlasy prorokov. \u201c<em>V\u00fdjde hviezda z J\u00e1koba\u2026\u201d (4 M 17,24)<\/em>\u2026<em> \u201cV\u00fdjde Slnko sp\u00e1sy\u201d<\/em> privol\u00e1val prorok Malachi\u00e1\u0161. <em>(3,20).<\/em> Izai\u00e1\u0161 smel ohl\u00e1si\u0165: <em>\u201d Povsta\u0148<\/em><em>a zaskvej sa, preto\u017ee prich\u00e1dza tvoje svetlo a sl\u00e1va Hospodinova vzch\u00e1dza nad tebou\u201d (60,1<\/em>) Podobn\u00e1 my\u0161lienka zaznieva aj v \u00favodnom texte, ktor\u00fd sme poznove vypo\u010duli: <em>\u201d \u013dud, ktor\u00fd chod\u00ed v tme uzrie ve\u013ek\u00e9 svetlo, nad t\u00fdmi, ktor\u00ed b\u00fdvaj\u00fa v temnej krajine za\u017eiari svetlo\u201d<\/em>.&nbsp; Len\u017ee slov\u00e1 prorokov SZ nehovoria u pr\u00edchode svetla iba pre jeden n\u00e1rod,&nbsp; ale o dare a pr\u00edchode svetla \u017eivota pre v\u0161etky n\u00e1rody, pre v\u0161etk\u00fdch \u013eud\u00ed:<em>\u201d N\u00e1rody pr\u00eddu k tvojmu svetlu a kr\u00e1li k jasu, ktor\u00fd \u017eiari nad tebou\u201d. (Iz 60, 3)&nbsp;<\/em><\/p>\n\n\n\n<p>&nbsp;&nbsp; &nbsp; Hoci nie bez ohl\u00e1senia, predsa prekvapuj\u00facim sp\u00f4sobom pri\u0161lo \u201cSlnko sp\u00e1sy\u201d pre svet poddan\u00fd hriechu, strachu a smrti. Dnes&nbsp; nanovo spom\u00edname na svetlo sl\u00e1vy Bo\u017eej, ktor\u00e9 v tie prv\u00e9 Vianoce &#8211;&nbsp; osvietilo nielen betlehemsk\u00fdch pastierov, ale cel\u00fd svet. Nanovo zneje svetu evanjelium:<strong><em>\u201cNebojte sa<\/em><\/strong><em>, lebo zvestujem v\u00e1m radostn\u00fa zves\u0165, ktor\u00e1 bude v\u0161etk\u00e9mu \u013eudu, lebo narodil sa v\u00e1m dnes \u2026v meste D\u00e1vidovom, Betleheme, Spasite\u013e, ktor\u00fd je Kristus P\u00e1n\u201d.&nbsp;<\/em><\/p>\n\n\n\n<p>&nbsp;&nbsp; &nbsp; Vtedy sa plnilo aj slovo proroka Izai\u00e1\u0161a: <em>\u201cLebo die\u0165a sa n\u00e1m narodilo, Syn n\u00e1m je dan\u00fd<\/em>\u201d. Na Jeho po\u010des\u0165, na pamiatku Jeho narodenia, ako prejav v\u010faky, l\u00e1sky a \u00facty zapa\u013eujeme to mno\u017estvo svetiel.&nbsp;<\/p>\n\n\n\n<p>&nbsp; Mil\u00ed priatelia &#8211; iste nie v\u0161etci maj\u00fa tento z\u00e1mer a cie\u013e. Nie v\u0161etci chc\u00fa naroden\u00e9ho Krista P\u00e1na osl\u00e1vi\u0165, Jemu spieva\u0165 na \u010des\u0165 a chv\u00e1lu. Nie v\u0161etci Ho prich\u00e1dzaj\u00fa dnes prosi\u0165 o d\u00f4le\u017eit\u00e9 dary, najm\u00e4 aby bolo viac pokoja, aby sa na\u0161a slovensk\u00e1 krajina nepododobala&nbsp;<\/p>\n\n\n\n<p><em>\u201ctemnej krajine\u201d. <\/em>Vieme, \u017ee mnoh\u00ed zapa\u013euj\u00fa viano\u010dn\u00e9 svetl\u00e1 iba zo zvyku. Mnoh\u00e9 viano\u010dn\u00e9 svetielka s\u00fa zap\u00e1len\u00e9 len ako dekor\u00e1cia. Ale i tak maj\u00fa predsa <strong>jedno spolo\u010dn\u00e9! Vyjadruj\u00fa t\u00fa\u017ebu, aby odst\u00fapili od n\u00e1s v\u0161etky temn\u00e9 veci, temn\u00e9 sily a temn\u00e9 dni, v\u0161etky tmav\u00e9 udalosti, ktor\u00e9 n\u00e1m nah\u00e1\u0148aj\u00fa strach a budia obavy.<\/strong><\/p>\n\n\n\n<p>&nbsp;&nbsp; Lebo tmy a temnoty okolo n\u00e1s i v n\u00e1s je mnoho. Sk\u00fasenos\u0165 hovor\u00ed: <em>Noc &#8211; m\u00e1 svoju moc<\/em>. M\u00e1 svoju neraz a\u017e hroziv\u00fa silu. Ko\u013eko kr\u00e1t sme si polo\u017eili aj v tomto roku ot\u00e1zku, ktor\u00fa sme po\u010duli zo slov druh\u00e9ho \u017dalmu: <em>\u201d Pre\u010do sa b\u00faria n\u00e1rody? Pre\u010do \u013eudia vym\u00fd\u0161\u013eaj\u00fa daromnosti? <\/em>Pre\u010do sa:<em> \u201cZoskupuj\u00fa zemsk\u00ed kr\u00e1li a knie\u017eat\u00e1 sa spolu radia proti Hospodinu a proti Jeho Pomazan\u00e9mu\u201d?<\/em> Vid\u00edme dnes cel\u00e9 n\u00e1rody t\u00e1paj\u00face v tme. To ve\u013ek\u00e9 bl\u00fadenie a novodob\u00e9 s\u0165ahovanie n\u00e1rodov ohrozen\u00fdch na \u017eivote c\u00edtime opr\u00e1vnene ako hrozbu, \u0165archu a zneistenie.<\/p>\n\n\n\n<p>&nbsp;&nbsp; &nbsp; Vid\u00edme v\u0161ak aj tmu v ktorej chodia na\u0161i bl\u00ed\u017eni. Vid\u00edme a po\u010d\u00favame, ako sa otriasaj\u00fa man\u017eelstv\u00e1 a rodinn\u00e9 zv\u00e4zky v z\u00e1kladoch. Ve\u013ea tmy a vym\u00fd\u0161\u013eanie daromnost\u00ed vid\u00edme u\u017e v tom prvotnom Bo\u017eom stvorite\u013eskom poriadku pre stvoren\u00e9ho pre mu\u017ea \u017eenu, v man\u017eelskom zv\u00e4zku. Bezmocnos\u0165 \u010dloveka sa ukazuje aj vtedy, ke\u010f prich\u00e1dzaj\u00fa v\u0161elijak\u00e9 choroby. Tmou je, ke\u010f napriek materi\u00e1lnemu blahu a dostatku je dos\u0165 detsk\u00fdch o\u010d\u00ed, ktor\u00e9 ani dnes ne\u017eiaria, ale s\u00fa smutn\u00e9.&nbsp;<\/p>\n\n\n\n<p>&nbsp;&nbsp; \u00c1no, tma nast\u00e1va a zost\u00e1va panova\u0165 <strong>tam, kde nie je prijat\u00e9 pon\u00faknut\u00e9 Svetlo zhora<\/strong>. Kde s\u00fa zabuchnut\u00e9 dvere pred T\u00fdm, ktor\u00fd pravdivo hovor\u00ed: <em>\u201cJa som svetlo sveta! <\/em>On n\u00e1m d\u00e1va s\u013eub<em> : \u201cKto m\u0148a nasleduje nebude chodi\u0165 v tme, ale bude ma\u0165 svetlo \u017eivota.\u201d<\/em> Preto dnes op\u00e4\u0165 radostne a s najkraj\u0161\u00edmi pocitmi n\u00e1deje a blaha oslavujeme pr\u00edchod jedine\u010dn\u00e9ho, ve\u013ek\u00e9ho <strong>Svetla do ka\u017edej tmy<\/strong>. T\u00ed, \u010do Ho osobne poznali a rukami sa ho dot\u00fdkali vyznali: <em>\u201cBolo prav\u00e9 svetlo, ktor\u00e9 osvecuje ka\u017ed\u00e9ho \u010dloveka prich\u00e1dzaj\u00faceho na svet. N\u00edm povstal svet, ale svet Ho neprijal\u201d.<\/em><\/p>\n\n\n\n<p><em>&nbsp; &nbsp; <\/em>Ide v\u0161ak o to, aby sme my toto Svetlo, Syna n\u00e1m dan\u00e9ho a pre n\u00e1s naroden\u00e9ho prijali s d\u00f4verou a rados\u0165ou.Jeho sa b\u00e1\u0165 nemus\u00edme. Nemus\u00ed sa opakova\u0165 chronick\u00e1 choroba ned\u00f4very tak, ako sa to stalo u mnoh\u00fdch v Betleheme, kde <em>\u201cnemali pre Neho miesta\u201d<\/em>. Ale <em>\u201cnemali pre neho miesto\u201d<\/em> ani v Jeho vlastnom n\u00e1rode, ke\u010f \u201cdo<em> svojho vlastn\u00e9ho pri\u0161iel a jeho vlastn\u00ed ho neprijali.\u201d&nbsp;<\/em><\/p>\n\n\n\n<p><em>( J 1,9-11) <\/em>Ak sa tak stane, \u017eivot \u201c<em>zost\u00e1va tr\u00fachlivou fra\u0161kou, maxim\u00e1lne kr\u00e1snou trag\u00e9diou<\/em>\u201d, ako to vyslovil s\u00fa\u010dasn\u00fd americk\u00fd vedec, agnostik a ateista, <strong>Steven Weinberg.&nbsp;<\/strong> (Kniha: <em>Prv\u00e9 tri min\u00faty).<\/em> Tak\u00fdto \u017eivot zostane <strong>tam<\/strong>, <strong>kde tomuto Svetlu<\/strong> <strong>nedovo\u013euje \u010dlovek svieti\u0165 vo svojom \u017eivote<\/strong>.&nbsp;<\/p>\n\n\n\n<p>Mil\u00ed priatelia! Bratia a sestry v Kristu P\u00e1nu!<\/p>\n\n\n\n<p>&nbsp;&nbsp; Nie je ni\u010d \u013eah\u0161ie ako<strong> nedovoli\u0165 Naroden\u00e9mu<\/strong> zasvieti\u0165 a pre\u017eiari\u0165 na\u0161u tmu. <strong>To ve\u013ek\u00e9 Svetlo je Die\u0165a Bo\u017eie, ale s\u00fa\u010dasne je aj die\u0165a \u013eudsk\u00e9<\/strong>. Jeho moc, ktorou n\u00e1s chce pozva\u0165 k pokoju a radosti, je <strong>\u00fasmev a<\/strong> <strong>pla\u010d novorodenca.<\/strong> V Jeho plienkach sa neskr\u00fdva \u017eiadna zbra\u0148. Prejavme Mu preto pln\u00fa d\u00f4veru, \u017ee Syn n\u00e1m dan\u00fd a naroden\u00fd prin\u00e1\u0161a a d\u00e1va svetlo do n\u00e1\u0161ho \u017eivota.<\/p>\n\n\n\n<p>&nbsp; &nbsp; &nbsp; Tma nel\u00e1sky panuje v mnoh\u00fdch medzi\u013eudsk\u00fdch vz\u0165ahoch. Sami tomu nerozumieme! Nech\u00e1peme, ako sa \u013eudsk\u00e9 slov\u00e1 a city dok\u00e1\u017eu tak r\u00fdchlo meni\u0165 na tmu a chlad, i na nen\u00e1vis\u0165, alebo nez\u00e1ujem o bl\u00ed\u017enych, dokonca i najbli\u017e\u0161\u00edch. V\u0161etci by sme to chceli zmeni\u0165 a venujeme tomu v\u0161etko mo\u017en\u00e9 \u00fasilie. Nepochybne, s apo\u0161tolom Pavlom m\u00f4\u017eu v\u0161etci poveda\u0165: \u201c<em>V\u00f4\u013eu k dobr\u00e9mu m\u00e1m, ale nem\u00e1m silu, aby som to dobr\u00e9 aj vykonal\u201d<\/em>. T\u00fa\u017eime po \u017eivote pre\u017eitom v l\u00e1ske, v porozumen\u00ed a v pokoji. Dobr\u00e1 v\u00f4\u013ea azda nikomu nech\u00fdba!&nbsp; Ako je potom mo\u017en\u00e9, \u017ee \u017eijeme akoby<em> \u201cv temnej krajine\u201d?&nbsp; <\/em><strong>Temnou krajinou mysl\u00ed prorock\u00e9 slovo nie \u00fazemie, ale srdcia \u013eud\u00ed. <\/strong>Ako je mo\u017en\u00e9, \u017ee pri vynalo\u017een\u00ed to\u013ek\u00fdch prostriedkov, umu a pr\u00e1ce r\u00fak <em>\u201cchod\u00edme v tme\u201d<\/em> ?&nbsp; \u017de t\u00e1peme a nevieme ako \u010fale:j v ekonomike, v spolu\u017eit\u00ed n\u00e1rodov v Eur\u00f3pe a vo svete? Nie s\u00fa \u013eudia dos\u0165 m\u00fadri, vzdelan\u00ed, \u010di sk\u00fasen\u00ed? To iste nie ! A predsa sa mnoh\u00ed ob\u00e1vaj\u00fa nov\u00e9ho d\u0148a a nov\u00e9ho roku, bli\u017e\u0161ej i vzdialenej\u0161ej bud\u00facnosti.<\/p>\n\n\n\n<p>&nbsp;&nbsp; Dnes, tak ako na betlehems\u00fdch poliach v on\u00fa sv\u00e4t\u00fa noc prich\u00e1dza k n\u00e1m <strong>ponuka Svetla<\/strong>, ktor\u00e9 svieti a hreje v ka\u017edej tme.&nbsp; Ponuka l\u00e1sky Bo\u017eej: \u201c<em>Syn n\u00e1m je dan\u00fd!<\/em>\u201d Je poslan\u00fd, aby n\u00e1m sl\u00fa\u017eil. Aby bol na\u0161\u00edm Spasite\u013eom. Z\u00e1chrancom a Vykupite\u013eom zo smrti. Aby rozmno\u017eil rados\u0165 pre v\u0161etk\u00fdch. Je\u017ei\u0161 nepri\u0161iel proti n\u00e1m, ale pre n\u00e1s.&nbsp;<\/p>\n\n\n\n<p>&nbsp; &nbsp; &nbsp; Boh Otec chce, aby sme Ho prijali. Aby Jeho <strong>Syn,<\/strong> N\u00edm darovan\u00e9 a za n\u00e1s obetovan\u00e9 <strong>Die\u0165a<\/strong> vl\u00e1dlo v na\u0161ich srdciach a \u017eivotoch ako <strong>n\u00e1\u0161 P\u00e1n<\/strong>. Iba tak bude palica ne\u013eudskosti zlomen\u00e1. Iba tak zv\u00ed\u0165az\u00edme nad ka\u017edou zlou mocou sveta, diabla a smrti. Spolu s darom Syna z\u00edskame aj my synovstvo Bo\u017eie a tak aj plnos\u0165 radosti, pokoja \u010dasn\u00e9ho i ve\u010dn\u00e9ho.&nbsp;<\/p>\n\n\n\n<p>&nbsp; &nbsp; &nbsp; S d\u00f4verou vyznajme aj v dne\u0161n\u00fd \u0160tedr\u00fd ve\u010der, \u017ee v narodenom Bo\u017eom Synovi je n\u00e1m dan\u00fd: <em>\u201c<\/em><strong><em>Predivn\u00fd radca<\/em>\u201d.<\/strong> Jeho rada je jedine\u010dn\u00e1: Urobzo svojho srdca jasle pre M\u0148a!Pozvi ma k svojmu stolu! Je tu s\u013eub, \u017ee nebude prek\u00e1\u017ea\u0165, ani kri\u010da\u0165 na n\u00e1s, ale&nbsp; &#8211; On bude sl\u00fa\u017ei\u0165 n\u00e1m.&nbsp;<\/p>\n\n\n\n<p>&nbsp;&nbsp; &nbsp; Spoznajme nanovo a op\u00e4\u0165, \u017ee <strong>On je<\/strong> <strong>Mocn\u00fd Boh.<\/strong> On je skuto\u010dn\u00fd zdroj i na\u0161ej \u013eudskej l\u00e1sky, ktor\u00fa ka\u017ed\u00fd potrebuje a h\u013ead\u00e1. On n\u00e1m chce aj tento dar udeli\u0165.&nbsp;<\/p>\n\n\n\n<p>&nbsp; &nbsp; Ten, ktor\u00fd je mocn\u00fd Boh a Stvorite\u013e je aj <strong>Otcom ve\u010dnosti.&nbsp;<\/strong><\/p>\n\n\n\n<p>Preto naroden\u00fd Je\u017ei\u0161 m\u00e1<em> \u201cp\u00f4vod vo ve\u010dnosti\u201d( Mich 5)<\/em> a zas\u013eubuje pominute\u013en\u00e9mu \u010dloveku to, \u010do stratil a \u010do nikto z \u013eud\u00ed nedok\u00e1\u017ee a nem\u00f4\u017ee svojou mocou, alebo \u00fasil\u00edm dosiahnu\u0165. Pon\u00faka n\u00e1m ako dar milosti <strong>\u017eivot ve\u010dn\u00fd.<\/strong> Preto <em>\u201cpretrhol nebes\u00e1 a zost\u00fapil\u201d <\/em>k n\u00e1m, na t\u00fato zem. Pr\u00e1vom zaznela pri naroden\u00ed Je\u017ei\u0161a piese\u0148 v\u00ed\u0165azstva: <em>\u201cSl\u00e1va na v\u00fdsostaich Bohu a na zemi pokoj \u013eudu dobrej v\u00f4le\u201d! (Lk 2,14)<\/em><\/p>\n\n\n\n<p>&nbsp;&nbsp; &nbsp; <strong>Kristus P\u00e1n <\/strong>n\u00e1m aj dnes pre tento \u010dasn\u00fd \u017eivot <strong>prin\u00e1\u0161a a pon\u00faka svoj program pokoja.<\/strong> Nech n\u00e1s nem\u00fdli, \u017ee potomkov Herodesa, Jud\u00e1\u0161a a farizejov je vo svete tak mnoho.&nbsp; \u017de sa st\u00e1le<\/p>\n\n\n\n<p>&nbsp;\u201c<em>zoskupuj\u00fa zemsk\u00ed kr\u00e1li\u201d<\/em> a mocn\u00ed tohoto sveta sa <em>\u201cst\u00e1le radia proti Hospodinu a proi Jeho pomazan\u00e9mu.\u201d (\u017d 2) <\/em>T\u00fa\u017eia a pracuj\u00fa na tom, ako Krista P\u00e1na vystrnadi\u0165 z n\u00e1\u0161ho vedomia, z n\u00e1\u0161ho \u017eivota i zo \u017eivota na\u0161ich det\u00ed. Ako m\u00e1me odpoveda\u0165, \u010d\u00edm sa vyzbroji\u0165, ako nalo\u017ei\u0165 s nepriate\u013emi &#8211; to n\u00e1s u\u010d\u00ed nanovo <strong>Knie\u017ea pokoja.<\/strong> Dok\u00e1\u017eeme to s Jeho mocou a pomocou.<\/p>\n\n\n\n<p>&nbsp;&nbsp; Nech teda svietia svetl\u00e1 v\u0161ade na Jeho po\u010des\u0165 a oslavu. Nech v\u0161ak horia aj na\u0161e srdcia tak, ako srdcia emausk\u00fdch u\u010den\u00edkov, ktor\u00ed spoznali a vyznali: \u201c<em>\u010ci nehoreli v n\u00e1s srdcia\u201d,<\/em> ke\u010f hovoril s nami a my s N\u00edm? Ke\u010f sme zasadli s N\u00edm k stolu a poznali sme Ho po l\u00e1man\u00ed chlieba? Ten nezn\u00e1my a predsa zn\u00e1my n\u00e1\u0161 spolup\u00fatnik, <strong>naroden\u00fd<\/strong> <strong>Je\u017ei\u0161, Spasite\u013e.&nbsp;<\/strong><\/p>\n\n\n\n<p><strong>&nbsp; &nbsp;<\/strong> &nbsp; Nech je teda prijat\u00fd aj k n\u00e1\u0161mu a viano\u010dn\u00e9mu stolu<strong>.<\/strong> Pozvite Ho nielen ako Hos\u0165a, ale aj ako Hostite\u013ea, ke\u010f budete op\u00e4\u0165 l\u00e1ma\u0165 obl\u00e1tku, chlieb, ktor\u00fd n\u00e1s upom\u00edna na Toho, ktor\u00fd sa narodil pre n\u00e1s v Betleheme, v Dome chleba.&nbsp;<\/p>\n\n\n\n<p>&nbsp; &nbsp; Nech k Jeho pocte svietia svie\u010dky na zelen\u00fdch stromkoch, hl\u00e1saj\u00facich n\u00e1dej, \u017ee: \u201c<em>Svetlo pri\u0161lo na svet\u201d. <\/em>Viano\u010dn\u00e9 v\u00f4ne nech n\u00e1s in\u0161piruj\u00fa k tomu, aby sme sa aj my v\u0161etci stali <em>\u201cv\u00f4\u0148ou Kristovou\u201d<\/em> v tomto svete. Nech n\u00e1s sprev\u00e1dza dnes, zajtra i naveky n\u00e1m naroden\u00fd: <strong><em>Predivn\u00fd radca, Mocn\u00fd Boh, Otec ve\u010dnosti, Knie\u017ea pokoja.<\/em><\/strong>&nbsp; Amen.&nbsp;<\/p>\n\n\n\n<p>&nbsp; &nbsp; &nbsp; &nbsp; &nbsp; &nbsp; &nbsp; &nbsp; &nbsp; &nbsp; &nbsp; &nbsp; &nbsp; &nbsp; &nbsp; &nbsp; &nbsp; &nbsp; &nbsp; &nbsp; &nbsp; &nbsp; &nbsp; &nbsp; &nbsp; &nbsp; &nbsp; &nbsp; &nbsp; Mgr.\u013dubom\u00edr Batka st.<\/p>\n","protected":false},"excerpt":{"rendered":"<p>&nbsp;&nbsp; &nbsp; Die\u0165a sa n\u00e1m narodilo, syn n\u00e1m je dan\u00fd&nbsp; &nbsp; &nbsp; &nbsp; &nbsp; Jak v Betleheme, tak i u n\u00e1s, Pane,\/ naro\u010f sa, naro\u010f, l\u00e1ska pre\u010dist\u00e1!&nbsp; \/ Nech jasn\u00e9 svetlo pravdy Tvojej vzplanie&#8230; \/ a stoj\u00edme op\u00e4\u0165 &#8211; kol Tvojho ohni\u0161\u0165a. Tak spozn\u00e1me &#8211; i na\u0161i milovan\u00ed, \u017ee hradby na\u0161e len tak obstoja&#8230;\u00d3, vitaj, &#8230; <a title=\"Die\u0165a sa n\u00e1m narodilo, syn n\u00e1m je dan\u00fd\" class=\"read-more\" href=\"https:\/\/www.e-anjelik.sk\/index.php\/2023\/12\/24\/dieta-sa-nam-narodilo-syn-nam-je-dany\/\" aria-label=\"Pre\u010d\u00edtajte si viac o Die\u0165a sa n\u00e1m narodilo, syn n\u00e1m je dan\u00fd\">\u010c\u00edta\u0165 viac<\/a><\/p>\n","protected":false},"author":4,"featured_media":0,"comment_status":"open","ping_status":"open","sticky":false,"template":"","format":"standard","meta":{"footnotes":""},"categories":[121,6,373,159],"tags":[],"class_list":["post-36500","post","type-post","status-publish","format-standard","hentry","category-kazne","category-myjavsky-seniorat","category-stedry-vecer","category-vianoce"],"_links":{"self":[{"href":"https:\/\/www.e-anjelik.sk\/index.php\/wp-json\/wp\/v2\/posts\/36500","targetHints":{"allow":["GET"]}}],"collection":[{"href":"https:\/\/www.e-anjelik.sk\/index.php\/wp-json\/wp\/v2\/posts"}],"about":[{"href":"https:\/\/www.e-anjelik.sk\/index.php\/wp-json\/wp\/v2\/types\/post"}],"author":[{"embeddable":true,"href":"https:\/\/www.e-anjelik.sk\/index.php\/wp-json\/wp\/v2\/users\/4"}],"replies":[{"embeddable":true,"href":"https:\/\/www.e-anjelik.sk\/index.php\/wp-json\/wp\/v2\/comments?post=36500"}],"version-history":[{"count":1,"href":"https:\/\/www.e-anjelik.sk\/index.php\/wp-json\/wp\/v2\/posts\/36500\/revisions"}],"predecessor-version":[{"id":36501,"href":"https:\/\/www.e-anjelik.sk\/index.php\/wp-json\/wp\/v2\/posts\/36500\/revisions\/36501"}],"wp:attachment":[{"href":"https:\/\/www.e-anjelik.sk\/index.php\/wp-json\/wp\/v2\/media?parent=36500"}],"wp:term":[{"taxonomy":"category","embeddable":true,"href":"https:\/\/www.e-anjelik.sk\/index.php\/wp-json\/wp\/v2\/categories?post=36500"},{"taxonomy":"post_tag","embeddable":true,"href":"https:\/\/www.e-anjelik.sk\/index.php\/wp-json\/wp\/v2\/tags?post=36500"}],"curies":[{"name":"wp","href":"https:\/\/api.w.org\/{rel}","templated":true}]}}