{"id":36503,"date":"2023-12-24T20:09:55","date_gmt":"2023-12-24T19:09:55","guid":{"rendered":"https:\/\/e-anjelik.sk\/?p=36503"},"modified":"2024-07-04T19:32:09","modified_gmt":"2024-07-04T17:32:09","slug":"slovo-stalo-sa-telom","status":"publish","type":"post","link":"https:\/\/www.e-anjelik.sk\/index.php\/2023\/12\/24\/slovo-stalo-sa-telom\/","title":{"rendered":"Slovo stalo sa telom"},"content":{"rendered":"\n<p><em>&nbsp; &nbsp; &nbsp; &nbsp; &nbsp; &nbsp; &nbsp; &nbsp; &nbsp; &nbsp; &nbsp; &nbsp; &nbsp; &nbsp; &nbsp; <\/em><strong>&nbsp; Slovo sa stalo telom<\/strong><\/p>\n\n\n\n<p><em>Naroden\u00fd Je\u017ei\u0161i,<\/em><br><em>poklad n\u00e1\u0161 najvy\u0161\u0161\u00ed,<\/em><br><em>po\u017eehnaj n\u00e1m dnes v chr\u00e1me,<\/em><br><em>ke\u010f pred Tebou k\u013eak\u00e1me!<\/em><br><em>Nech\u017ee t\u00e1 zves\u0165 radosti,<\/em><br><em>du\u0161e na\u0161e uhost\u00ed\u2026<\/em><br><em>a t\u00e1 pravda od Teba<\/em><br><em>\u017eivot nov\u00fd v n\u00e1s obnov\u00ed<\/em><br><em>a prevedie raz do neba ! (M.R.)<\/em><\/p>\n\n\n\n<p><em>&nbsp; <\/em>Sl\u00e1vnostn\u00e9 kres\u0165ansk\u00e9 zhroma\u017edenie, bohumil\u00ed kres\u0165ania!<\/p>\n\n\n\n<p>&nbsp;&nbsp; &nbsp; S\u00fa udalosti, ktor\u00e9 sa zap\u00edsali do dej\u00edn \u013eudstva zlat\u00fdmi p\u00edsmenami. Patria k nim mnoh\u00e9 prelomov\u00e9 udalosti, alebo skvel\u00e9 v\u00ed\u0165azstv\u00e1. Napriek tomu v\u0161ak \u013eudstvo na ne postupne zab\u00fada. Podobne boli osobnosti, ktor\u00e9 vynikli vysoko nad ostatn\u00fdch \u013eud\u00ed a obohatili svetov\u00fa kult\u00faru, vedu, umenie. Napriek tomu vie o nich po nieko\u013ek\u00fdch desiatkach rokov, \u010di po p\u00e1r storo\u010diach len nieko\u013eko odborn\u00edkov. Kto si napr. spomenie na Sokrata, Aristotela, Archimeda, na Verg\u00edlia a \u010fal\u0161\u00edch latinsk\u00fdch b\u00e1snikov? Azda iba p\u00e1r odborn\u00edkov a \u0161tudenti pri sk\u00fa\u0161kach.<\/p>\n\n\n\n<p>&nbsp;&nbsp; Boli aj kr\u00e1li a mocn\u00e1ri, pred ktor\u00fdmi sa triasli a korili tis\u00edce a mili\u00f3ny \u013eud\u00ed. Prin\u00e1\u0161ali im najvy\u0161\u0161ie pocty, ale pre nasleduj\u00face gener\u00e1cie neznamenaj\u00fa mnoho. M\u00e1lo \u013eud\u00ed vie kto bol Chamurabi, Alexander Ve\u013ek\u00fd, Amenhotep, Augustus, Karol Ve\u013ek\u00fd. M\u00e1lo Slov\u00e1kov vie nie\u010do o Samovi, Pribinovi a Sv\u00e4toplukovi a mnoh\u00fdch \u010fal\u0161\u00edch osobnostiach z na\u0161ich dej\u00edn.<\/p>\n\n\n\n<p>\u00a0 \u00a0 \u00a0 Predsa je v\u0161ak jedna udalos\u0165 a jedna osobnos\u0165, jeden Kr\u00e1\u013e, na ktor\u00e9ho sa jednoducho ned\u00e1 zabudn\u00fa\u0165. Zap\u00edsal sa viac ako zlat\u00fdmi p\u00edsmenami do dej\u00edn, ale najm\u00e4 do mnoh\u00fdch s\u0155dc a du\u0161\u00ed. Na neho mysl\u00ed neprestajne mno\u017estvo \u013eud\u00ed na celom svete. Jeho meno poznaj\u00fa ve\u013emi mnoh\u00ed a dnes sa z rozochven\u00edm v srdci rozpom\u00ednaj\u00fa na jeho narodenie. Vieme, \u017ee tou udalos\u0165ou a osobnos\u0165ou je narodenie Je\u017ei\u0161a Krista v Betleheme. Aj po dvoch tis\u00edcro\u010diach t\u00e1to udalos\u0165 \u201celektrizuje\u201d \u013eudstvo. Ni\u010d neubudlo z radosti, ktor\u00e1 t\u00e1to udalos\u0165 a osobnos\u0165 priniesla v\u0161etk\u00fdm.<\/p>\n\n\n\n<p>\u00a0\u00a0 A hoci Je\u017ei\u0161 nikdy nevzal do ruky zbra\u0148, nepou\u017eil nijak\u00fa svetsk\u00fa moc a silu, a nevytvoril \u017eiadnu pozemsk\u00fa r\u00ed\u0161u, je st\u00e1le dos\u0165 tak\u00fdch, ktor\u00ed Ho prij\u00edmaj\u00fa za P\u00e1na a Kr\u00e1\u013ea svojho \u017eivota. Ani \u010das, ani vzdialenos\u0165 \u010dasu a priestoru, ani rozdiel kult\u00fary, alebo technick\u00fd pokrok ni\u010d neubrali\u00a0 ve\u013ekosti tejto udalosti. Napriek tomu, \u017ee jej po\u010diatok bol neskuto\u010dne mal\u00fd a nepatrn\u00fd a bez akejko\u013evek publicity a ok\u00e1zalosti. Narodenie Je\u017ei\u0161a z matky, ktor\u00e1 bola nezn\u00e1mou diev\u010dinou z polopohanskej Galiley, narodenie nemluvniatka v ma\u0161tali v zabudnutom Betleheme, ned\u00e1valo- \u013eudsky viden\u00e9 &#8211; nijak\u00e9 predpoklady k tomu, \u017ee pri\u0161lo k najv\u00fdznamnej\u0161ej udalosti od stvorenia sveta. A predsa sa t\u00e1to udalos\u0165 a t\u00e1to osobnos\u0165 stala najv\u00e4\u010d\u0161\u00edm a naj\u00fa\u017easnej\u0161\u00edm darom pre \u013eudstvo. Pre gener\u00e1cie minul\u00e9, pr\u00edtomn\u00e9 a nem\u00e1me nijak\u00fa pochybnos\u0165, \u017ee sa k nej bud\u00fa obraca\u0165 aj deti na\u0161ich det\u00ed.<\/p>\n\n\n\n<p>\u00a0\u00a0 \u00a0 Iste sme \u0161\u0165astn\u00ed, \u017ee sa aj my dnes m\u00f4\u017eeme vr\u00e1ti\u0165 k tejto udalosti a v pokoji, bla\u017eenosti a s opr\u00e1vnen\u00fdm o\u010dak\u00e1van\u00edm o nej uva\u017eova\u0165. M\u00f4\u017eeme si spr\u00edtomni\u0165 jej v\u00fdznam a tak sa sta\u0165 nanovo<em> \u201c\u013eu\u010fmi dobrej v\u00f4le\u201d<\/em>. M\u00f4\u017eeme sa te\u0161i\u0165 a usmieva\u0165 ako deti, ktor\u00fdm s\u00fa cudzie naf\u00fakan\u00e9 gest\u00e1 a prejavy brachi\u00e1lnej moci, alebo moci finan\u010dnej oligarchie &#8211; lebo vieme a vyzn\u00e1vame: <em>\u201cN\u00e1m, n\u00e1m narodil sa!\u201d<\/em><\/p>\n\n\n\n<p>Sk\u00f4r v\u0161ak, ako budeme o v\u00fdzname tejto udalosti pre n\u00e1s hlb\u0161ie uva\u017eova\u0165 a sved\u010di\u0165, vy\u017eiadajme si k tomu pomoci v slov\u00e1ch Modlitby P\u00e1novej:<\/p>\n\n\n\n<p><strong>Ot\u010den\u00e1\u0161\u2026<\/strong><\/p>\n\n\n\n<p>K\u00e1z\u0148ov\u00fd text:<strong> J\u00e1n 1, 9 &#8211; 18:<\/strong><\/p>\n\n\n\n<p><strong>\u00a0\u00a0 <\/strong><em>\u201cBolo v\u0161ak prav\u00e9 svetlo, ktor\u00e9 osvecuje ka\u017ed\u00e9ho \u010dloveka, prich\u00e1dzaj\u00faceho na svet. (10) Bolo vo svete a svet N\u00edm povstal, ale svet Ho nepoznal. (11) Do svojho vlastn\u00e9ho pri\u0161iel, a jeho vlastn\u00ed Ho neprijali. (12) Ale t\u00fdm, o Ho prijali, dal moc sta\u0165 sa dietkami Bo\u017e\u00edmi, t\u00fdm, \u010do veria v Jeho meno, (13) ktor\u00ed boli sploden\u00ed nie z krvi, ani z telesnej \u017eiadosti, ani z v\u00f4le mu\u017ea, ale z Boha. (14) A to Slovo stalo sa telom, preb\u00fdvalo medzi nami, a my h\u013eadeli sme na Jeho sl\u00e1vu ako na sl\u00e1vu jednoroden\u00e9ho od Otca, bolo pln\u00e9 milosti a pravdy. (15) J\u00e1n sved\u010dil o \u0148om volaj\u00fac: Toto je Ten, o ktorom som\u00a0 povedal: Ten, ktor\u00fd prich\u00e1dza po mne, je predo mnou, preto\u017ee bol prv ako ja. (16) Z jeho plnosti sme zaiste my v\u0161etci vzali, a to milos\u0165 nad milos\u0165. (17) Lebo z\u00e1kon dan\u00fd bol skrze Moj\u017ei\u0161a, ale milos\u0165 a pravda stala sa skrze Je\u017ei\u0161a Krista.- (18) Boha nikto nikdy nevidel; jednoroden\u00fd Syn Bo\u017e\u00ed, ktor\u00fd je v lone Otcovom, ten Ho zn\u00e1mym u\u010dinil\u201d. Amen<\/em><\/p>\n\n\n\n<p><em>&nbsp;&nbsp; &nbsp; &nbsp; &nbsp; &nbsp; &nbsp; &nbsp; &nbsp; &nbsp; &nbsp;<\/em> Bratia a sestry v P\u00e1novi!<\/p>\n\n\n\n<p>\u00a0\u00a0 Slov\u00e1 sv\u00e4t\u00e9ho P\u00edsma ktor\u00e9 sme vypo\u010duli, s\u00fa akoby \u201cpoh\u013eadom z dia\u013eky\u201d na udalosti prv\u00fdch Vianoc.Ke\u010f pozer\u00e1me na udalosti, alebo veci z odstupu, neh\u013ead\u00edme s\u00edce priamo na niektor\u00e9 podrobnosti alebo detaily, ale vid\u00edme dobre najm\u00e4 tie hlavn\u00e9 obrysy onej udalosti. Obrazne povedan\u00e9 &#8211; <em>vid\u00edme les, ale nie jednotliv\u00e9 stromy. <\/em>Tak\u00fd je teraz nielen n\u00e1\u0161 vlastn\u00fd poh\u013ead, ale aj poh\u013ead samotn\u00e9ho evanjelistu J\u00e1na.<\/p>\n\n\n\n<p>&nbsp;&nbsp; Evanjelisti Luk\u00e1\u0161 a Mat\u00fa\u0161 pozeraj\u00fa a opisuj\u00fa udalosti narodenia&nbsp; Je\u017ei\u0161ka v Betleheme&nbsp; akoby pod mikroskopom. Luk\u00e1\u0161 spom\u00edna \u00fadiv pastierov, ktor\u00ed boli v on\u00fa noc na poli a str\u00e1\u017eili si v noci st\u00e1do a doklad\u00e1<em>: \u201d Sl\u00e1va P\u00e1nova ich osvietila a b\u00e1li sa b\u00e1z\u0148ou velikou\u201d.<\/em><\/p>\n\n\n\n<p><em>&nbsp;<\/em>&nbsp; Evanjelista Mat\u00fa\u0161 spom\u00edna zase u\u010den\u00fdch a m\u00fadrych mu\u017eov z v\u00fdchodu, ktor\u00ed pozorovali nebesk\u00fa oblohu a<em> \u201cvideli jeho hviezdu na v\u00fdchode\u201d<\/em> a preto sa i\u0161li pokloni\u0165 naroden\u00e9mu \u017eidovsk\u00e9mu kr\u00e1\u013eovi netu\u0161iac, \u017ee n\u00e1jdu <em>\u201cKr\u00e1\u013ea kr\u00e1\u013eov\u201d.<\/em><\/p>\n\n\n\n<p><em>&nbsp;<\/em>&nbsp; V\u0161etci t\u00edto prv\u00ed svedkovia na\u0161li die\u0165a, ktor\u00e9 sa narodilo v Betleheme. Evanjelista J\u00e1n o t\u00fdchto udalostiach priamo nehovor\u00ed. Hovor\u00ed v\u0161ak o v\u00fdzname a dosahu Kristovho pr\u00edchodu na svet. J\u00e1n sved\u010d\u00ed, \u017ee:<\/p>\n\n\n\n<p>&nbsp; &nbsp; &nbsp; &nbsp; &nbsp; &nbsp; &nbsp; &nbsp;<strong> &nbsp; V osobe Je\u017ei\u0161a Krista pri\u0161lo na svet:<\/strong><\/p>\n\n\n\n<p><em>1. Svetlo &#8211; aby sme mali svetlo \u017eivota<\/em><\/p>\n\n\n\n<p><em>2. Syn Bo\u017e\u00ed, aby sme sa my mohli sta\u0165 dietkami Bo\u017e\u00edmi<\/em><\/p>\n\n\n\n<p><em>3. Ve\u010dn\u00e9 Slovo, ktor\u00e9 sa stalo telom, aby sme mali \u00fa\u010das\u0165 na Bo\u017eej&nbsp; &nbsp;<\/em><\/p>\n\n\n\n<p><em>&nbsp; &nbsp; sl\u00e1ve<\/em><\/p>\n\n\n\n<p><em>&nbsp;&nbsp; &nbsp; <\/em>Bratia a sestry v P\u00e1novi, mil\u00ed priatelia!<\/p>\n\n\n\n<p>\u00a0\u00a0 \u00a0 Pri naroden\u00ed Krista P\u00e1na sa zjavila \u201cnov\u00e1 hviezda\u201d na oblohe a pastierov osvietila<em> \u201csl\u00e1va P\u00e1nova\u201d<\/em>. Podobne hovor\u00ed aj evanjelista J\u00e1n, ke\u010f sved\u010d\u00ed o svetle, ktor\u00e9 chce svieti\u0165 ako <em>\u201csvetlo \u017eivota\u201d <\/em>ka\u017ed\u00e9mu \u010dloveku prich\u00e1dzaj\u00facemu na svet. Ide o svetlo, \u201cktor\u00fdm svet povstal\u201d. Nebolo stvoren\u00e9, lebo pr\u00e1ve Ono je od ve\u010dnosti. \u201cSvet N\u00edm povstal\u201d a <em>\u201cN\u00edm povstalo v\u0161etko, a bez Neho nepovstalo ni\u010d, \u010do povstalo\u201d.<\/em><\/p>\n\n\n\n<p><em>&nbsp; &nbsp; &nbsp; <\/em>Pokia\u013e ide o stvoren\u00e9 svetlo, jednou z jeho vlastnost\u00ed je, \u017ee&nbsp; sa \u0161\u00edri v\u0161etk\u00fdmi smermi. To znamen\u00e1, \u017ee prich\u00e1dza v\u0161ade a ku v\u0161etk\u00fdm. Podobne Bo\u017e\u00ed posol zvestoval pr\u00edchod tohoto Svetla sveta ako<em> \u201crados\u0165, ktor\u00e1 bude v\u0161etk\u00e9mu \u013eudu\u201d.<\/em><\/p>\n\n\n\n<p><em>&nbsp;<\/em>&nbsp; V\u00fdznam svetla pre \u010dloveka je v jeho slu\u017ebe, preto\u017ee umo\u017e\u0148uje \u017eivot. Aj P\u00e1n Je\u017ei\u0161 Kristus ako \u201cprav\u00e9 Svetlo\u201d pri\u0161iel, aby n\u00e1m sl\u00fa\u017eil.<\/p>\n\n\n\n<p>Je\u017ei\u0161i \u201csvieti\u201d- a teda sl\u00fa\u017ei v\u0161etk\u00fdm \u013eu\u010fom, cel\u00e9mu svetu, aby sme <em>\u201c\u017eivot mali a hojne mali\u201d. <\/em>Kde je svetlo, tam sa m\u00f4\u017ee \u010dlovek spr\u00e1vne orientova\u0165 a kr\u00e1\u010da\u0165 po spr\u00e1vnej ceste. To v plnosti konal a kon\u00e1 aj Je\u017ei\u0161 a ukazuje n\u00e1m cestu k pln\u00e9mu a prav\u00e9mu \u017eivotu.<\/p>\n\n\n\n<p>\u00a0 \u00a0 Jeho pr\u00edchod a svetlo, ktor\u00e9 priniesol svieti aj smerom do minulosti a je aj pre zosnul\u00fdch \u201cSvetlom \u017eivota\u201d. Svieti n\u00e1m, aby sme poznali odkia\u013e sme vy\u0161li, aby sme rozumeli svojmu p\u00f4vodu a najp\u00f4vodnej\u0161iemu ur\u010deniu. Je pre svetlom v ka\u017edej tme na\u0161ej pr\u00edtomnosti, aby n\u00e1s zbavoval strachu z rozli\u010dn\u00fdch hrozieb, ktor\u00e9 visia nad na\u0161imi hlavami. A z\u00e1rove\u0148 &#8211; On n\u00e1m svieti aj ako zorni\u010dka- ako pr\u00eds\u013eub nov\u00e9ho d\u0148a a bud\u00facnosti, ktor\u00fa nepozn\u00e1me, ktorej sa mo\u017eno tie\u017e des\u00edme. Ak v\u0161ak m\u00e1me Jeho Slovo, ak je On s\u00e1m s nami, nemus\u00edme si z\u00fafa\u0165, alebo by\u0165 ustr\u00e1chan\u00ed, lebo hovor\u00ed a svieti aj to tej najvzdialenej\u0161ej bud\u00facnosti. Kristovo svetlo presvecuje aj tmu smrti a bude svieti\u0165 veriacim v neho na veky.\u00a0<\/p>\n\n\n\n<p>&nbsp; &nbsp; Ak Ho prij\u00edmame a ver\u00edme v Neho, pozn\u00e1me zmysel n\u00e1\u0161ho \u017eivota &nbsp; tu v \u010dasnosti a m\u00e1me n\u00e1dej na \u017eivot aj v Jeho ve\u010dnom spolo\u010denstve.<\/p>\n\n\n\n<p>&nbsp; &nbsp; 2. Bratia a sestry v P\u00e1novi!<\/p>\n\n\n\n<p>&nbsp; &nbsp; V betlehemskom Die\u0165ati k n\u00e1m pri\u0161iel s\u00e1m P\u00e1n Boh, od ktor\u00e9ho n\u00e1s hriech odl\u00fa\u010dil, aby sme sa mohli sta\u0165 op\u00e4\u0165 Bo\u017e\u00edmi de\u0165mi. Kr\u00e1sne to kedysi vyspieval n\u00e1\u0161 J.Tranovsk\u00fd:<em> \u201c Neb B\u00fah v\u011b\u010dn\u00fd, nekone\u010dn\u00fd, narodil se z panny\u201d.<\/em><\/p>\n\n\n\n<p><em>\u00a0<\/em> \u00a0 Evanjelista J\u00e1n sved\u010d\u00ed:<em> \u201cT\u00fdm, \u010do ho prijali, dal moc sta\u0165 sa dietkami Bo\u017e\u00edmi\u201d. <\/em>Je to kr\u00e1sne svedectvo. Ak si uvedom\u00edme, \u010do v\u0161etko \u010dlovek robil preto, aby \u201cuzmieril \u201c Bo\u017e\u00ed hnev a trest, ak vid\u00edme ako sa mnoh\u00ed \u013eudia dodnes sna\u017eia v\u0161elijak\u00fdmi n\u00e1bo\u017eensk\u00fdmi \u00fakonmi, obe\u0165ami, medit\u00e1ciami a v\u0161elijak\u00fdm vlastn\u00fdm \u00fasil\u00edm dosta\u0165 k Bohu, k \u017eivotu, pokoju a po\u017eehaniu, ale bez akejko\u013evek istoty, m\u00f4\u017ee n\u00e1m to by\u0165 \u013e\u00fato, alebo to m\u00f4\u017ee p\u00f4sobi\u0165 \u00fasmevne. Na druhej starne my vieme a smieme s radostnou vierou a v\u010fakou prija\u0165\u00a0 Bo\u017eie detinstvo a s n\u00edm tie najv\u00e4\u010d\u0161ie za\u013e\u00fabenia skrze Dar milosti, ako dar z neba, tak je to vpravde \u201cmilos\u0165 nad milos\u0165\u201d. \u010clovek sa s\u00e1m nikdy nestane Bohom, ani Bo\u017e\u00edm dedi\u010dom. Vianoce n\u00e1m v\u0161ak zvestuj\u00fa, \u017ee P\u00e1n Boh sa stal \u010dlovekom a vo svojom Synovi n\u00e1m podal ruku k zmiereniu a k z\u00e1chrane. Jej prijat\u00edm, st\u00e1vame sa Bo\u017e\u00edmi de\u0165mi a tak aj dedi\u010dmi Bo\u017e\u00edmi. A op\u00e4\u0165 si na tomto mieste m\u00f4\u017eeme pripomen\u00fa\u0165 slov\u00e1 n\u00e1dhernej viano\u010dnej piesne:<em> \u201cV Je\u017ei\u0161ku, Die\u0165a\u0165ku, Boh sa l\u00e1skavo usmieva n\u00e1m\u2026\u201d<\/em>.<\/p>\n\n\n\n<p>\u00a0 \u00a0 P\u00e1n Boh n\u00e1m v synovi podal ruku, v ktorej m\u00e1me viac, ako by sme mohli a smeli d\u00fafa\u0165. Z jeho plnosti prijal mnoho J\u00e1n Krstite\u013e, evanjelista J\u00e1n a v\u0161etci, ktor\u00ed uverili, \u017ee v \u0148om je svetu pon\u00faknut\u00e1 \u201cmilos\u0165 nad milos\u0165\u201d. Spasenie, z\u00e1chrana k ve\u010dn\u00e9mu \u017eivotu je v dare Je\u017ei\u0161ka trvalo pon\u00faknut\u00e1 v\u0161etk\u00fdm n\u00e1m hrie\u0161nym, pre nebo straten\u00fdm, ale v Kristu vyk\u00fapen\u00fdm Bo\u017e\u00edm de\u0165om. Vianoce boli a zost\u00e1vaj\u00fa pre svet\u00a0 darom nad v\u0161etky dary a rados\u0165ou nad v\u0161etky radosti.<\/p>\n\n\n\n<p>&nbsp; 3. Bratia a sestry v narodenom P\u00e1novi!<\/p>\n\n\n\n<p>&nbsp;&nbsp; &nbsp; Napokon si pripome\u0148me aj ten tret\u00ed d\u00f4vod na\u0161ej radosti a veselosti. Ve\u010dn\u00e9 Slovo, ktor\u00fdm bolo v\u0161etko stvoren\u00e9, pri\u0161lo na svet,&nbsp; aby n\u00e1s oslovilo. Ono bolo \u201cpln\u00e9 milosti a pravdy\u201d. Na prv\u00e9 Vianoce sa P\u00e1n Boh \u201czvidite\u013enil\u201d a vol\u00e1 n\u00e1s na cestu pravdy. J\u00e1n hovor\u00ed a sved\u010d\u00ed, \u017ee pred Je\u017ei\u0161ov\u00fdm naroden\u00edm<em> \u201cBoha nikto nikdy nevidel\u201d- <\/em>ale<em> \u201cjednoroden\u00fd Syn Bo\u017e\u00ed, ktor\u00fd je v lone Otcom, ten Ho zn\u00e1mym u\u010dinil\u201d.<\/em><\/p>\n\n\n\n<p><em>\u00a0\u00a0<\/em> \u013dudia poznali P\u00e1na Boha len skrze jeho stvorite\u013esk\u00e9 dielo, aj to nie v\u0161etci. V\u00e4\u010d\u0161ina namiesto Stvorite\u013ea uctievala stvoren\u00e9 veci a Stvorite\u013ea nepoznala. Tento \u201ctrapas\u201d vl\u00e1dne dodnes tam, kde \u010dlovek neprij\u00edma Bo\u017eie vyjavenie v narodenom Je\u017ei\u0161ovi. Robili tak star\u00ed pohania a robia tak aj\u00a0 mnoh\u00ed novodob\u00ed pohania, h\u013eadaj\u00fac P\u00e1n Boha v hlbin\u00e1ch vesm\u00edru, v \u010dasopriestore, alebo r\u00f4znych premen\u00e1ch hviezdnat\u00e9ho neba. Jeho vlastn\u00ed Ho neprijali, lebo si mysleli, \u017ee poznaj\u00fa P\u00e1na Boha dostato\u010dne, lebo maj\u00fa jeho Z\u00e1kon, ktor\u00fd im bol dan\u00fd skrze Moj\u017ei\u0161a. Nejde o to, \u017ee stratili dve kamenn\u00e9 tabule, ale skuto\u010dn\u00fd probl\u00e9m je v tom, \u017ee nie je dostato\u010dne nap\u00edsan\u00fd ani na tabuliach \u201c\u013eudsk\u00fdch s\u0155dc\u201d. A ak \u013eudia z\u00e1kon Bo\u017e\u00ed aj poznaj\u00fa, nemaj\u00fa sami zo seba silu a schopnos\u0165 ho naplni\u0165. Zo z\u00e1kona je len poznanie hriechu &#8211; a z neho nikto nepozn\u00e1 Bo\u017eie rozhodnutie o ceste milosti v Je\u017ei\u0161ovi. Preto, ako M.Luther povedal, P\u00e1na Boha pozn\u00e1me len vtedy, ke\u010f sa sklon\u00edme nad jas\u013eami a pozrieme do tv\u00e1re le\u017eiacemu v plienkach na slame.\u00a0<\/p>\n\n\n\n<p>\u00a0\u00a0 \u00a0 Tu smieme vidie\u0165, pozna\u0165 a prija\u0165 Bo\u017eiu l\u00e1sku a v nej \u017ei\u0165. T\u00fato l\u00e1sku, ako ka\u017ed\u00fa l\u00e1sku, mo\u017eno samozrejme aj odmietnu\u0165, dokonca po\u0161liapa\u0165 a znev\u00e1\u017ei\u0165 ju. Boli tak\u00ed v Izraeli a s\u00fa tak\u00ed aj medzi pohanmi. Vianoce s\u00fa v\u0161ak novou ponukou t\u00fato Bo\u017eiu l\u00e1sku prija\u0165 a v nej \u017ei\u0165. Ak sa tak deje, m\u00e1me spolu s Je\u017ei\u0161om \u00fa\u010das\u0165 na ve\u010dnej sl\u00e1ve neba.\u00a0<\/p>\n\n\n\n<p>&nbsp; &nbsp; &nbsp; &nbsp; Preto s\u00fa Vianoce v\u017edy nov\u00fdm trpezliv\u00fdm a jemn\u00fdm Bo\u017e\u00edm osloven\u00edm sveta a ka\u017ed\u00e9ho z n\u00e1s \u00fasmevom Nemluvniatka.&nbsp;<\/p>\n\n\n\n<p>V Je\u017ei\u0161kovi pri\u0161lo k n\u00e1m Svetlo sveta, aby sme mali svetlo \u017eivota, pri\u0161iel k n\u00e1m Syn Bo\u017e\u00ed, aby sme sa my mohli sta\u0165 Bo\u017e\u00edmi de\u0165mi a ve\u010dn\u00e9 Slovo, aby sme mali \u00fa\u010das\u0165 na sl\u00e1ve Otca, Syna i Ducha Sv\u00e4t\u00e9ho. Amen<\/p>\n\n\n\n<p>&nbsp;&nbsp; &nbsp; &nbsp; &nbsp; &nbsp; &nbsp; &nbsp; I.sl\u00e1vnos\u0165 viano\u010dn\u00e1&nbsp; &#8211;&nbsp; &nbsp; \u013dubom\u00edr Batka st.<\/p>\n","protected":false},"excerpt":{"rendered":"<p>&nbsp; &nbsp; &nbsp; &nbsp; &nbsp; &nbsp; &nbsp; &nbsp; &nbsp; &nbsp; &nbsp; &nbsp; &nbsp; &nbsp; &nbsp; &nbsp; Slovo sa stalo telom Naroden\u00fd Je\u017ei\u0161i,poklad n\u00e1\u0161 najvy\u0161\u0161\u00ed,po\u017eehnaj n\u00e1m dnes v chr\u00e1me,ke\u010f pred Tebou k\u013eak\u00e1me!Nech\u017ee t\u00e1 zves\u0165 radosti,du\u0161e na\u0161e uhost\u00ed\u2026a t\u00e1 pravda od Teba\u017eivot nov\u00fd v n\u00e1s obnov\u00eda prevedie raz do neba ! (M.R.) &nbsp; Sl\u00e1vnostn\u00e9 kres\u0165ansk\u00e9 zhroma\u017edenie, bohumil\u00ed &#8230; <a title=\"Slovo stalo sa telom\" class=\"read-more\" href=\"https:\/\/www.e-anjelik.sk\/index.php\/2023\/12\/24\/slovo-stalo-sa-telom\/\" aria-label=\"Pre\u010d\u00edtajte si viac o Slovo stalo sa telom\">\u010c\u00edta\u0165 viac<\/a><\/p>\n","protected":false},"author":4,"featured_media":0,"comment_status":"open","ping_status":"open","sticky":false,"template":"","format":"standard","meta":{"footnotes":""},"categories":[606,121,6,95,159],"tags":[],"class_list":["post-36503","post","type-post","status-publish","format-standard","hentry","category-1-sviatok-vianocny","category-kazne","category-myjavsky-seniorat","category-sobotiste","category-vianoce"],"_links":{"self":[{"href":"https:\/\/www.e-anjelik.sk\/index.php\/wp-json\/wp\/v2\/posts\/36503","targetHints":{"allow":["GET"]}}],"collection":[{"href":"https:\/\/www.e-anjelik.sk\/index.php\/wp-json\/wp\/v2\/posts"}],"about":[{"href":"https:\/\/www.e-anjelik.sk\/index.php\/wp-json\/wp\/v2\/types\/post"}],"author":[{"embeddable":true,"href":"https:\/\/www.e-anjelik.sk\/index.php\/wp-json\/wp\/v2\/users\/4"}],"replies":[{"embeddable":true,"href":"https:\/\/www.e-anjelik.sk\/index.php\/wp-json\/wp\/v2\/comments?post=36503"}],"version-history":[{"count":2,"href":"https:\/\/www.e-anjelik.sk\/index.php\/wp-json\/wp\/v2\/posts\/36503\/revisions"}],"predecessor-version":[{"id":36870,"href":"https:\/\/www.e-anjelik.sk\/index.php\/wp-json\/wp\/v2\/posts\/36503\/revisions\/36870"}],"wp:attachment":[{"href":"https:\/\/www.e-anjelik.sk\/index.php\/wp-json\/wp\/v2\/media?parent=36503"}],"wp:term":[{"taxonomy":"category","embeddable":true,"href":"https:\/\/www.e-anjelik.sk\/index.php\/wp-json\/wp\/v2\/categories?post=36503"},{"taxonomy":"post_tag","embeddable":true,"href":"https:\/\/www.e-anjelik.sk\/index.php\/wp-json\/wp\/v2\/tags?post=36503"}],"curies":[{"name":"wp","href":"https:\/\/api.w.org\/{rel}","templated":true}]}}