{"id":36505,"date":"2023-12-26T15:07:44","date_gmt":"2023-12-26T14:07:44","guid":{"rendered":"https:\/\/e-anjelik.sk\/?p=36505"},"modified":"2024-07-04T19:26:36","modified_gmt":"2024-07-04T17:26:36","slug":"led-su-vol-a-osol-prikladom","status":"publish","type":"post","link":"https:\/\/www.e-anjelik.sk\/index.php\/2023\/12\/26\/led-su-vol-a-osol-prikladom\/","title":{"rendered":"Ke\u010f s\u00fa v\u00f4l a osol pr\u00edkladom"},"content":{"rendered":"\n<p><em>&nbsp;&nbsp; &nbsp; &nbsp; &nbsp; &nbsp;<\/em><strong> Ke\u010f s\u00fa v\u00f4l a osol pr\u00edkladom<\/strong><\/p>\n\n\n\n<p><em>Za zves\u0165 ve\u013ek\u00fa tohto d\u0148a &#8211; \u010fakujeme,<\/em><br><em>\u017ee n\u00e1m vzkvitol \u010darovn\u00fd kvet z chladnej zeme,<\/em><br><em>\u017ee zost\u00fapil na zem hrie\u0161nu poklad z neba&#8230;<\/em><br><em>Daj\u017ee, mil\u00e9 Jezuliatko, pozna\u0165 seba! Amen (M.R.)<\/em><\/p>\n\n\n\n<p><strong>Iz&nbsp; 1, 2 \u2013 3:<\/strong><\/p>\n\n\n\n<p><strong>&nbsp;&nbsp; &nbsp; <\/strong><em>\u201cPo\u010dujte, nebes\u00e1, nasl\u00fachaj zem, lebo Hospodin hovor\u00ed:&nbsp; Synov som vychoval a vyv\u00fd\u0161il, oni v\u0161ak odpadli odo m\u0148a. (3) V\u00f4l pozn\u00e1 svojho gazdu i osol jasle svojho p\u00e1na, Izrael nepozn\u00e1, m\u00f4j \u013eud nechce ch\u00e1pa\u0165 .\u201d Amen<\/em><\/p>\n\n\n\n<p><strong><em>&nbsp;&nbsp; &nbsp; &nbsp; \u201e<\/em><\/strong><em>Zem i nebes\u00e1, zem i nebes\u00e1, dnes preradostne sl\u00e1via,<\/em><\/p>\n\n\n\n<p><em>&nbsp;&nbsp; &nbsp; &nbsp; anjeli z neba, anjeli z neba, \u013eud\u00ed preradostne zdravia,<\/em><\/p>\n\n\n\n<p><em>&nbsp;&nbsp; &nbsp; &nbsp; anjeli spievaj\u00fa, pastieri Mu hraj\u00fa, o tom dive rozpr\u00e1vaj\u00fa.\u201d&nbsp;<\/em><\/p>\n\n\n\n<p><em>&#8211;<\/em> Tak znej\u00fa slov\u00e1 jednej ukrajinskej viano\u010dnej koledy. Pod\u013ea trad\u00edcie pravosl\u00e1vnej cirkvi kladie sa v nej d\u00f4raz na jednotu neba a zeme. Na jednotu Toho, ktor\u00fd v pravosl\u00e1vnej trad\u00edcii b\u00fdva menovan\u00fd ako <strong>Pantokrator, <\/strong>P\u00e1n v\u0161ehom\u00edra a N\u00edm vyk\u00fapen\u00e9ho sveta.<\/p>\n\n\n\n<p>\u00a0 \u00a0 To, \u010do sv\u00e4t\u00edme, \u010do si pripom\u00edname, za \u010do \u010fakujem aj v dne\u0161n\u00fd <strong>ve\u010der Bo\u017eieho narodenie je iste div.<\/strong> V\u0161emoh\u00faci Boh a P\u00e1n sa stal \u010dlovekom .\u00a0<\/p>\n\n\n\n<p>V Je\u017ei\u0161ovi Boh Otec prijal \u013eudstvo na milos\u0165 a za\u010dal cestu zmierenia a zjednotenia, ktorej d\u00f4sledkom je nastolenie pokoja medzi nebom a zemou. Namiesto nepriate\u013estva a nepokoja, ktor\u00fd za\u010dal \u010dlovek svojou vzburou v raji a ktor\u00e1 sa opakuje v ka\u017edom ich potomkovi, znamen\u00e1 Bo\u017e\u00ed pr\u00edchod v Je\u017ei\u0161ovi nov\u00fd za\u010diatok. Nov\u00fd vz\u0165ah medzi nebom a zemou. Zmenu tohoto stavu za\u010dal s\u00e1m P\u00e1n Boh. T\u00e1 cesta k pokoju a vyk\u00fapeniu sa vidite\u013ene za\u010dala v Betleheme &#8211; v Dome chleba. To s\u00fa my\u0161lienky, ktor\u00e9 sme si aj v tohtoro\u010dn\u00e9 Vianoce spr\u00edtom\u0148ovali u\u017e na \u0160tedr\u00fd ve\u010der a aj na dne\u0161n\u00fdch predpolud\u0148aj\u0161\u00edch sl\u00e1vnostn\u00fdch slu\u017eb\u00e1ch Bo\u017e\u00edch.&nbsp;<\/p>\n\n\n\n<p>&nbsp; &nbsp; \u201e<em>Po\u010dujte nebes\u00e1, nasl\u00fachaj zem &#8211; lebo Hospodin hovor\u00ed<\/em>\u201c. Aj takto m\u00f4\u017eeme vyjadri\u0165 viano\u010dn\u00e9 evanjelium, ktor\u00e9ho centrom je spr\u00e1va: <strong>narodil sa v\u00e1m Spasite\u013e, ktor\u00fd je Kristus P\u00e1n. <\/strong>T\u00fdka sa neba i zeme,&nbsp; t\u00fdka sa v\u0161etk\u00fdch&nbsp; &#8211;<em> \u201cv\u0161etk\u00e9ho \u013eudu\u201d<\/em>.&nbsp;<\/p>\n\n\n\n<p>&nbsp;&nbsp; &nbsp; Zd\u00e1 sa, \u017ee ju nemo\u017eno prepo\u010du\u0165, \u017ee nemo\u017eno od\u00eds\u0165 neosloven\u00fd, nedotknut\u00fd, nepremenen\u00fd, ke\u010f vieme, \u017ee: <em>\u201dV Je\u017ei\u0161ku &#8211; Die\u0165atku\u201d<\/em> hovor\u00ed k n\u00e1m P\u00e1n Boh, Hospodin, P\u00e1n neba a zeme. Je to re\u010d o detinstve, ktor\u00e9 bolo obnoven\u00e9 skrze Krista, polo\u017een\u00e9ho na drevo jasie\u013e a nesk\u00f4r aj na drevo kr\u00ed\u017ea. V tomto svedectve je re\u010d o na\u0161om dedi\u010dstve, pripravenom od vekov.<\/p>\n\n\n\n<p>&nbsp; &nbsp; P\u00e1n Boh vo\u013eakedy mnoho raz a rozli\u010dn\u00fdm sp\u00f4sobom hovoril k \u013eu\u010fom, ale najjasnej\u0161ie prehovoril k n\u00e1m v Synovi, pripom\u00edna n\u00e1m slovo z listu \u017didom. Izai\u00e1\u0161 to synovstvo pripom\u00edna tie\u017e v slov\u00e1ch \u00favodn\u00e9ho textu:<em> \u201dSynov som vychoval.\u201d\u2026 <\/em>a oslovuje \u013eud Izraela ako Bo\u017eie deti.<\/p>\n\n\n\n<p>\u00a0\u00a0 Spom\u00edna <strong>aj jasle,<\/strong> ktor\u00e9 s\u00fa pre n\u00e1s vidite\u013en\u00fdm symbolom Vianoc. Mnoh\u00e9 viano\u010dn\u00e9 betlehemy, ktor\u00e9 maliari ma\u013euj\u00fa a rezb\u00e1ri vyrez\u00e1vaj\u00fa, zobrazuj\u00fa pri jasliach aj zvierat\u00e1. Dobr\u00e1ckeho vola, ktor\u00fd je mohutn\u00fd, siln\u00fd, ale s d\u00f4verou pozer\u00e1 na svojho p\u00e1na. Nech\u00fdba pri nich ani osol. V\u00f4l i osol sa te\u0161ia, ke\u010f pr\u00edde ich gazda a d\u00e1 im do jasie\u013e n\u00e1ru\u010d vo\u0148av\u00e9ho sena a krmu. Prorok pripom\u00edna, \u017ee tak, ako sa gazda a p\u00e1n star\u00e1 o svoje st\u00e1do\u010dko, tak sa P\u00e1n Boh star\u00e1 o svoj \u013eud a o\u010dak\u00e1va &#8211; iste celkom pr\u00e1vom, \u017ee sa s takou d\u00f4verou bude prizn\u00e1va\u0165 k svojmu P\u00e1novi aj \u013eud Izraela. \u017de sa pote\u0161\u00ed a prizn\u00e1 k svojmu P\u00e1novi. \u017dia\u013e, nestalo sa tak v\u0161etk\u00fdch synov a dc\u00e9r Izraela. Hospodin s boles\u0165ou oznamuje: <em>\u201c Synov som vychoval a vyv\u00fd\u0161il, oni v\u0161ak odpadli odo m\u0148a. V\u00f4l pozn\u00e1 svojho gazdu i osol jasle svojho p\u00e1na, Izrael nepozn\u00e1, m\u00f4j \u013eud nechce ch\u00e1pa\u0165 \u201c.<\/em> \u00a0<\/p>\n\n\n\n<p>&nbsp; &nbsp; Vieme, \u017ee sa to \u010dasto opakovalo v dejin\u00e1ch Izraela, \u017ee si vyvolen\u00fd n\u00e1rod po\u010d\u00ednal nerozumne, hor\u0161ie ako tzv. nerozumn\u00e9 tvory. Neraz sa odvr\u00e1til, neraz pripom\u00ednal sk\u00f4r stre\u010dkuj\u00facu jalovicu. Napriek v\u0161etkej starostlivosti a milosti, Hospodin musel vyslovi\u0165 smutn\u00e9 slov\u00e1: <em>\u201cOni v\u0161ak odpadli odo m\u0148a.\u201d<\/em><\/p>\n\n\n\n<p>&nbsp; &nbsp; Dnes v\u0161ak vis\u00ed vo vzduchu ot\u00e1zka: ako odpovieme na Bo\u017eiu l\u00e1sku my? Ako zareaguje novozmluvn\u00fd \u013eud na nov\u00e9 oslovenie, na nov\u00fa radostn\u00fa zves\u0165:<em>\u201cNarodil sa v\u00e1m Spasite\u013e\u2026<\/em>\u201d, ktor\u00fd bol polo\u017een\u00fd pre n\u00e1s do betlehemsk\u00fdch jasl\u00ed. Spozn\u00e1me a pr\u00edjmeme s rados\u0165ou a natrvalo svojho nebesk\u00e9ho P\u00e1na?&nbsp;<\/p>\n\n\n\n<p>&nbsp;&nbsp; P\u00e1n Boh \u010dak\u00e1, ako odpovieme na Jeho nov\u00fa milos\u0165 my osobne i na\u0161i na\u0161i bl\u00edzki bratia a sestry. Verme, \u017ee pozit\u00edvne. \u017de spozn\u00e1me a pr\u00edjme to Die\u0165a, polo\u017een\u00e9 pre n\u00e1s do jasie\u013e, ako prav\u00fd Chlieb, ktor\u00fd n\u00e1s chce s\u00fdti\u0165 \u010dasne i ve\u010dne.&nbsp;<\/p>\n\n\n\n<p>&nbsp; &nbsp; Modlime sa za seba i za na\u0161e rodiny v cirkevnom zbore, aby spoznali v Je\u017ei\u0161ovi Spasite\u013ea a P\u00e1na vekov a oslavovali Ho s nami i s celou cirkvou a <em>\u201crytierstvom nebesk\u00fdm\u201d<\/em> dnes i na veky vekov. Amen &nbsp;<\/p>\n\n\n\n<p>&nbsp; &nbsp; &nbsp; &nbsp; &nbsp; &nbsp; &nbsp; &nbsp; &nbsp; &nbsp; &nbsp; &nbsp; Sl\u00e1vnostn\u00e1 ve\u010diere\u0148&nbsp; na 1.sviatok viano\u010dn\u00fd&nbsp; &nbsp; &nbsp; &nbsp; &nbsp; &nbsp; &nbsp; &nbsp; &nbsp; &nbsp; &nbsp; &nbsp; &nbsp; \u013dubom\u00edr Batka st.<\/p>\n","protected":false},"excerpt":{"rendered":"<p>&nbsp;&nbsp; &nbsp; &nbsp; &nbsp; &nbsp; Ke\u010f s\u00fa v\u00f4l a osol pr\u00edkladom Za zves\u0165 ve\u013ek\u00fa tohto d\u0148a &#8211; \u010fakujeme,\u017ee n\u00e1m vzkvitol \u010darovn\u00fd kvet z chladnej zeme,\u017ee zost\u00fapil na zem hrie\u0161nu poklad z neba&#8230;Daj\u017ee, mil\u00e9 Jezuliatko, pozna\u0165 seba! Amen (M.R.) Iz&nbsp; 1, 2 \u2013 3: &nbsp;&nbsp; &nbsp; \u201cPo\u010dujte, nebes\u00e1, nasl\u00fachaj zem, lebo Hospodin hovor\u00ed:&nbsp; Synov som vychoval &#8230; <a title=\"Ke\u010f s\u00fa v\u00f4l a osol pr\u00edkladom\" class=\"read-more\" href=\"https:\/\/www.e-anjelik.sk\/index.php\/2023\/12\/26\/led-su-vol-a-osol-prikladom\/\" aria-label=\"Pre\u010d\u00edtajte si viac o Ke\u010f s\u00fa v\u00f4l a osol pr\u00edkladom\">\u010c\u00edta\u0165 viac<\/a><\/p>\n","protected":false},"author":4,"featured_media":0,"comment_status":"open","ping_status":"open","sticky":false,"template":"","format":"standard","meta":{"footnotes":""},"categories":[606,598,121,6,95,159],"tags":[],"class_list":["post-36505","post","type-post","status-publish","format-standard","hentry","category-1-sviatok-vianocny","category-vianocne-obdobie","category-kazne","category-myjavsky-seniorat","category-sobotiste","category-vianoce"],"_links":{"self":[{"href":"https:\/\/www.e-anjelik.sk\/index.php\/wp-json\/wp\/v2\/posts\/36505","targetHints":{"allow":["GET"]}}],"collection":[{"href":"https:\/\/www.e-anjelik.sk\/index.php\/wp-json\/wp\/v2\/posts"}],"about":[{"href":"https:\/\/www.e-anjelik.sk\/index.php\/wp-json\/wp\/v2\/types\/post"}],"author":[{"embeddable":true,"href":"https:\/\/www.e-anjelik.sk\/index.php\/wp-json\/wp\/v2\/users\/4"}],"replies":[{"embeddable":true,"href":"https:\/\/www.e-anjelik.sk\/index.php\/wp-json\/wp\/v2\/comments?post=36505"}],"version-history":[{"count":3,"href":"https:\/\/www.e-anjelik.sk\/index.php\/wp-json\/wp\/v2\/posts\/36505\/revisions"}],"predecessor-version":[{"id":36868,"href":"https:\/\/www.e-anjelik.sk\/index.php\/wp-json\/wp\/v2\/posts\/36505\/revisions\/36868"}],"wp:attachment":[{"href":"https:\/\/www.e-anjelik.sk\/index.php\/wp-json\/wp\/v2\/media?parent=36505"}],"wp:term":[{"taxonomy":"category","embeddable":true,"href":"https:\/\/www.e-anjelik.sk\/index.php\/wp-json\/wp\/v2\/categories?post=36505"},{"taxonomy":"post_tag","embeddable":true,"href":"https:\/\/www.e-anjelik.sk\/index.php\/wp-json\/wp\/v2\/tags?post=36505"}],"curies":[{"name":"wp","href":"https:\/\/api.w.org\/{rel}","templated":true}]}}