{"id":36513,"date":"2023-12-29T19:11:39","date_gmt":"2023-12-29T18:11:39","guid":{"rendered":"https:\/\/e-anjelik.sk\/?p=36513"},"modified":"2024-07-04T19:25:03","modified_gmt":"2024-07-04T17:25:03","slug":"prezivajme-dni-a-roky-s-vdacnostou","status":"publish","type":"post","link":"https:\/\/www.e-anjelik.sk\/index.php\/2023\/12\/29\/prezivajme-dni-a-roky-s-vdacnostou\/","title":{"rendered":"Pre\u017e\u00edvajme dni a roky s v\u010fa\u010dnos\u0165ou"},"content":{"rendered":"\n<p><em>&nbsp; &nbsp; &nbsp; &nbsp; &nbsp; &nbsp;<\/em> &nbsp; <strong>Pre\u017e\u00edvajme dni a roky s v\u010fa\u010dnos\u0165ou<\/strong><\/p>\n\n\n\n<p><em>Si Otcom na\u0161\u00edm, Bo\u017ee,<\/em><br><em>a Tvoja dobrota<\/em><br><em>n\u00e1m svieti svetlom v tm\u00e1ch<\/em><br><em>a praje \u017eivota.<\/em><br><em>I v dedi\u010dstvo n\u00e1s vedie<\/em><br><em>a d\u00e1va posily.<\/em><br><em>Ach, rozrados\u0165 n\u00e1s i dnes,<\/em><br><em>Pane n\u00e1\u0161 premil\u00fd!\u00a0 Amen \u00a0 (M.R.)<\/em><\/p>\n\n\n\n<p><strong>L 2, 20:&nbsp;<\/strong><\/p>\n\n\n\n<p><em>\u201cPotom sa pastieri vr\u00e1tili, oslavuj\u00fac a chv\u00e1liac Boha za v\u0161etko, \u010do po\u010duli a videli, ako im bolo povedan\u00e9\u201d. Amen<\/em><\/p>\n\n\n\n<p>&nbsp;&nbsp; Bratia a sestry v P\u00e1novi!<\/p>\n\n\n\n<p>\u00a0\u00a0 Do istej \u010dak\u00e1rne kr\u00e1tko pred Vianocami vst\u00fapil k\u0148az. V miestnosti u\u017e st\u00e1l mal\u00fd strom\u010dek. <em>\u201cPr\u00edjemn\u00fd ve\u010der v\u00e1m prajem\u201d &#8211; <\/em>pozdravil. V miestnosti sedel jeden star\u0161\u00ed mu\u017e. <em>\u201cAk\u00fd pr\u00edjemn\u00fd ve\u010der?\u201d<\/em> &#8211; odvetil namrzene. &#8211; <em>\u201c\u010co ste tak\u00fd smutn\u00fd, teraz na Vianoce?\u201d<\/em>&#8211; sp\u00fdtal sa k\u0148az.- <em>\u201cPr\u00e1ve pre\u017e\u00edvam svoju nev\u010fa\u010dnos\u0165\u201d<\/em> &#8211; odvetil. A rozhovoril sa:<\/p>\n\n\n\n<p><em>\u201cSpom\u00ednam si, ko\u013ekokr\u00e1t som spod strom\u010deka vyberal v\u0161elijak\u00e9 s takou samozrejmos\u0165ou! Otec a mama n\u00e1m pripravili orechy, harmonik, rukavice, alebo pan\u010duchy. Ale ja som to v\u0161etko bral tak samozrejme. Moja samozrejmos\u0165 bola a\u017e nev\u010fa\u010dnos\u0165ou! &nbsp;<\/em><\/p>\n\n\n\n<p><em>&nbsp;&nbsp; Neuvedomil som si to. A\u017e teraz to pre\u017e\u00edvam. Aj ja som otcom. M\u00e1m syna a dc\u00e9ru. Aj oni vy\u0165ahuj\u00fa spod strom\u010deka dar\u010deky! U\u017e nie pan\u010duchy a harmoniku! Ove\u013ea drah\u0161ie veci\u2026pritom neuk\u00e1zali ani trochu tepla a l\u00e1skavej v\u010fa\u010dnosti\u201d.<\/em><\/p>\n\n\n\n<p><em>&nbsp;&nbsp;<\/em> Takto spom\u00ednal a nedal sa pote\u0161i\u0165. A aj ke\u010f sa sa potom zmenila t\u00e9ma rozhovoru, predsa toto rozpr\u00e1vanie pozna\u010dilo cel\u00fd ve\u010der.<\/p>\n\n\n\n<p>&nbsp; Bratia a sestry!<\/p>\n\n\n\n<p>&nbsp;&nbsp; &nbsp; Aj my sme op\u00e4\u0165 pre\u017eili jedny Vianoce. S darmi od na\u0161ich bl\u00edzkych &#8211; ale aj s Darom od nebesk\u00e9ho Otca. Darom, ktor\u00fd bol dan\u00fd svetu, v\u0161etk\u00fdm \u013eu\u010fom i n\u00e1m. Ako sme ho prijali? S v\u010fa\u010dnos\u0165ou?&nbsp; Alebo len tak, \u013eahostajne, a\u017e to hrani\u010d\u00ed s nev\u010fakom?<\/p>\n\n\n\n<p>\u00a0 \u00a0 Otec nebesk\u00fd vlo\u017eil do jasie\u013e to najcennej\u0161ie &#8211; svojho Syna a v \u0147om n\u00e1m daroval svoju l\u00e1sku a milos\u0165. Mnoh\u00ed prich\u00e1dzaj\u00fa, aby si vypo\u010duli t\u00fato radostn\u00fa spr\u00e1vu a po pre\u017eit\u00ed \u0160tedr\u00e9ho ve\u010dera a sviatkov &#8211; od\u00eddu. O rok sa predsa zase uvid\u00edme\u2026 Od\u00eddu s takou samozrejmos\u0165ou, akoby dostali nov\u00e9 pan\u010duchy\u2026<\/p>\n\n\n\n<p>&nbsp;A ako je to s nami?<\/p>\n\n\n\n<p>&nbsp;Ver\u00edm a viem, \u017ee s\u00fa medzi nami mnoh\u00ed, \u010do si ten Dar Bo\u017eej l\u00e1sky v\u00e1\u017eia a neprij\u00edmaj\u00fa evanjelium bez v\u010faky a pohnutia.<\/p>\n\n\n\n<p>Povzbuden\u00edm s\u00fa pre n\u00e1s dnes aj betlehemsk\u00ed pastieri. Poznali a pochopili, \u017ee na svet pri\u0161iel Mesi\u00e1\u0161 &#8211; Spasite\u013e. Ale t\u00fdm dielo sp\u00e1sy vlastne len za\u010dalo. Pozorovan\u00edm a poznan\u00edm Die\u0165atka v jasliach e\u0161te nemali pln\u00e9 poznanie o \u0147om a o Jeho diele vyk\u00fapenia. Pochopili, \u017ee e\u0161te sa nie\u010do d\u00f4le\u017eit\u00e9 mus\u00ed odohra\u0165 a udia\u0165. Boli v\u0161ak rozhodnut\u00ed \u010daka\u0165. Boli pripraven\u00ed o\u010dak\u00e1va\u0165 dov\u0155\u0161enie ich vyk\u00fapenia.\u00a0<\/p>\n\n\n\n<p>To \u010dakanie znamenalo pre nich nov\u00fa pr\u00e1cu a plnenie ka\u017edodenn\u00fdch povinnost\u00ed, ako aj predt\u00fdm. A predsa neodch\u00e1dzali od betlehemsk\u00fdch jasl\u00ed, ako tam pri\u0161li. Odch\u00e1dzali obohaten\u00ed a pln\u00ed v\u010fa\u010dnosti i d\u00f4very v Bo\u017eie slovo. Tak sved\u010d\u00ed evanjelista Luk\u00e1\u0161:\u201d <em>Potom sa pastieri vr\u00e1tili, oslavuj\u00fac a chv\u00e1liac Boha za v\u0161etko \u010do po\u010duli a videli, ako im bolo povedan\u00e9\u201d.<\/em><\/p>\n\n\n\n<p>&nbsp;&nbsp; Pripom\u00edna n\u00e1m to na\u0161e pre\u017e\u00edvanie sviatkov, ke\u010f sa op\u00e4\u0165 po Vianociach vraciame do v\u0161edn\u00fdch dn\u00ed a ku ka\u017edodenn\u00fdm povinnostiam a \u00faloh\u00e1m.<\/p>\n\n\n\n<p>\u00a0\u00a0 \u00a0 Ale pastier sa vr\u00e1tili s oslavou P\u00e1na Boha na per\u00e1ch a v srdci! Ukazuje sa, \u017ee neboli nev\u010fa\u010dn\u00ed. Neboli \u013eahostajn\u00ed a neml\u010dali o svojom vz\u0165ahu k P\u00e1nu Bohu. E\u0161te nemohli tu\u0161i\u0165 \u010do v\u0161etko sa bude dia\u0165 s betlehemsk\u00fdm Die\u0165a\u0165om \u010falej, ale oni oslavovali a chv\u00e1lili Boha za v\u0161etko, \u010do videli a po\u010duli, ako im bolo povedan\u00e9.<\/p>\n\n\n\n<p>&nbsp; My sme sa podobne stretli s Bo\u017e\u00edm posolstvom a slovom evanjelia. Ak nie sme a nechceme by\u0165 nev\u010fa\u010dn\u00ed, alebo chladn\u00ed a nez\u00fa\u010dastnen\u00ed posluch\u00e1\u010di o Bo\u017eom dive a Dare pre n\u00e1s &#8211; majme aj my srdcia pln\u00e9 v\u010faky a oslavy Bo\u017eej de\u0148 po de\u0148, aj v novom roku a vlastne st\u00e1le. U\u017e aj preto, \u017ee my vieme aj \u010fal\u0161om Bo\u017eom konan\u00ed v Je\u017ei\u0161ovi a skrze Neho pre n\u00e1s a pre na\u0161e spasenie.<\/p>\n\n\n\n<p>&nbsp;&nbsp; S\u00fa a bud\u00fa \u013eudia, ako spom\u00ednan\u00fd mu\u017e v \u00favode, ktor\u00ed sa nedaj\u00fa nikomu pote\u0161i\u0165, ktor\u00ed s\u00fa vo\u010di Bo\u017eiemu Daru nev\u0161\u00edmav\u00ed, \u013eahostajn\u00ed a nev\u010fa\u010dn\u00ed. Alebo Ho prij\u00edmaj\u00fa chladne, akoby to boli rukavice, z ktor\u00fdch sa mo\u017eno \u010doskoro jedna strat\u00ed a druh\u00e1 odhod\u00ed.<\/p>\n\n\n\n<p>&nbsp;&nbsp; Len\u017ee viano\u010dn\u00fd Dar, ktor\u00fd m\u00e1 meno: Emanuel = Boh s nami, je obdarovan\u00edm, ktor\u00e9 p\u00f4sob\u00ed rados\u0165 nielen vo chv\u00ed\u013each sl\u00e1vnostn\u00fdch, ale aj v t\u00fdch oby\u010dajn\u00fdch, alebo dokonca v d\u0148och tmav\u00fdch a \u0165a\u017ek\u00fdch. Je darom, ktor\u00fd je na\u0161ou pomocou aj vo chv\u00edli smrti.<\/p>\n\n\n\n<p>\u00a0\u00a0 \u00a0 Ak sme na sviatok mu\u010den\u00edka \u0160tefana po\u010duli o \u013eudoch, ktor\u00ed s\u00edce h\u013eadali Je\u017ei\u0161a, ale nie s dobr\u00fdm \u00famyslom, alebo sliedili po Jeho vyzn\u00e1va\u010doch s nen\u00e1vis\u0165ou, dnes po\u010dujeme oslovenie, aby sme nasledovali betlehemsk\u00fdch pastierov a neboli vo\u010di Daru milosti Bo\u017eej v Kristu ani \u013eahostajn\u00ed, ani vla\u017en\u00ed a nev\u010fa\u010dn\u00ed.<\/p>\n\n\n\n<p>\u00a0\u00a0 Ak sa vraciame do dn\u00ed v\u0161edn\u00fdch a pracovn\u00fdch, vstupujme do nich ako P\u00e1novi vyzn\u00e1va\u010di a chv\u00e1\u013eme neprestajne P\u00e1na Boha za v\u0161etko, \u010do pre n\u00e1s v Je\u017ei\u0161ovi vykonal a pripravil. To je nielen najspr\u00e1vnej\u0161ie a najpo\u017eehnanej\u0161ie pre\u017e\u00edvanie pr\u00edtomn\u00e9ho \u010dasu a z\u00e1rove\u0148 aj najlep\u0161ia pr\u00edprava k oslave a chv\u00e1le Bo\u017eej a Bar\u00e1nkovej vo ve\u010dnej radosti v nebesiach. Amen<\/p>\n\n\n\n<p>&nbsp; &nbsp; &nbsp; &nbsp; &nbsp; &nbsp; &nbsp; &nbsp; &nbsp; &nbsp; Nede\u013ea po Vianociach &#8211;&nbsp; \u013dubom\u00edr Batka st.<\/p>\n","protected":false},"excerpt":{"rendered":"<p>&nbsp; &nbsp; &nbsp; &nbsp; &nbsp; &nbsp; &nbsp; Pre\u017e\u00edvajme dni a roky s v\u010fa\u010dnos\u0165ou Si Otcom na\u0161\u00edm, Bo\u017ee,a Tvoja dobrotan\u00e1m svieti svetlom v tm\u00e1cha praje \u017eivota.I v dedi\u010dstvo n\u00e1s vediea d\u00e1va posily.Ach, rozrados\u0165 n\u00e1s i dnes,Pane n\u00e1\u0161 premil\u00fd!\u00a0 Amen \u00a0 (M.R.) L 2, 20:&nbsp; \u201cPotom sa pastieri vr\u00e1tili, oslavuj\u00fac a chv\u00e1liac Boha za v\u0161etko, \u010do po\u010duli &#8230; <a title=\"Pre\u017e\u00edvajme dni a roky s v\u010fa\u010dnos\u0165ou\" class=\"read-more\" href=\"https:\/\/www.e-anjelik.sk\/index.php\/2023\/12\/29\/prezivajme-dni-a-roky-s-vdacnostou\/\" aria-label=\"Pre\u010d\u00edtajte si viac o Pre\u017e\u00edvajme dni a roky s v\u010fa\u010dnos\u0165ou\">\u010c\u00edta\u0165 viac<\/a><\/p>\n","protected":false},"author":4,"featured_media":0,"comment_status":"open","ping_status":"open","sticky":false,"template":"","format":"standard","meta":{"footnotes":""},"categories":[121,6,629,95,159],"tags":[],"class_list":["post-36513","post","type-post","status-publish","format-standard","hentry","category-kazne","category-myjavsky-seniorat","category-nedela-po-vianociach","category-sobotiste","category-vianoce"],"_links":{"self":[{"href":"https:\/\/www.e-anjelik.sk\/index.php\/wp-json\/wp\/v2\/posts\/36513","targetHints":{"allow":["GET"]}}],"collection":[{"href":"https:\/\/www.e-anjelik.sk\/index.php\/wp-json\/wp\/v2\/posts"}],"about":[{"href":"https:\/\/www.e-anjelik.sk\/index.php\/wp-json\/wp\/v2\/types\/post"}],"author":[{"embeddable":true,"href":"https:\/\/www.e-anjelik.sk\/index.php\/wp-json\/wp\/v2\/users\/4"}],"replies":[{"embeddable":true,"href":"https:\/\/www.e-anjelik.sk\/index.php\/wp-json\/wp\/v2\/comments?post=36513"}],"version-history":[{"count":3,"href":"https:\/\/www.e-anjelik.sk\/index.php\/wp-json\/wp\/v2\/posts\/36513\/revisions"}],"predecessor-version":[{"id":36866,"href":"https:\/\/www.e-anjelik.sk\/index.php\/wp-json\/wp\/v2\/posts\/36513\/revisions\/36866"}],"wp:attachment":[{"href":"https:\/\/www.e-anjelik.sk\/index.php\/wp-json\/wp\/v2\/media?parent=36513"}],"wp:term":[{"taxonomy":"category","embeddable":true,"href":"https:\/\/www.e-anjelik.sk\/index.php\/wp-json\/wp\/v2\/categories?post=36513"},{"taxonomy":"post_tag","embeddable":true,"href":"https:\/\/www.e-anjelik.sk\/index.php\/wp-json\/wp\/v2\/tags?post=36513"}],"curies":[{"name":"wp","href":"https:\/\/api.w.org\/{rel}","templated":true}]}}