{"id":36524,"date":"2024-01-06T20:03:04","date_gmt":"2024-01-06T19:03:04","guid":{"rendered":"https:\/\/e-anjelik.sk\/?p=36524"},"modified":"2024-07-04T19:21:58","modified_gmt":"2024-07-04T17:21:58","slug":"dovod-na-trvalu-radost","status":"publish","type":"post","link":"https:\/\/www.e-anjelik.sk\/index.php\/2024\/01\/06\/dovod-na-trvalu-radost\/","title":{"rendered":"D\u00f4vod na trval\u00fa rados\u0165"},"content":{"rendered":"\n<p><em>&nbsp; &nbsp; &nbsp; &nbsp; &nbsp; &nbsp; &nbsp; &nbsp; &nbsp;<\/em> &nbsp; &nbsp; &nbsp; &nbsp; &nbsp;<strong> D\u00f4vod na trval\u00fa rados\u0165<\/strong><\/p>\n\n\n\n<p><em>Hoc svet i v temne hriechu trv\u00e1,<\/em><br><em>t\u00e1 chv\u00ed\u013ea sv\u00e4t\u00e1 jednak pr\u00edde,<\/em><br><em>ke\u010f v jednom duchu, v jednom cite<\/em><br><em>sa v\u0161etci pohneme ku Kristu<\/em><br><em>a zahor\u00edme jednou l\u00e1skou.<\/em><br><em>\u00d3, zaskvej sa hviezda sp\u00e1sy<\/em><br><em>nad p\u00fa\u0165ou \u017eitia &#8211; trpkou, \u0165a\u017ekou!\u00a0 Amen \u00a0 (M.R.)<\/em><\/p>\n\n\n\n<p><strong>Iz 66, 10:<\/strong><\/p>\n\n\n\n<p><em>\u201cRadujte sa z Jeruzalemom a jasajte&nbsp; v \u0148om v\u0161etci, ktor\u00ed ho milujete. Radostne plesajte s n\u00edm v\u0161etci, ktor\u00ed tr\u00fachlite nad n\u00edm\u201d. Amen<\/em><\/p>\n\n\n\n<p><em>&nbsp; &nbsp;<\/em> &nbsp; &nbsp; &nbsp; &nbsp; Bohumil\u00ed kres\u0165ania, bratia a sestry v P\u00e1novi!<\/p>\n\n\n\n<p>&nbsp;&nbsp; Po\u010datie \u010dloveka je ve\u013ek\u00e9 tajomstvo. Hoci s\u00fa nap\u00edsan\u00e9 mnoh\u00e9 m\u00fadre knihy o po\u010dat\u00ed a vzniku \u017eivota \u010dloveka, m\u00f4\u017eeme ich zhrn\u00fa\u0165 do slova: div, alebo ve\u013ek\u00e9 tajomstvo.&nbsp;<\/p>\n\n\n\n<p>\u00a0\u00a0 \u00a0 Azda e\u0161te v\u00e4\u010d\u0161ie tajomstvo je po\u010datie n\u00e1roda. Prorok Izai\u00e1\u0161 o \u0148om nap\u00edsal: <em>\u201d\u010ci sa zrod\u00ed krajina za jeden de\u0148, alebo n\u00e1rod naraz\u201d? (Iz 66, 8) <\/em>Hoci m\u00e1 svoj po\u010diatok, je to sk\u00f4r proces, ako konkr\u00e9tne uchopite\u013en\u00fd po\u010diatok.<\/p>\n\n\n\n<p>&nbsp; &nbsp; A \u010do m\u00f4\u017eeme poveda\u0165 o po\u010dat\u00ed cirkvi P\u00e1novej? O spolo\u010denstve, ktor\u00e9 pozost\u00e1va z mnoh\u00fdch n\u00e1rodov, jazykov, kme\u0148ov a najr\u00f4znej\u0161\u00edch \u013eud\u00ed? &#8211; O \u201cnaroden\u00ed\u201d cirkvi vieme poveda\u0165 to, \u017ee sa udialo na Letnice, po zoslan\u00ed Ducha Sv\u00e4t\u00e9ho na apo\u0161tolov.<\/p>\n\n\n\n<p>Ale \u010do m\u00f4\u017eeme poveda\u0165 o jej po\u010dat\u00ed? Kde ho m\u00f4\u017eeme h\u013eada\u0165 a vidie\u0165?<\/p>\n\n\n\n<p>\u00a0\u00a0 Odv\u00e1\u017eim sa poveda\u0165, mil\u00ed bratia a sestry, \u017ee to \u201cpo\u010datie\u201d cirkvi sa udialo v onej blahej noci, na ktor\u00fa sme spom\u00ednali v pominul\u00e9 Vianoce. &#8211; Tak, ako o P\u00e1novi Je\u017ei\u0161ovi Kristovi vyzn\u00e1vame v Kr\u00e9de, \u017ee <em>\u201c \u2026sa po\u010dal z Ducha Sv\u00e4t\u00e9ho a narodil sa z M\u00e1rie panny<\/em>\u2026\u201d, tak po\u010datie cirkvi Kristovej sa udialo v tom ne\u017enom a sv\u00e4tom objat\u00ed Bo\u017eieho stvorenstva v Synovi, v ktorom je Boh s nami. V Je\u017ei\u0161ovi, Synovi Bo\u017eom, skrze ktor\u00e9ho P\u00e1n Boh objal cel\u00fd svet. Tento dotyk v\u0161emoh\u00faceho a sv\u00e4t\u00e9ho P\u00e1na Boha a Jeho spojenie s nami a cel\u00fdm svetom, ktor\u00fd pri\u0161iel zachr\u00e1ni\u0165 pre seba, a tak pre \u017eivot ve\u010dn\u00fd, pre \u00fa\u010das\u0165 vo svojej sl\u00e1ve, je t\u00fdm tajomn\u00fdm po\u010diatkom cirkvi P\u00e1novej. Jeho pr\u00edchod na svet je po\u010dat\u00edm nov\u00e9ho \u013eudu Bo\u017eieho a po\u010diatkom<em> \u201cnov\u00e9ho Jeruzalema\u201d.<\/em><\/p>\n\n\n\n<p>\u00a0\u00a0 \u00a0 Tomuto nov\u00e9mu \u013eudu Bo\u017eiemu, po\u010dat\u00e9mu nie z v\u00f4le \u010dloveka a nie z \u013eudskej krvi, ale z v\u00f4le Bo\u017eej a moci Ducha Sv\u00e4t\u00e9ho, znie trval\u00e1 v\u00fdzva: <em>\u201c Radujte sa s Jeruzalemom a jasajte v \u0148om v\u0161etci, ktor\u00ed ho milujete\u201d!\u00a0 <\/em>To, \u017ee<em> \u201cBoh tak miloval svet, \u017ee dal svojho Syna\u201d<\/em> pre jeho sp\u00e1su, zost\u00e1va trval\u00fdm d\u00f4vodom pre rados\u0165 ka\u017ed\u00e9ho \u010dloveka. Pre t\u00fdch, ktor\u00ed chc\u00fa patri\u0165 nielen sebe, ale aj k spolo\u010denstvu nov\u00e9ho typu, k duchovnej rodine Bo\u017e\u00edch det\u00ed.<\/p>\n\n\n\n<p>\u00a0\u00a0 \u00a0 Tak, ako vznik nov\u00e9ho \u010dloveka m\u00f4\u017eeme sledova\u0165 u\u017e v \u0161t\u00e1diu mal\u00e9ho embrya, ktor\u00e9 rastie a vyv\u00edja sa, naber\u00e1 na sile a po\u010dte nov\u00fdch buniek, tak aj P\u00e1nova cirkev od chv\u00edle Jeho pr\u00edchodu je tu, v tomto svete a zost\u00e1va tu so zas\u013e\u00faben\u00edm, \u017ee ju <em>\u201cani br\u00e1ny pekla neprem\u00f4\u017eu\u201d <\/em>a nezni\u010dia. Aj preto plat\u00ed slovo a v\u00fdzva k radosti pre ka\u017ed\u00e9ho kres\u0165ana a pre cel\u00fd nov\u00fd Jeruzalem: <em>\u201cJasajte v \u0148om v\u0161etci, ktor\u00ed ho milujete. Radostne plesajte s n\u00edm v\u0161etci, ktor\u00ed tr\u00fachlite nad n\u00edm\u201d.\u00a0<\/em><\/p>\n\n\n\n<p><em>&nbsp;&nbsp; &nbsp;<\/em> Ak \u017eijeme v cirkvi a pre\u017e\u00edvame s \u0148ou \u010das radosti a veselosti, te\u0161\u00edme sa z jej \u017eivota preto\u017ee ju milujeme. Niekedy sa st\u00e1va, \u017ee ak zabudneme na sl\u00e1vu po\u010datia a na ve\u013ek\u00e9 Bo\u017eie s\u013euby a pl\u00e1ny s Bo\u017e\u00edm \u013eudom, st\u00e1vame sa <em>\u201c\u013eudom tr\u00fachliacim\u201d<\/em>. Lamentujeme nad \u0148ou, nad jej stavom a pr\u00edtomnos\u0165ou. Tak pripom\u00edname sk\u00f4r \u201csm\u00fato\u010dn\u00e9 pohrebn\u00e9 zhroma\u017edenie\u201d, ako \u013eud pln\u00fd plesania a radosti. Mnoh\u00ed s\u00fa malovern\u00ed, niektor\u00ed duchovne odumieraj\u00fa, \u010do v\u0161ak ni\u010d nemen\u00ed na skuto\u010dnosti, \u017ee cirkev ako nov\u00fd Jeruzalem tu je, \u017eije a zost\u00e1va ve\u010dne mladou. Aj jej mlados\u0165 sa <em>\u201cobnovuje ako orol\u201d.<\/em> (\u017d 103,5)&nbsp;<\/p>\n\n\n\n<p>&nbsp; &nbsp; Toto \u017ealmistovo videnie m\u00f4\u017eeme ma\u0165 pri vstupe do nov\u00e9ho roku a pri poh\u013eade na vyjavenie Kristovej sl\u00e1vy mudrcom od v\u00fdchodu. Pri\u0161li s\u00edce do star\u00e9ho Jeruzalema a svojou ot\u00e1zkou o naroden\u00ed nov\u00e9ho kr\u00e1\u013ea sp\u00f4sobili zdesenie star\u00e9ho Herodesa, jeho okolia a cel\u00e9ho mesta, ale kr\u00e1\u013ea nov\u00e9ho typu predsa na\u0161li a sami sa priradili k \u013eudu nov\u00e9ho Jeruzalema. Do svojej krajiny sa vr\u00e1tili inou cestou ako pri\u0161li a nepochybne aj s novou rados\u0165ou a n\u00e1dejou na rados\u0165 trval\u00fa a ve\u010dn\u00fa.&nbsp;<\/p>\n\n\n\n<p>&nbsp;&nbsp; Kres\u0165an nem\u00e1 nikdy z\u00e1sadn\u00fd d\u00f4vod na trval\u00fd sm\u00fatok, tr\u00fachlenie a bezn\u00e1dej. V\u017edy pre n\u00e1s plat\u00ed:<em>\u201d Radujte sa s Jeruzalemom\u201d. <\/em>Je to rovnak\u00e9 slovo a t\u00e1 ist\u00e1 zves\u0165, ktor\u00fa sme po\u010duli cez Vianoce:<em> \u201dZvestujem v\u00e1m ve\u013ek\u00fa rados\u0165, ktor\u00e1 bude v\u0161etk\u00e9mu \u013eudu, lebo narodil sa v\u00e1m dnes Spasite\u013e, ktor\u00fd je Kristus P\u00e1n\u201d.<\/em><\/p>\n\n\n\n<p><em>&nbsp;<\/em>&nbsp; Prv\u00fdmi \u013eu\u010fmi, ktor\u00ed sa znovu narodili a teda aj \u201cpo\u010dali\u201d ako veriaci kres\u0165ania boli M\u00e1ria a Jozef. Obom zaznelo rovnak\u00e9 slovo: <em>\u201cNeboj sa\u201d!&nbsp;<\/em> D\u00f4kazom M\u00e1riinej radosti bola oslava: <em>\u201cVeleb\u00ed moja du\u0161a P\u00e1na\u2026\u201d.<\/em> Po nich sa radovali z rovnakej zvesti man\u017eelia Al\u017ebeta a Zachari\u00e1\u0161, i die\u0165atko J\u00e1n pod srdcom Al\u017ebety a po nich aj mnoh\u00ed ich susedia, priatelia a zn\u00e1mi. Cirkev je spolo\u010denstvom zn\u00e1mych po mene, ale aj tak\u00fdch, ktor\u00fdch po mene nepozn\u00e1me, ale zdie\u013eame rovnak\u00fd d\u00f4vod radosti. Tak\u00fdmi boli aj betlehemsk\u00ed pastieri a ich rodiny. Pozn\u00e1me v\u0161ak po mene bohabojn\u00e9ho starca Simeona a vekom obdaren\u00fa proroky\u0148u Annu, dc\u00e9ru Fanuelovu, ktor\u00ed o\u010dak\u00e1vali vyk\u00fapenie Jeruzalema.<\/p>\n\n\n\n<p>\u00a0 \u00a0 Pokia\u013e ide o mudcrov od v\u00fdchodu, vieme, \u017ee men\u00e1 im dala len neskor\u0161ia trad\u00edcia. Ale d\u00f4le\u017eitej\u0161ie je to, \u017ee aj oni sa poklonili Je\u017ei\u0161ovi a Jemu obetovali svoje vz\u00e1cne dary. Ich n\u00e1vratom <em>\u201cinou cestou\u201d<\/em> sa za\u010d\u00edna rast cirkvi aj medzi pohanmi a pokra\u010duje aj dnes v tomto svete, bez oh\u013eadu na hranice a prek\u00e1\u017eky, ktor\u00e9 jej sp\u00f4sobuj\u00fa \u013eudia. Nevieme mnoho o raste cirkvi v Betleheme a v Nazarete, sk\u00f4r o odpore a o me\u010di ktor\u00fd sa sna\u017eil ni\u010di\u0165 mu\u017eov, \u017eeny i nemluvniatka. Napriek v\u0161etk\u00e9mu cirkev r\u00e1stla a rastie.<\/p>\n\n\n\n<p>&nbsp;&nbsp; Bratia a sestry!<\/p>\n\n\n\n<p>&nbsp;&nbsp; Aj my sme jej s\u00fa\u010das\u0165ou a preto n\u00e1m plat\u00ed posolstvo a v\u00fdzva prorock\u00e9ho slova: <em>\u201cRaduje sa s Jeruzalemom\u201d<\/em>. Ak milujeme Otca, ktor\u00fd sa k n\u00e1m v Je\u017ei\u0161ovi l\u00e1skavo sklonil, sme ob\u010danmi nov\u00e9ho Jeruzalema a s\u00fa\u010das\u0165ou nov\u00e9ho \u013eudu povolan\u00e9ho k radosti.&nbsp;<\/p>\n\n\n\n<p>&nbsp; &nbsp; \u017de s\u00fa okolo n\u00e1s aj in\u00ed, inak zm\u00fd\u0161\u013eaj\u00faci a konaj\u00faci, s t\u00fdm iste\u017ee mus\u00edme po\u010d\u00edta\u0165. &#8211;<em> \u201cAteisti, vyst\u00fapte z tie\u0148a\u201d<\/em>, zaznela v\u00fdzva v jednom z na\u0161ich denn\u00edkov a vyvolala v\u00e1\u0161niv\u00e9 polemiky. Bola to v\u00fdzva k obhajobe novopohanstva, nevery a budovaniu spolo\u010denstva zdanlivo \u201cnov\u00e9ho typu\u201d, v skuto\u010dnosti v\u0161ak iba staronov\u00e9ho. Tak\u00fdto hlas, ako vieme, \u201cdo neba nejde\u201d. Je iba dokladom toho, \u017ee pravdu mal Simeon, ke\u010f prorokoval M\u00e1rii, \u017ee aj jej <em>\u201cprenikne du\u0161u me\u010d\u201d<\/em> a \u017ee Ten, ktor\u00fd sa pre n\u00e1s narodil je <em>\u201cpostaven\u00fd jedn\u00fdm na povstanie a in\u00fdm na p\u00e1d\u201d.<\/em><\/p>\n\n\n\n<p>&nbsp; Bratia a sestry!<\/p>\n\n\n\n<p>&nbsp; &nbsp; Zosta\u0148me t\u00fdmi, ktor\u00ed aj v novom roku a celom svojom \u017eivote buduj\u00fa svoj \u017eivot na Kristu, P\u00e1novi. Ktor\u00ed d\u00f4veruj\u00fa Tomu, ktor\u00fd povedal <em>\u201cnov\u00e9 tvor\u00edm v\u0161etko\u201d a <\/em>radostne plesajme s nov\u00fdm Jeruzalemom a jeho \u013eudom. Jemu zverme svoju pr\u00edtomnos\u0165 i bud\u00facnos\u0165 a bu\u010fme t\u00fdmi, ktor\u00ed maj\u00fa d\u00f4vod na trval\u00fa rados\u0165 v \u010dasnosti i vo ve\u010dnosti. Amen<\/p>\n\n\n\n<p>&nbsp; &nbsp; &nbsp; &nbsp; &nbsp; Zjavenie Krista P\u00e1na mudrcom&nbsp; &#8211;&nbsp; Mgr.\u013dubom\u00edr Batka st.<\/p>\n","protected":false},"excerpt":{"rendered":"<p>&nbsp; &nbsp; &nbsp; &nbsp; &nbsp; &nbsp; &nbsp; &nbsp; &nbsp; &nbsp; &nbsp; &nbsp; &nbsp; &nbsp; D\u00f4vod na trval\u00fa rados\u0165 Hoc svet i v temne hriechu trv\u00e1,t\u00e1 chv\u00ed\u013ea sv\u00e4t\u00e1 jednak pr\u00edde,ke\u010f v jednom duchu, v jednom citesa v\u0161etci pohneme ku Kristua zahor\u00edme jednou l\u00e1skou.\u00d3, zaskvej sa hviezda sp\u00e1synad p\u00fa\u0165ou \u017eitia &#8211; trpkou, \u0165a\u017ekou!\u00a0 Amen \u00a0 (M.R.) Iz &#8230; <a title=\"D\u00f4vod na trval\u00fa rados\u0165\" class=\"read-more\" href=\"https:\/\/www.e-anjelik.sk\/index.php\/2024\/01\/06\/dovod-na-trvalu-radost\/\" aria-label=\"Pre\u010d\u00edtajte si viac o D\u00f4vod na trval\u00fa rados\u0165\">\u010c\u00edta\u0165 viac<\/a><\/p>\n","protected":false},"author":4,"featured_media":0,"comment_status":"open","ping_status":"open","sticky":false,"template":"","format":"standard","meta":{"footnotes":""},"categories":[121,6,95,544],"tags":[],"class_list":["post-36524","post","type-post","status-publish","format-standard","hentry","category-kazne","category-myjavsky-seniorat","category-sobotiste","category-zjavenie-epifania"],"_links":{"self":[{"href":"https:\/\/www.e-anjelik.sk\/index.php\/wp-json\/wp\/v2\/posts\/36524","targetHints":{"allow":["GET"]}}],"collection":[{"href":"https:\/\/www.e-anjelik.sk\/index.php\/wp-json\/wp\/v2\/posts"}],"about":[{"href":"https:\/\/www.e-anjelik.sk\/index.php\/wp-json\/wp\/v2\/types\/post"}],"author":[{"embeddable":true,"href":"https:\/\/www.e-anjelik.sk\/index.php\/wp-json\/wp\/v2\/users\/4"}],"replies":[{"embeddable":true,"href":"https:\/\/www.e-anjelik.sk\/index.php\/wp-json\/wp\/v2\/comments?post=36524"}],"version-history":[{"count":2,"href":"https:\/\/www.e-anjelik.sk\/index.php\/wp-json\/wp\/v2\/posts\/36524\/revisions"}],"predecessor-version":[{"id":36864,"href":"https:\/\/www.e-anjelik.sk\/index.php\/wp-json\/wp\/v2\/posts\/36524\/revisions\/36864"}],"wp:attachment":[{"href":"https:\/\/www.e-anjelik.sk\/index.php\/wp-json\/wp\/v2\/media?parent=36524"}],"wp:term":[{"taxonomy":"category","embeddable":true,"href":"https:\/\/www.e-anjelik.sk\/index.php\/wp-json\/wp\/v2\/categories?post=36524"},{"taxonomy":"post_tag","embeddable":true,"href":"https:\/\/www.e-anjelik.sk\/index.php\/wp-json\/wp\/v2\/tags?post=36524"}],"curies":[{"name":"wp","href":"https:\/\/api.w.org\/{rel}","templated":true}]}}