{"id":36551,"date":"2024-01-23T14:13:40","date_gmt":"2024-01-23T13:13:40","guid":{"rendered":"https:\/\/e-anjelik.sk\/?p=36551"},"modified":"2024-07-04T19:04:09","modified_gmt":"2024-07-04T17:04:09","slug":"viera-bude-videnim","status":"publish","type":"post","link":"https:\/\/www.e-anjelik.sk\/index.php\/2024\/01\/23\/viera-bude-videnim\/","title":{"rendered":"Viera bude viden\u00edm"},"content":{"rendered":"\n<p><em>&nbsp; &nbsp; &nbsp; &nbsp; &nbsp; &nbsp; &nbsp; &nbsp; &nbsp; &nbsp; &nbsp; &nbsp; &nbsp; &nbsp; &nbsp;<\/em> &nbsp; <strong>Viera bude viden\u00edm<\/strong><\/p>\n\n\n\n<p><em>\u201cTu som, Pane, na Tvoj pokyn \u010dak\u00e1m,<\/em><br><em>t\u00ed\u0161ko k\u013eak\u00e1m, Tebe sa odovzd\u00e1vam,<\/em><br><em>Po Tebe t\u00fa\u017ei\u0165, odd\u00e1vna chcem sl\u00fa\u017ei\u0165,<\/em><br><em>ve\u010dne s Tebou \u017ei\u0165\u201d.\u00a0 \u00a0<\/em> \u00a0 \u00a0 \u00a0 \u00a0 \u00a0 \u00a0 \u00a0 \u00a0 \u00a0 \u00a0 \u00a0 \u00a0 \u00a0 \u00a0 \u00a0 \u00a0 \u00a0 \u00a0 \u00a0 (ESP 478, 1)<\/p>\n\n\n\n<p><strong>Mt 25, 14 &#8211; 30:<\/strong><\/p>\n\n\n\n<p><em>\u201cBude to tak, ako ke\u010f \u010dlovek pred odchodom na cesty zavolal si sluhov a odovzdal im svoj majetok. (15) Jedn\u00e9mu dal p\u00e4\u0165 talentov, in\u00e9mu dva a in\u00e9mu zas jeden; ka\u017ed\u00e9mu pod\u013ea jeho schopnost\u00ed. A odcestoval. (16) Ten, \u010do dostal p\u00e4\u0165 talentov,&nbsp; ihne\u010f odi\u0161iel, obchodoval s nimi a z\u00edskal in\u00fdch p\u00e4\u0165;&nbsp; (17) podobne ten, \u010do dostal dva, z\u00edskal in\u00e9 dva. (18) Ale ten, \u010do dostal jeden, odi\u0161iel, vykopal jamu a skryl v nej peniaze svojho p\u00e1na. (19) Po nejakom \u010dase prich\u00e1dza p\u00e1n t\u00fdch sluhov a \u00fa\u010dtuje s nimi. (20) I pri\u0161iel ten, \u010do bol dostal p\u00e4\u0165 talentov, priniesol in\u00fdch p\u00e4\u0165 a povedal: Pane, p\u00e4\u0165 talentov si mi odovzdal, ajh\u013ea, z\u00edskal som in\u00fdch p\u00e4\u0165! (21) Povedal mu p\u00e1n: Spr\u00e1vne, dobr\u00fd a vern\u00fd sluha nad m\u00e1lom si bol vern\u00fd, nad mnoh\u00fdm \u0165a ustanov\u00edm; vojdi v rados\u0165 svojho P\u00e1na! (22) Podobne pri\u0161iel ten, \u010do bol prijal dva talenty, a povedal: Pane, dva talenty si mi odovzdal, ajh\u013ea, z\u00edskal som in\u00e9 dva! (23) Povedal mu p\u00e1n: Spr\u00e1vne, dobr\u00fd a vern\u00fd sluha, nad m\u00e1lom si bol vern\u00fd, nad mnoh\u00fdm \u0165a ustanov\u00edm; vojdi v rados\u0165 svojho p\u00e1na! (24) Pri\u0161iel aj ten, \u010do bol dostal jeden talent, a povedal: Pane, vedel som \u017ee si tvrd\u00fd \u010dlovek, ktor\u00fd \u017ene\u0161, kde si nesial, a zbiera\u0161, kde si nerozs\u00fdpal. (25) B\u00e1l som sa, preto som i\u0161iel a skryl som tvoj talent do zeme. Ajh\u013ea, tu m\u00e1\u0161, \u010do je tvoje! (26) Odvetil mu p\u00e1n: Ty zl\u00fd a leniv\u00fd sluha, vedel si, \u017ee \u017enem, kde som nesial a zbieram, kde som nerozs\u00fdpal. (27) Mal si teda pe\u0148a\u017en\u00edkom odovzda\u0165 moje peniaze, a ja, pri svojom n\u00e1vrate aj s \u00farokami by som si bol vzal, \u010do je moje. (28) Preto vezmite mu ten talent a dajte tomu, ktor\u00fd m\u00e1 desa\u0165 talentov! (29) Lebo ka\u017ed\u00e9mu, kto m\u00e1, bude dan\u00e9, a bude ma\u0165 hojne; ale tomu, kto nem\u00e1, aj \u010do m\u00e1, bude od\u0148at\u00e9. (30) Onoho neu\u017eito\u010dn\u00e9ho sluhu v\u0161ak vyho\u010fte do vonkaj\u0161ej tmy; tam bud pla\u010d a \u0161kr\u00edpanie zubov\u201d. Amen<\/em><\/p>\n\n\n\n<p><em>&nbsp; &nbsp; &nbsp; &nbsp; <\/em>&nbsp; Bohumil\u00ed kres\u0165ania, bratia a sestry v P\u00e1novi!<\/p>\n\n\n\n<p>\u00a0 Na\u0161a viera v Je\u017ei\u0161a Krista sa raz stane<em> \u201cviden\u00edm tv\u00e1rou v tv\u00e1r\u201d. <\/em>K\u00fdm sa tak stane, vid\u00edme mnoh\u00e9 veci a skuto\u010dnosti bud\u00faceho veku len <em>\u201cakoby v zrkadle\u201d.<\/em> Vid\u00edme a pozn\u00e1vame ich len <em>\u201cv obrazoch<\/em>\u201d,\u00a0 nevid\u00edme dnes e\u0161te pln\u00fa skuto\u010dnos\u0165. Toho si bol vedom\u00fd aj apo\u0161tol Pavel, ktor\u00fd to pripom\u00ednal korintsk\u00fdm kres\u0165anom a toho sme si vedom\u00ed aj my.<\/p>\n\n\n\n<p>&nbsp;&nbsp; Ve\u013ekos\u0165, sl\u00e1va rados\u0165 a hodnota bud\u00faceho ve\u010dn\u00e9ho \u017eivota v kr\u00e1\u013eovstve Kristovom a Bo\u017eom sa v\u0161ak u\u017e dnes prelamuje do tohoto sveta a do n\u00e1\u0161ho \u017eivota. Preto m\u00e1 viera, ako dobr\u00fd strom, u\u017e dnes svoje ovocie a bude ma\u0165 svoje ovocie aj pri druhom pr\u00edchode n\u00e1\u0161ho P\u00e1na.<\/p>\n\n\n\n<p>\u00a0\u00a0 \u010co je v\u0161ak potrebn\u00e9 robi\u0165, aby sa na\u0161a viera naozaj stala \u201cviden\u00edm\u201d? \u010co je na\u0161ou \u00falohou, ako kres\u0165anov, v tomto svete? V \u010dom sa podob\u00e1me in\u00fdm \u013eu\u010fom okolo n\u00e1s a \u010dom sme odli\u0161n\u00ed my, ktor\u00ed sme v Krste sv\u00e4tom prijali <em>\u201cz\u00e1vdavok Ducha Sv\u00e4t\u00e9ho\u201d?<\/em><\/p>\n\n\n\n<p>\u00a0Je v\u00f4bec nejak\u00fd vidite\u013en\u00fd rozdiel medzi myslen\u00edm a konan\u00edm veriacich kres\u0165anov a medzi t\u00fdmi, ktor\u00ed Krista ako P\u00e1na neprijali a nepoznaj\u00fa Ho?<\/p>\n\n\n\n<p>\u00a0\u00a0 Dne\u0161n\u00fd text z Mat\u00fa\u0161ovho evanjelia n\u00e1m hovor\u00ed jednak o tom, \u010do kres\u0165an vo viere o\u010dak\u00e1va, ale hovor\u00ed s\u00fa\u010dasne aj o tom, ako m\u00e1 \u017ei\u0165 vo viere v tomto svete a v tejto \u010dasnosti. U\u010d\u00ed n\u00e1s, \u010do a ako m\u00e1me robi\u0165, aby sa na\u0161a viera raz stala skuto\u010dne \u201cviden\u00edm tv\u00e1rou v tv\u00e1r\u201d, \u010di\u017ee viden\u00edm Kristovej sl\u00e1vy.<\/p>\n\n\n\n<p>&nbsp; &nbsp; <strong><em>&nbsp; &nbsp; \u010co je na\u0161ou \u00falohou, aby sa na\u0161a viera stala viden\u00edm?&nbsp;<\/em><\/strong><\/p>\n\n\n\n<ol class=\"wp-block-list\">\n<li><em>svoje osobn\u00e9 dary pozn\u00e1vajme<\/em><\/li>\n\n\n\n<li><em>portf\u00f3lio slu\u017eby si spr\u00e1vne zostavme<\/em><\/li>\n\n\n\n<li><em>Je\u017ei\u0161ovo ocenenie verne o\u010dak\u00e1vajme\u00a0<\/em><\/li>\n<\/ol>\n\n\n\n<p><em>&nbsp;&nbsp; &nbsp;<\/em> Bratia a sestry v P\u00e1novi!<\/p>\n\n\n\n<p>&nbsp;&nbsp; Predned\u00e1vnom sme sa zam\u00fd\u0161\u013eali nad hodnotu duchovn\u00e9ho obdarovania a jeho vyu\u017eitia v na\u0161om \u017eivote. Bo\u017eie slovo n\u00e1m ozn\u00e1milo hodnotu a dar Krstu sv\u00e4t\u00e9ho, ktor\u00fdm sme sa stali <em>\u201ckr\u00e1\u013eovsk\u00fdm k\u0148azstvom\u201d<\/em> n\u00e1\u0161ho P\u00e1na.<\/p>\n\n\n\n<p>&nbsp;&nbsp; P\u00e1n Je\u017ei\u0161 n\u00e1m v\u0161ak pripom\u00edna, \u017ee rovnako ako dary Ducha Sv\u00e4t\u00e9ho m\u00e1me od Neho aj v\u0161etky ostatn\u00e9 dary, ktor\u00e9 sa t\u00fdkaj\u00fa n\u00e1\u0161ho telesn\u00e9ho a pozemsk\u00e9ho \u017eivota. T\u00fdkaj\u00fa sa na\u0161ich telesn\u00fdch schopnost\u00ed, n\u00e1\u0161ho rozumov\u00e9ho obdarovania, na\u0161ich telesn\u00fdch zru\u010dnost\u00ed, na\u0161ej vynaliezavosti, na\u0161ich umeleck\u00fdch, alebo ekonomick\u00fdch schopnost\u00ed.<\/p>\n\n\n\n<p>&nbsp;&nbsp; Prvou vecou, ktor\u00fa si m\u00e1me uvedomi\u0165 a na ktor\u00fa m\u00e1me pam\u00e4ta\u0165, pokia\u013e ide o n\u00e1\u0161 teraj\u0161\u00ed pozemsk\u00fd \u017eivot, je vedomie, \u017ee tento n\u00e1\u0161 \u017eivot nie je \u201cn\u00e1hoda\u201d, ale s\u00e1m osebe je darom Bo\u017e\u00edm. Zem, i to, \u010do je na nej, a v\u0161etko, \u010do je okolo n\u00e1s, cel\u00e9 Bo\u017eie stvorenstvo je \u201cmajetkom Bo\u017e\u00edm\u201d. \u010cloveku bol tento Bo\u017e\u00ed majetok, Bo\u017e\u00ed svet zveren\u00fd do spr\u00e1vy. \u010clovek je <em>\u201c\u0161af\u00e1rom<\/em>\u201d Bo\u017e\u00edm, je Bo\u017e\u00edm ekon\u00f3mom a tento majetok m\u00e1 rozumne a spr\u00e1vne spravova\u0165, vo vedom\u00ed, \u017ee raz bude z toho \u0161af\u00e1renia, gazdovania a hospod\u00e1renia vyd\u00e1va\u0165 po\u010det Bohu a svojmu P\u00e1novi. Pri Kristovom druhom pr\u00edchode nastane to, \u010do On s\u00e1m nazval<em> \u201c\u00fa\u010dtovn\u00edm\u201d.&nbsp;<\/em><\/p>\n\n\n\n<p>\u00a0 \u00a0 Na toto \u00fa\u010dtovanie m\u00e1me myslie\u0165 u\u017e dnes a preto m\u00e1me kona\u0165 v\u017edy a v\u0161ade vo vedom\u00ed zodpovednosti vo\u010di P\u00e1nu Bohu a z v\u010fa\u010dnosti za dary, ktor\u00e9 n\u00e1m dal a zveril. Z Je\u017ei\u0161ovho slova je zrejm\u00e9, \u017ee \u017eiaden \u010dlovek nie je neobdarovan\u00fd. Sme stvoren\u00ed na Bo\u017e\u00ed obraz a dostali sme s\u00edce r\u00f4zne, ale cenn\u00e9 a vz\u00e1cne Bo\u017eie dary, charizmy, a schopnosti, ktor\u00e9 P\u00edsmo vol\u00e1 aj talentami, alebo hrivnami. Tieto schopnosti n\u00e1s povy\u0161uj\u00fa nad v\u0161etko ostatn\u00e9 stvorenstvo, ale s\u00fa\u010dasne n\u00e1m pripom\u00ednaj\u00fa, \u017ee v\u0161etko, \u010do \u010dlovek m\u00e1 a \u010d\u00edm je jedine\u010dn\u00fd, je darom Bo\u017eej l\u00e1sky a milosti.<\/p>\n\n\n\n<p>&nbsp; &nbsp; Z evanjelia sne po\u010duli o \u201ctrojakom\u201d, a teda r\u00f4znom stupni obdarovania. Nie v\u0161etci \u013eudia s\u00fa obdarovan\u00ed rovnako, ale v Bo\u017e\u00edch o\u010diach m\u00e1 ka\u017ed\u00fd svoju hodnotu. Ak niekto v nie\u010dom vynik\u00e1, hovor\u00ed Bo\u017eie slovo na inom mieste to\u013eko, \u017ee <em>\u201ckomu bolo mnoho dan\u00e9, od toho sa bude aj mnoho po\u017eadova\u0165\u201d.<\/em> Jeho zodpovednos\u0165 a \u00faloha je teda v\u00e4\u010d\u0161ia ako \u201cmenej\u201d obdarovan\u00e9ho. Ide v\u0161ak najm\u00e4 o to, aby si ka\u017ed\u00fd z n\u00e1s uvedomil: som Bo\u017eie die\u0165a, som Bohom obdarovan\u00fd a preto v Jeho o\u010diach jedine\u010dn\u00fd a vz\u00e1cny. On s ka\u017ed\u00fdm z n\u00e1s \u201cpo\u010d\u00edta\u201d a ka\u017ed\u00fd z n\u00e1s je pritom \u201corigin\u00e1l\u201d. S\u00fa \u013eudia, ktor\u00ed v nie\u010dom aj vynikaj\u00fa a spr\u00e1vne vyu\u017e\u00edvaj\u00fa svoje talenty. Je d\u00f4le\u017eit\u00e9, aby svoje \u201ctalenty\u201d&nbsp; a hrivny \u201cnezakopali\u201d, ale rozvinuli tak, aby nimi in\u00fdm bez povy\u0161ovania sl\u00fa\u017eili.<\/p>\n\n\n\n<p>&nbsp;&nbsp; 2.Bratia a sestry!<\/p>\n\n\n\n<p>\u00a0\u00a0 \u00a0 \u00a0 Druh\u00e9 d\u00f4le\u017eit\u00e9 poznanie a druhou na\u0161ou \u00falohou je, aby sme si spr\u00e1vne zostavili \u201dporf\u00f3lio\u201d na\u0161ich \u00faloh a slu\u017eby. \u201cPortf\u00f3lio\u201d, ako sme sa to nau\u010dili po\u010das tzv.kup\u00f3novej privatiz\u00e1cie, znamenalo spr\u00e1vne si vybra\u0165 a rozlo\u017ei\u0165 na\u0161e body, toti\u017e zamera\u0165 sa na investovanie vo viacer\u00fdch odvetviach, podnikoch a z\u00e1vodoch. U\u017eito\u010dn\u00e9 sa uk\u00e1zali tie, ktor\u00e9 boli zameran\u00e9 najm\u00e4 na bud\u00facnos\u0165. Niekto sa uspokojil s ich jednoduch\u00fdm predajom a okam\u017eit\u00fdm vyu\u017eit\u00edm a minut\u00edm pe\u0148az\u00ed. Mo\u017eno, \u017ee to aj prinieslo okam\u017eit\u00fd prospech a v danej chv\u00edli bol na tom predajca lep\u0161ie ako ten, kto chcel investova\u0165 viac smerom do bud\u00facnosti. Nechceme tu dnes v\u0161ak hodnoti\u0165 samotn\u00fa \u201ckup\u00f3nku\u201d, kde bolo ve\u013ea aj in\u00fdch vplyvov a\u00a0 nedostatkov.<\/p>\n\n\n\n<p>\u00a0 \u00a0 Chceme t\u00fdm iba pouk\u00e1za\u0165 na d\u00f4le\u017eitos\u0165 toho, aby \u010dlovek myslel aj na bud\u00facnos\u0165 a nielen na pr\u00edtomnos\u0165. Toto je dnes \u010dast\u00fd prejav s\u00fa\u010dasn\u00e9ho \u010dloveka a typick\u00fd obraz s\u00fa\u010dasnosti. \u013dudia na bud\u00facnos\u0165 \u010dasto nemyslia, \u017eij\u00fa len pre \u010dasnos\u0165 a \u201cneinvestuj\u00fa\u201d do bud\u00facnosti. Mysl\u00edm t\u00fdm pr\u00e1ve t\u00fa bud\u00facnos\u0165, na ktor\u00fa n\u00e1s upozor\u0148uje evanjelium: <em>\u201cPo dlhom \u010dase prich\u00e1dza p\u00e1n t\u00fdch sluhov a \u00fa\u010dtuje s nimi\u201d.<\/em><\/p>\n\n\n\n<p><em>\u00a0 \u00a0 \u00a0<\/em> Ako kres\u0165ania si m\u00e1me verne kona\u0165 v\u0161etky na\u0161e povinnosti v zamestnan\u00ed, pri z\u00edskavan\u00ed prostriedkov na \u017eivobytie, na \u0161t\u00fadium det\u00ed a vn\u00fa\u010dat, m\u00e1me si v\u0161ak rozlo\u017ei\u0165 svoj \u010das tak, aby sme pre hodnoty \u010dasn\u00e9 nestratili hodnoty ve\u010dn\u00e9. Aby sme \u010das sejby Bo\u017eieho slova\u00a0 neobetovali veciam \u010dasn\u00fdm, ako to urobili Marta v Bet\u00e1nii. P\u00e1n Je\u017ei\u0161 svoju priate\u013eku napomenul: <em>\u201cMarta, Marta, starostliv\u00e1 si a znepokojuje\u0161 sa pre mnoh\u00e9 veci &#8211; av\u0161ak M\u00e1ria si vyvolila ten dobr\u00fd podiel, ktor\u00fd jej nebude od\u0148at\u00fd.\u201d\u00a0<\/em><\/p>\n\n\n\n<p>\u00a0 \u00a0 Myslime na to, \u017ee P\u00e1n n\u00e1s vyz\u00fdva, aby sme investovali viac do \u201cnebeskej sporite\u013ene\u201d a \u201cnebeskej pois\u0165ovne\u201d. To je vyu\u017eitie darov od P\u00e1na Boha nielen v n\u00e1s prospech, ale aj v slu\u017ebe l\u00e1sky in\u00fdm, toti\u017e svojim bl\u00ed\u017enym. \u017divotn\u00e9 dielo, ktor\u00e9 je budovan\u00e9 iba \u201czo slamy\u201d, v de\u0148 posledn\u00e9ho s\u00fadu zhor\u00ed. P\u00e1n odsudzuje neu\u017eito\u010dn\u00e9ho sluhu nie preto, \u017ee nie\u010do zjavne zl\u00e9 urobil, ale pr\u00e1ve preto, \u017ee \u201cni\u010d neurobil\u201d. \u017dil iba pre seba a tak ostali jeho ruky pr\u00e1zdne. Preto ho zna\u010dil za <em>\u201czl\u00e9ho a neu\u017eito\u010dn\u00e9ho sluhu\u201d<\/em>,\u00a0 aj ke\u010f on bol mo\u017eno s\u00e1m so sebou spokojn\u00fd. Mo\u017eno aj staval stodoly, ale v nemal \u017eiaden poklad odlo\u017een\u00fd v nebesiach.<\/p>\n\n\n\n<p>&nbsp; &nbsp; Sk\u00famajme sa aj my, \u010di nie sme \u201cm\u00fadry\u201d len pre seba\u201d, \u010di pracujeme a nam\u00e1hame sa len pre seba, alebo vieme pom\u00e1ha\u0165 aj in\u00fdm, \u010di sl\u00fa\u017eime len sebe, alebo aj bratom a sestr\u00e1m a \u013eu\u010fom, ktor\u00ed potrebuj\u00fa na\u0161u pomoc.<\/p>\n\n\n\n<p>\u00a0 V na\u0161ej cirkvi aj pri zjavnom dlhodobom poklese \u010dlenov cirkvi je e\u0161te st\u00e1le <em>\u201csedemtis\u00edc vern\u00fdch, ktor\u00ed nesklonili kolen\u00e1 pred b\u00e1lom\u201d. <\/em>Ten pokles zrejme nedok\u00e1\u017eeme jednoducho zastavi\u0165, treba v\u0161ak sk\u00fama\u0165, ak\u00e9 s\u00fa na\u0161e priority a ak\u00e9 je na\u0161e dne\u0161n\u00e9 portf\u00f3lio slu\u017eby. Konajme tak, aby aj n\u00e1m mohol P\u00e1n pri svojom pr\u00edchode poveda\u0165: <em>\u201cSpr\u00e1vne a dobre, vern\u00fd sluha, nad m\u00e1lom bol si vern\u00fd, nad mnoh\u00fdm \u0165a ustanov\u00edm; vojdi v rados\u0165 svojho p\u00e1na\u201d.<\/em><\/p>\n\n\n\n<p><em>&nbsp;&nbsp; &nbsp; &nbsp; <\/em>3. Bratia a sestry!<\/p>\n\n\n\n<p>\u00a0\u00a0 \u00a0 \u00a0 Aby sa na\u0161a viera stala raz<em> \u201cviden\u00edm P\u00e1na tv\u00e1rou v tv\u00e1r\u201d, <\/em>m\u00e1 sa prejavi\u0165 z na\u0161ej strany Jeho vern\u00fdm o\u010dak\u00e1van\u00edm. Ak by niekto u\u017e dnes, alebo potom chcel s\u00fadi\u0165 P\u00e1na a hovor\u00ed: <em>\u201cTy si tvrd\u00fd \u010dlovek, ktor\u00fd \u017ene, kde si nesial a zbiera\u0161, kde si nerozs\u00fdpal\u201d<\/em>, je to d\u00f4kaz toho, \u017ee Jeho slovo a sl\u00e1va nie je prij\u00edman\u00e1 s d\u00f4verou. Je to prejav nevery, v d\u00f4sledku ktorej bude \u010dloveku od\u0148at\u00e9 aj to, \u010do mal a dostal a bude napokon <em>\u201cvyhoden\u00fd do vonkaj\u0161ej tmy<\/em>\u201d. Dostane sa mimo oblas\u0165 Jeho l\u00e1sky. V Bo\u017eom kr\u00e1\u013eovstve sa napln\u00ed za\u013e\u00fabenie, \u017ee sejba l\u00e1sky bude po\u017eehnan\u00e1, rozmno\u017een\u00e1 a bude trva\u0165 naveky. Je\u017ei\u0161 Kristus s\u00e1m na\u0161u vieru dok\u00e1zan\u00fa v l\u00e1ske ocen\u00ed a po\u017eehn\u00e1 na veky vekov. Amen<\/p>\n\n\n\n<p>&nbsp; &nbsp; &nbsp; &nbsp; &nbsp; &nbsp; 3.nede\u013ea po Zjaven\u00ed Krista P\u00e1na&nbsp; &#8211; \u013dubom\u00edr Batka st.<\/p>\n\n\n\n<p>A &#8211; 04\/ WEsk.24<\/p>\n","protected":false},"excerpt":{"rendered":"<p>&nbsp; &nbsp; &nbsp; &nbsp; &nbsp; &nbsp; &nbsp; &nbsp; &nbsp; &nbsp; &nbsp; &nbsp; &nbsp; &nbsp; &nbsp; &nbsp; Viera bude viden\u00edm \u201cTu som, Pane, na Tvoj pokyn \u010dak\u00e1m,t\u00ed\u0161ko k\u013eak\u00e1m, Tebe sa odovzd\u00e1vam,Po Tebe t\u00fa\u017ei\u0165, odd\u00e1vna chcem sl\u00fa\u017ei\u0165,ve\u010dne s Tebou \u017ei\u0165\u201d.\u00a0 \u00a0 \u00a0 \u00a0 \u00a0 \u00a0 \u00a0 \u00a0 \u00a0 \u00a0 \u00a0 \u00a0 \u00a0 \u00a0 \u00a0 \u00a0 \u00a0 \u00a0 &#8230; <a title=\"Viera bude viden\u00edm\" class=\"read-more\" href=\"https:\/\/www.e-anjelik.sk\/index.php\/2024\/01\/23\/viera-bude-videnim\/\" aria-label=\"Pre\u010d\u00edtajte si viac o Viera bude viden\u00edm\">\u010c\u00edta\u0165 viac<\/a><\/p>\n","protected":false},"author":4,"featured_media":0,"comment_status":"open","ping_status":"open","sticky":false,"template":"","format":"standard","meta":{"footnotes":""},"categories":[546,121,6,95],"tags":[],"class_list":["post-36551","post","type-post","status-publish","format-standard","hentry","category-3-ned-po-zjaveni","category-kazne","category-myjavsky-seniorat","category-sobotiste"],"_links":{"self":[{"href":"https:\/\/www.e-anjelik.sk\/index.php\/wp-json\/wp\/v2\/posts\/36551","targetHints":{"allow":["GET"]}}],"collection":[{"href":"https:\/\/www.e-anjelik.sk\/index.php\/wp-json\/wp\/v2\/posts"}],"about":[{"href":"https:\/\/www.e-anjelik.sk\/index.php\/wp-json\/wp\/v2\/types\/post"}],"author":[{"embeddable":true,"href":"https:\/\/www.e-anjelik.sk\/index.php\/wp-json\/wp\/v2\/users\/4"}],"replies":[{"embeddable":true,"href":"https:\/\/www.e-anjelik.sk\/index.php\/wp-json\/wp\/v2\/comments?post=36551"}],"version-history":[{"count":3,"href":"https:\/\/www.e-anjelik.sk\/index.php\/wp-json\/wp\/v2\/posts\/36551\/revisions"}],"predecessor-version":[{"id":36858,"href":"https:\/\/www.e-anjelik.sk\/index.php\/wp-json\/wp\/v2\/posts\/36551\/revisions\/36858"}],"wp:attachment":[{"href":"https:\/\/www.e-anjelik.sk\/index.php\/wp-json\/wp\/v2\/media?parent=36551"}],"wp:term":[{"taxonomy":"category","embeddable":true,"href":"https:\/\/www.e-anjelik.sk\/index.php\/wp-json\/wp\/v2\/categories?post=36551"},{"taxonomy":"post_tag","embeddable":true,"href":"https:\/\/www.e-anjelik.sk\/index.php\/wp-json\/wp\/v2\/tags?post=36551"}],"curies":[{"name":"wp","href":"https:\/\/api.w.org\/{rel}","templated":true}]}}