{"id":36561,"date":"2024-01-30T19:15:44","date_gmt":"2024-01-30T18:15:44","guid":{"rendered":"https:\/\/e-anjelik.sk\/?p=36561"},"modified":"2024-01-30T19:15:44","modified_gmt":"2024-01-30T18:15:44","slug":"z-biblickych-motivov","status":"publish","type":"post","link":"https:\/\/www.e-anjelik.sk\/index.php\/2024\/01\/30\/z-biblickych-motivov\/","title":{"rendered":"Z biblick\u00fdch mot\u00edvov"},"content":{"rendered":"\n<p>1.<br>V Babylone<br>I. Moj\u017e. 11, 4<br>Za prad\u00e1vnych \u010dias v zemi Babylona<br>stavali ve\u017eu, \u2014 svojou mala sl\u00e1vou<br>i Bo\u017eiu pozatemni\u0165, py\u0161nou hlavou<br>sa tkn\u00fac vo hviezdnej v\u00fd\u0161i nebosklona.<br><br>Ne\u013e\u00fabila sa Bohu spupnos\u0165 on\u00e1:<br>jej ob\u0165al rohy v\u0161emoh\u00facou pravou,<br>jazyky zmiatol hnevu svojho l\u00e1vou \u2014  <br>\u013eud rozp\u0155chol sa plevou dopokona \u2026<br><br>Z materi\u00e1lu kr\u00edvd a ut\u00edskania<br>i u n\u00e1s spupnos\u0165 stava\u0165 zapo\u010dala,<br>a kop\u00ed, kop\u00ed \u2015, darmo v\u0161ak sa sh\u00e1\u0148a:<br><br>Ve\u010f zhrm\u00ed <em>veto<\/em> Bo\u017eie znenad\u00e1la,<br>On zl\u00e1me rohy p\u00fdchy strelou hnevu \u2014   <br>a spupn\u00fd n\u00e1rod rozpt\u00fdli jak plevu &#8230;<\/p>\n\n\n\n<p><br>2.<br>Zhrievaj, roz\u0161\u00edr! \u2026<br>Mat. 5, 44<br>Boh l\u00e1sky k\u00e1\u017ee n\u00e1m i nepriate\u013ea<br>milova\u0165 sv\u00e4t\u00fdm plamom ve\u013ek\u00fdch du\u0161\u00ed<br>vzdor \u017eiahe r\u00e1n, \u010do stra\u0161ne id\u00fa z ku\u0161\u00ed<br>kr\u00edvd, zloby, \u2015 v\u017edycky milova\u0165 a zcela.<br><br>\u010ci ne\u017eiada\u0161, \u00f3 Pane, ve\u013ea, ve\u013ea?<br>\u010ci v\u00fdnimka tu \u017eiadna nerozru\u0161\u00ed<br>pravidlo pr\u00edsne? \u2026 Ponaklo\u0148\u017ee u\u0161\u00ed \u2015  <br>len jedno spomne\u0165 du\u0161a pozachcela:<\/p>\n\n\n\n<p>H\u013ea, vrah n\u00e1\u0161 d\u00e1vny tebou dan\u00e9 pr\u00e1va<br>n\u00e1m hrie\u0161nou nohou \u0161liape \u2026 Herod sl\u00facha<br>bez citu n\u00e1rkom R\u00e1chel \u2015 : Neprest\u00e1va<br><br>pravidlo ni tu? \u2026 Odvet tknul sa ucha:<br>&#8222;Nie, neprest\u00e1va!&#8220; \u2026 Dobre, l\u00e1sko ve\u010dn\u00e1,<br>no zhrievaj, roz\u0161\u00edr hru\u010f do nekone\u010dna! \u2026<\/p>\n\n\n\n<p>3.<br>Ve\u013ekonoc<br>Mark 16, 6.<br>Zlos\u0165 Pravdu ve\u010dn\u00fa na kr\u00ed\u017e povesila,<br>no l\u00e1ska s\u0148ala, ulo\u017eila v hrobe;<br>vypo\u010d\u00edtav\u00e1 zlos\u0165 v\u0161ak hne\u010f v tej dobe<br>velela: str\u00e1\u017ei\u017e ju tam zbrann\u00e1 sila.<br><br>No nepomohlo: Pravda ve\u010dn\u00e1 snila<br>len kr\u00e1tkym snom, i navzdor str\u00e1\u017ei, zlobe,<br>zas v sl\u00e1vnej vstala podobe a zdobe \u2015   <br>,,Niet Ho tu&#8220; \u2015  znela anjelsk\u00e1 re\u010d mil\u00e1 \u2026<br><br>Je do\u010dasn\u00fd len triumf nepr\u00e1vosti<br>a \u00faspech krivdy: pravda pokoren\u00e1<br>\u010do F\u00f6nix vst\u00e1va v nepremo\u017eenosti.<br><br>Hor&#8216;, du\u0161o \u013eudu m\u00f4jho z\u00fabo\u017een\u00e1,<br>vidz, mizn\u00fa mraky velik\u00e9ho Piatku \u2015  <br>nu\u017e prichystaj sa k ve\u013eno\u010dn\u00e9mu sviatku! \u2026<br><br>4.<br>V zajat\u00ed<br>\u017dalm 137.<br>\u010ealeko od stien Siona v zajat\u00ed<br>nyl Izrael; v \u0161um rieky mie\u0161al hlasy<br>st\u00fdch kvilieb, v t\u00fa\u017ebach rujn\u00fdch \u010dakav \u010dasy,<br>kde v kraje rodn\u00e9 zas sa \u2015 d\u00e1 B\u00f4h \u2015 vr\u00e1ti.<br><br>H\u00e1rf zm\u013aknul ozon velebn\u00fd a sv\u00e4t\u00fd,<br>a domorodec darmo zas a zasi<br>vyz\u00fdva k spevu \u2015 on sa neohl\u00e1si, \u2015  <br>na v\u0155bach vis\u00ed n\u00e1stroj zbo\u017en\u00fdch vz\u0148at\u00ed.<br><br>,,Jak spieva\u0165 n\u00e1m tu v cudzej, chladnej zemi?&#8220;<br>zajatec izraelsk\u00fd vravel smutne<br>i zotrv\u00e1val chladn\u00fd, smutn\u00fd, nem\u00fd . . .<br><br>\u00d3, v d\u0148och nevole niet \u017eivota v lutne \u2015  <br>rab v okov\u00e1ch a v temn\u00fdch put\u00e1ch tiesn\u00ed<br>ni vzletu nem\u00e1, vysok\u00fdch ni piesn\u00ed . . .<\/p>\n\n\n\n<p><em>Martin Sl\u00e1dkovi\u010dov<\/em><\/p>\n","protected":false},"excerpt":{"rendered":"<p>1.V BabyloneI. Moj\u017e. 11, 4Za prad\u00e1vnych \u010dias v zemi Babylonastavali ve\u017eu, \u2014 svojou mala sl\u00e1voui Bo\u017eiu pozatemni\u0165, py\u0161nou hlavousa tkn\u00fac vo hviezdnej v\u00fd\u0161i nebosklona. Ne\u013e\u00fabila sa Bohu spupnos\u0165 on\u00e1:jej ob\u0165al rohy v\u0161emoh\u00facou pravou,jazyky zmiatol hnevu svojho l\u00e1vou \u2014 \u013eud rozp\u0155chol sa plevou dopokona \u2026 Z materi\u00e1lu kr\u00edvd a ut\u00edskaniai u n\u00e1s spupnos\u0165 stava\u0165 zapo\u010dala,a kop\u00ed, &#8230; <a title=\"Z biblick\u00fdch mot\u00edvov\" class=\"read-more\" href=\"https:\/\/www.e-anjelik.sk\/index.php\/2024\/01\/30\/z-biblickych-motivov\/\" aria-label=\"Pre\u010d\u00edtajte si viac o Z biblick\u00fdch mot\u00edvov\">\u010c\u00edta\u0165 viac<\/a><\/p>\n","protected":false},"author":3,"featured_media":0,"comment_status":"open","ping_status":"open","sticky":false,"template":"","format":"standard","meta":{"footnotes":""},"categories":[165],"tags":[],"class_list":["post-36561","post","type-post","status-publish","format-standard","hentry","category-poezia-2"],"_links":{"self":[{"href":"https:\/\/www.e-anjelik.sk\/index.php\/wp-json\/wp\/v2\/posts\/36561","targetHints":{"allow":["GET"]}}],"collection":[{"href":"https:\/\/www.e-anjelik.sk\/index.php\/wp-json\/wp\/v2\/posts"}],"about":[{"href":"https:\/\/www.e-anjelik.sk\/index.php\/wp-json\/wp\/v2\/types\/post"}],"author":[{"embeddable":true,"href":"https:\/\/www.e-anjelik.sk\/index.php\/wp-json\/wp\/v2\/users\/3"}],"replies":[{"embeddable":true,"href":"https:\/\/www.e-anjelik.sk\/index.php\/wp-json\/wp\/v2\/comments?post=36561"}],"version-history":[{"count":1,"href":"https:\/\/www.e-anjelik.sk\/index.php\/wp-json\/wp\/v2\/posts\/36561\/revisions"}],"predecessor-version":[{"id":36562,"href":"https:\/\/www.e-anjelik.sk\/index.php\/wp-json\/wp\/v2\/posts\/36561\/revisions\/36562"}],"wp:attachment":[{"href":"https:\/\/www.e-anjelik.sk\/index.php\/wp-json\/wp\/v2\/media?parent=36561"}],"wp:term":[{"taxonomy":"category","embeddable":true,"href":"https:\/\/www.e-anjelik.sk\/index.php\/wp-json\/wp\/v2\/categories?post=36561"},{"taxonomy":"post_tag","embeddable":true,"href":"https:\/\/www.e-anjelik.sk\/index.php\/wp-json\/wp\/v2\/tags?post=36561"}],"curies":[{"name":"wp","href":"https:\/\/api.w.org\/{rel}","templated":true}]}}