{"id":36600,"date":"2024-02-23T21:54:01","date_gmt":"2024-02-23T20:54:01","guid":{"rendered":"https:\/\/e-anjelik.sk\/?p=36600"},"modified":"2024-02-23T21:59:47","modified_gmt":"2024-02-23T20:59:47","slug":"fajnor-stefan-narodovec-hudobnik-advokat-rytier-zakona","status":"publish","type":"post","link":"https:\/\/www.e-anjelik.sk\/index.php\/2024\/02\/23\/fajnor-stefan-narodovec-hudobnik-advokat-rytier-zakona\/","title":{"rendered":"Fajnor, \u0160tefan &#8211; n\u00e1rodovec, hudobn\u00edk, advok\u00e1t &#8211; &#8222;rytier z\u00e1kona&#8220;."},"content":{"rendered":"\n<p><strong>\u0160tefan Fajnor &#8211; n\u00e1rodovec, hudobn\u00edk, advok\u00e1t &#8211; <em>\u201crytier z\u00e1kona\u201d<\/em><\/strong><\/p>\n\n\n\n<p><strong>\u00a0\u00a0 <\/strong>V dob\u00e1ch tvrd\u00e9ho n\u00e1rodn\u00e9ho a soci\u00e1lneho \u00fatlaku obzvl\u00e1\u0161\u0165 vynikol senick\u00fd advok\u00e1t \u0160tefan Fajnor, ne\u00fanavn\u00fd bojovn\u00edk za pr\u00e1va svojho \u013eudu a citliv\u00fd skladate\u013e jemn\u00fdch mel\u00f3dii\u00ed<strong>,<\/strong> od narodenia ktor\u00e9ho uplynulo 180 rokov. Narodil sa 16.febru\u00e1ra 1844 na Brezovej v rodine remeseln\u00edka J\u00e1na Fajnora, ktor\u00fd si zvolil za man\u017eelku Juditu rod.Jurkovi\u010dov\u00fa, ktor\u00e1 bola sestrou u\u010dite\u013ea Samuela Jurkovi\u010da. \u0164a\u017ekosti \u017eivota mu nesk\u00f4r pom\u00e1hala zn\u00e1\u0161a\u0165 jeho man\u017eelka Milka, roden\u00e1 Jurenkov\u00e1, ktorej otec Samuel Jurenka sa z\u00fa\u010dastnil revol\u00facie ako kapit\u00e1n slovensk\u00fdch dobrovo\u013en\u00edkov. Bol not\u00e1rom najsk\u00f4r na Turej L\u00fake a potom na Brezovej. Milka bola setrou Albert\u00edny, ktor\u00e1 sa vydala za Pavla \u0160tef\u00e1nika, prv\u00e9ho evanjelick\u00e9ho far\u00e1ra na Ko\u0161arisk\u00e1ch, otca M.R.\u0160tef\u00e1nika. V takomto n\u00e1rodne uvedomelom prostred\u00ed Brezovej vyrastal a pre\u017eil \u0161kolsk\u00e9 roky mlad\u00fd \u0160tefan.<\/p>\n\n\n\n<p>&nbsp;&nbsp; &nbsp; &nbsp; \u0160tudova\u0165 za\u010dal na evanjelickom l\u00fdceu v Bratislave (1855-1862). Ke\u010f\u017ee bol aj hudobne nadan\u00fd, otec podporoval aj jeho l\u00e1sku k hudbe a tak mohol \u0161tudova\u0165 u vynikaj\u00faceho bratislavsl\u00e9ho organistu Volkmara Shurigu hudobn\u00fa te\u00f3riu a hru na organe a na klav\u00edri, ako o tom sved\u010d\u00ed jeho klav\u00edrna \u00faprava popul\u00e1rnej piesne<em> Kon\u00ed\u010dek m\u00f4j hrd\u00fd vran\u00fd<\/em> a viacero tane\u010dn\u00fdch skladieb v duchu mlad\u0161\u00edch Smetavov\u00fdch poliek. Po \u0161t\u00fadiach na l\u00fdceu pokra\u010doval v \u0161t\u00fadiu na teologickej fakulte, odkia\u013e bol po prvom ro\u010dn\u00edku vyl\u00fa\u010den\u00fd pre n\u00e1rodn\u00e9 presved\u010denie, spolu s \u010fal\u0161\u00edmi odv\u00e1\u017enymi n\u00e1rodne c\u00edtiacimi \u0161tudentami Pavlom \u0160tef\u00e1nikom, J\u00e1nom Mockom a p\u00e4tn\u00e1stimi \u010fal\u0161\u00edmi. Na pamiatku tejto udalosti zlo\u017eil v roku 1863 pochod <em>Ru\u0161aj juna\u010d Tatier (Pochod po\u017eunsk\u00fdch Slov\u00e1kov).<\/em> P\u00f4vodne klav\u00edrna skladba bola nesk\u00f4r Fajnorom rozp\u00edsan\u00e1 pre mu\u017esk\u00fd spev\u00e1cky zbor a po \u00faprave K. P\u00e1div\u00fdm pre dychov\u00fd orchester a je pou\u017e\u00edvan\u00e1 pri sl\u00e1vnostn\u00fdch \u0161t\u00e1tnych pr\u00edle\u017eitostiach dodnes.<\/p>\n\n\n\n<p>&nbsp; &nbsp; Po vyl\u00fa\u010den\u00ed z teologickej fakulty pokra\u010doval v \u0161t\u00fadiu na pr\u00e1vnickej fakulte v Budape\u0161ti a v Bratislave. \u0160t\u00fadium ukon\u010dil v roku 1867. Pr\u00e1vnick\u00fa prax za\u010dal vykon\u00e1va\u0165 ako advok\u00e1tsky koncipient u J\u00e1na Francisciho v Liptovskom Sv.Mikul\u00e1\u0161i, potom u Michala Mudro\u0148a v Bratislave a u politika a advok\u00e1ta Koronth\u00e1lyho v Senici. Ako samostatn\u00fd advok\u00e1t p\u00f4sobil od roku1989 v Senici \u010fal\u0161\u00edch temer \u0161tyridsa\u0165 rokov.&nbsp;<\/p>\n\n\n\n<p>\u00a0 \u00a0 \u00a0 \u0160tefan Fajnor sa pri povolan\u00ed pr\u00e1vnika venoval aj hudobnej tvorbe a popri J\u00e1novi L.Bellovi patr\u00ed k najv\u00fdznamnej\u0161\u00edm predstavite\u013eom slovensk\u00e9ho hudobn\u00e9ho romantizmu. Bol zakladate\u013eom slovenskej pies\u0148ovej klav\u00edrnej a zborovej tvorby. Jeho tvorbu ovplyvnil Bed\u0159ich Smetana, Ferenc Liszt i Fryderik Chopin.<\/p>\n\n\n\n<p>\u0160.Fajnor komponoval svoje skladby na texty slovensk\u00fdch a \u010desk\u00fdch b\u00e1snikov, ale aj juhoslovan\u00fdch, na z\u00e1klade vplyvu \u0161tudentov z t\u00fdchto krajov, s ktor\u00fdmi sa zozn\u00e1mil na l\u00fdceu a na teol\u00f3gii v Bratislave, ale aj preto, \u017ee v jeho susedstve b\u00fdval ve\u013ekostatk\u00e1r p\u00f4vodom z Terstu. \u0160.Fajnor zbieral a harmonizoval \u013eudov\u00e9 piesne, na kr\u00e1su ktor\u00fdch ho upozornil Samuel Jurkovi\u010d. Tvoril slovensk\u00fa hudbu na z\u00e1klade vonkaj\u0161\u00edch slovansk\u00fdch podnetov, aby potl\u00e1\u010dal vplyv vtedy popul\u00e1rneho ma\u010farsk\u00e9ho \u010dard\u00e1\u0161a. Udr\u017eiaval kontakty s predstavite\u013emi \u010deskej hudby J.Vl\u010dekom, bratmi Mr\u0161t\u00edkovcami a L.Kubom. V roku 1979 predn\u00e1\u0161al v Umeleckej besede v Prahe o slovenskej \u013eudovej piesni. Pr\u00edle\u017eitostne koncertoval a zaoberal sa hudbou aj teoreticky a publikoval o nej. Jeho skladby vy\u0161li v Zbierke slovensk\u00fdch mu\u017esk\u00fdch zborov M.Ruppeldta. Vydal zbierku:<em> \u201cCymbal a husle\u201d<\/em> -pre spev a klav\u00edr, zhudobnen\u00e9 b\u00e1sne A. Heyduka v po\u010dte 25 a 20 b\u00e1sn\u00ed zo Zbierky Sv.\u010cecha <em>\u201cP\u00edsne otroka\u201d.<\/em> Zhudobnil b\u00e1se\u0148 K.Kuzm\u00e1nyho <em>\u201cKto za pravdu hor\u00ed\u201d<\/em>, skomponoval pochod <em>\u201cMor ho\u201d<\/em> na text Sama Chalupku a <em>\u201cSv\u00e4tomartinsk\u00fd pochod\u201d<\/em> na text Pavla Orsz\u00e1gha Hviezdoslava. Skomponoval i <em>Modlitbu S.H.Vajansk\u00e9ho, zhudobnil b\u00e1se\u0148 <\/em>V.P.T\u00f3t<em>a Opusten\u00e1 u studienky <\/em>a mnoh\u00e9 \u010fal\u0161ie.<\/p>\n\n\n\n<p>&nbsp; &nbsp; \u0160.Fajnor vychoval viacer\u00fdch skvel\u00fdch advok\u00e1tov, ale jedine\u010dn\u00fdm obdob\u00edm jeho \u017eivota bolo to, ke\u010f jeho koncipientom bol b\u00e1snik Pavol Orsz\u00e1gh Hviezdoslav. Boli po ka\u017edej str\u00e1nke spriaznen\u00e9 du\u0161e a pr\u00e1ve na Fajnorov n\u00e1pad prijal P.Orsz\u00e1gh sl\u00e1vny pseudonym Hviezdoslav. Fajnorova dom\u00e1ca vtedy \u00fadajne takto vzdychala: <em>\u201cMlad\u00fd p\u00e1n doktor Hviezdoslav p\u00ed\u0161e b\u00e1sne a ve\u013ekomo\u017en\u00fd p\u00e1n na nich rob\u00ed hudbu &#8211; to je ale gazdovstvo\u201d. <\/em>Vo Fajnorovom dome sa radi stret\u00e1vali a pri jeho klav\u00edri si radi zaspievali a u\u013eavili ubolenej du\u0161i mnoh\u00ed n\u00e1rodovci z okolia i z \u010ciech.<\/p>\n\n\n\n<p><em>&nbsp; &nbsp; &nbsp;<\/em> \u0160tefan Fajnor bol v\u0161ak aj v\u00fdnimo\u010dn\u00fd pr\u00e1vnik &#8211; advok\u00e1t. Jeho \u017eivotopisec \u0160tefan Jan\u0161\u00e1k ho pr\u00e1vom poctil titulom &#8211;<em> \u201crytier z\u00e1kona\u201d.<\/em><\/p>\n\n\n\n<p>Robil advok\u00e1ciu nie pre peniaze, ale v z\u00e1ujme pravdy, pr\u00e1va a spravodlivosti. H\u00e1jil svojich klientov Slov\u00e1kov v mnoh\u00fdch politick\u00fdch procesoch nielen proti fi\u0161kusom (dnes prokur\u00e1tor) ktor\u00ed ich ob\u017ealov\u00e1vali pre ich slovensk\u00e9 c\u00edtenie, alebo slu\u017ebu n\u00e1rodu, ale \u010dasto aj proti samotn\u00e9mu s\u00fadu, ktor\u00fd zast\u00e1val v prvom rade \u0161t\u00e1tny z\u00e1ujem. To si \u0160.Fajnor \u010dasto uvedomoval, ke\u010f op\u00fa\u0161\u0165al po ne\u00faspe\u0161n\u00fdch politick\u00fdch procesoch s\u00fadne siene. Bolo treba ve\u013ekej odvahy, sily a du\u0161evnej rovnov\u00e1hy, aby slovensk\u00fd advok\u00e1t t\u00fdch \u010dias mohol chodi\u0165 z jedn\u00e9ho prehrat\u00e9ho procesu na druh\u00fd s vedom\u00edm, \u017ee chr\u00e1ni s\u00edce spravodliv\u00fa vec, ale neuspeje, aj ke\u010f je z\u00e1kon na jeho strane.<\/p>\n\n\n\n<p>&nbsp; &nbsp; Zo zn\u00e1mych ve\u013ek\u00fdch procesov spome\u0148me aspo\u0148 niektor\u00e9. Obhajoval Jozefa Miloslava Hurbana pre \u010dl\u00e1nok v Cirkevn\u00fdch listoch, \u010di Karola Salvu v jeho tla\u010dovej veci. Zn\u00e1my je tla\u010dov\u00fd spor Michala Boora a J\u00e1na Le\u0161ku pre \u010dl\u00e1nok ob\u017ealovan\u00fdch o n\u00e1rodnostnej ot\u00e1zke obsahuj\u00faci cit\u00e1t z Biblie <em>\u201d ako ovce sme hnan\u00ed na por\u00e1\u017eku\u201d.<\/em> Pam\u00e4tn\u00fd sa stal Veselovsk\u00e9ho proces (1904), veden\u00fd pre jeho predvolebn\u00e9 vyst\u00fapenie, ke\u010f oslovil pr\u00edtomn\u00fdch slovami <em>\u201cCten\u00ed rod\u00e1ci !\u201d <\/em>Obrann\u00e1 re\u010d \u0160.Fajnora trvala \u0161es\u0165 hod\u00edn a Veselovsk\u00fd bol najsk\u00f4r osloboden\u00fd, ale vy\u0161\u0161ia s\u00fadna tabu\u013ea rozsudok zmenila a rozhodla o vine a Veselovsk\u00fd musel nast\u00fapi\u0165 trest ro\u010dn\u00e9ho v\u00e4zenia vo Vacove a zaplati\u0165 tis\u00edc kor\u00fan pokuty.&nbsp;<\/p>\n\n\n\n<p>&nbsp; &nbsp; Obhajoby Rumunov v Klu\u017ei pre ich Memorandum cis\u00e1rovi za ich n\u00e1rodn\u00e9 a kult\u00farne po\u017eiadavky sa \u0160.Fajnor s dvomi \u010fal\u0161\u00edmi slovensk\u00fdmi advok\u00e1tmi sa museli pre zaujatos\u0165 s\u00fadu vzda\u0165. H\u00e1jil aj kolegu advok\u00e1ta Vendel\u00edna Kutl\u00edka obvinen\u00e9ho, \u017ee <em>\u201czv\u00e1dzal slovensk\u00fdch \u0161tudentov k panslavizmu\u201d, <\/em>ale aj S. H. Vajansk\u00e9ho pred senick\u00fdm s\u00fadom pre \u010dl\u00e1nok <em>\u201cHyenizmus v Uhr\u00e1ch\u201d, <\/em>ktor\u00fd nap\u00edsal po pohrebe svojho otca J.M.Hurbana, ke\u010f ma\u010farsk\u00ed \u017eand\u00e1ri na pr\u00edkaz sl\u00fa\u017eneho nechceli pripusti\u0165 k hrobu ani rodinu.<\/p>\n\n\n\n<p>&nbsp;&nbsp; &nbsp; \u0160tefan Fajnor pracoval i ako cirkevn\u00fd in\u0161pektor, ale za protesty proti z\u00e1merom roztrha\u0165 preddunajsk\u00fd di\u0161trikt bol cirkevvn\u00fdm s\u00fadom v Bratislave ods\u00faden\u00fd k strate \u00faradu a venoval sa rad\u0161ej drobnej pr\u00e1ci medzi pospolit\u00fdm \u013eudom.<\/p>\n\n\n\n<p>&nbsp;&nbsp; &nbsp; Po mnoh\u00fdch \u010fal\u0161\u00edch n\u00e1ro\u010dn\u00fdch procesoch sa musel \u0160tefan Fajnor podrobi\u0165 vo Viedni \u0165a\u017ekej oper\u00e1cii \u017eal\u00fadka, kde potom zomrel 26.4.1909. P.O.Hviezdoslav v kondolen\u010dnom liste man\u017eelke Em\u00edli Fajnorovej o.i. nap\u00edsal: <em>\u201d\u2026prich\u00e1dzam k V\u00e1m s v\u00fdrazom maj\u00faprimnej\u0161ej s\u00fastrasti, bolestne \u017eelej\u00fac odchodu m\u00f4jho dobr\u00e9ho princip\u00e1la, priate\u013ea a dlh\u00fd \u010das mi mil\u00e9ho a mnou vysokov\u00e1\u017een\u00e9ho a pov\u017edy n\u00e1bo\u017en\u00e9ho borca za pr\u00e1va a \u017eivot n\u00e1\u0161ho slovensk\u00e9ho n\u00e1roda\u201d.<\/em><\/p>\n\n\n\n<p><em>&nbsp;&nbsp; &nbsp; <\/em>V de\u0148 pohrebu sa zhroma\u017edilo na senickom cintor\u00edne ve\u013ek\u00e9 mno\u017estvo \u013eudu, ale po\u010das obradu pri\u0161iel na cintor\u00edn sl\u00fa\u017eny Dr.Sz\u00e1le a na jeho pokyn \u017eand\u00e1ri za\u010dali zhroma\u017eden\u00fdch rozh\u00e1\u0148a\u0165. Nastal ve\u013ek\u00fd zm\u00e4tok a jeden z pr\u00edtomn\u00fdch zamdlel a padol do otvoren\u00e9ho hrobu. Pri hrobe smela zosta\u0165 iba najbli\u017e\u0161ia rodina a nieko\u013eko priate\u013eov. Ke\u010f sa pri prvom v\u00fdro\u010d\u00ed smrti zhroma\u017edilo na cintor\u00edne mnoho priate\u013eov, aby odhalili a posv\u00e4tili \u0160.Fajnorovi pomn\u00edk postaven\u00fd z \u013eudovej zbierky, sl\u00fa\u017eny Sz\u00e1le so \u017eand\u00e1rmi nechal znovu pr\u00edtomn\u00fdch n\u00e1silne porozh\u00e1\u0148a\u0165. Dvadsiatim z nich, ktor\u00fdch men\u00e1 si zap\u00edsal, udelil pokutu 20 zlat\u00fdch.&nbsp;<\/p>\n\n\n\n<p>&nbsp; &nbsp; Na n\u00e1hrobnom kameni v Senici ostali v\u0161ak dosia\u013e vytesan\u00e9 v\u00fdsti\u017en\u00e9 ver\u0161e P.O.Hviezdoslava:<\/p>\n\n\n\n<p>&nbsp; &nbsp; &nbsp;<em> \u201cPravdu h\u00e1jil, krivdu bil,<\/em><\/p>\n\n\n\n<p><em>&nbsp;&nbsp; &nbsp; &nbsp; vzorn\u00fd v slu\u017ebe rodu v\u017edycky,<\/em><\/p>\n\n\n\n<p><em>&nbsp;&nbsp; &nbsp; &nbsp; z jeho zvukov piesne vil,<\/em><\/p>\n\n\n\n<p><em>&nbsp;&nbsp; &nbsp; &nbsp; tak si z v\u00e1\u017enych, z hrav\u00fdch chv\u00ed\u013e,<\/em><\/p>\n\n\n\n<p><em>&nbsp;&nbsp; &nbsp; &nbsp; \u017eivot skladal harmonick\u00fd\u201d.<\/em><\/p>\n\n\n\n<p><em>&nbsp;&nbsp; &nbsp; <\/em>Pri 180.v\u00fdro\u010d\u00ed jeho narodenia a \u00factou spom\u00ednme na tohoto <em>\u201crytiera z\u00e1kona <\/em>\u201c, vern\u00e9ho syna na\u0161ej cirkvi a <em>\u201cobrancu preh\u00e1\u0148an\u00fdch\u201d<\/em> a nech\u00e1vame v du\u0161i znie\u0165 ver\u0161e piesne <em>Sl\u00e1va \u0161\u013eachetn\u00fdm.<\/em> &nbsp;<\/p>\n\n\n\n<p>&nbsp;&nbsp; &nbsp; &nbsp; &nbsp; &nbsp; &nbsp; &nbsp; &nbsp; &nbsp; &nbsp; &nbsp; &nbsp; &nbsp; &nbsp; &nbsp; &nbsp; &nbsp; &nbsp; &nbsp; &nbsp; &nbsp; &nbsp; &nbsp; &nbsp; &nbsp; &nbsp; &nbsp; &nbsp; &nbsp; \u013dubom\u00edr Batka st.<\/p>\n","protected":false},"excerpt":{"rendered":"<p>\u0160tefan Fajnor &#8211; n\u00e1rodovec, hudobn\u00edk, advok\u00e1t &#8211; \u201crytier z\u00e1kona\u201d \u00a0\u00a0 V dob\u00e1ch tvrd\u00e9ho n\u00e1rodn\u00e9ho a soci\u00e1lneho \u00fatlaku obzvl\u00e1\u0161\u0165 vynikol senick\u00fd advok\u00e1t \u0160tefan Fajnor, ne\u00fanavn\u00fd bojovn\u00edk za pr\u00e1va svojho \u013eudu a citliv\u00fd skladate\u013e jemn\u00fdch mel\u00f3dii\u00ed, od narodenia ktor\u00e9ho uplynulo 180 rokov. Narodil sa 16.febru\u00e1ra 1844 na Brezovej v rodine remeseln\u00edka J\u00e1na Fajnora, ktor\u00fd si zvolil za &#8230; <a title=\"Fajnor, \u0160tefan &#8211; n\u00e1rodovec, hudobn\u00edk, advok\u00e1t &#8211; &#8222;rytier z\u00e1kona&#8220;.\" class=\"read-more\" href=\"https:\/\/www.e-anjelik.sk\/index.php\/2024\/02\/23\/fajnor-stefan-narodovec-hudobnik-advokat-rytier-zakona\/\" aria-label=\"Pre\u010d\u00edtajte si viac o Fajnor, \u0160tefan &#8211; n\u00e1rodovec, hudobn\u00edk, advok\u00e1t &#8211; &#8222;rytier z\u00e1kona&#8220;.\">\u010c\u00edta\u0165 viac<\/a><\/p>\n","protected":false},"author":4,"featured_media":0,"comment_status":"open","ping_status":"open","sticky":false,"template":"","format":"standard","meta":{"footnotes":""},"categories":[150,40,386,6,14,158],"tags":[],"class_list":["post-36600","post","type-post","status-publish","format-standard","hentry","category-brezova-pod-bradlom","category-historia","category-historicke-okienko","category-myjavsky-seniorat","category-osobnosti","category-senica"],"_links":{"self":[{"href":"https:\/\/www.e-anjelik.sk\/index.php\/wp-json\/wp\/v2\/posts\/36600","targetHints":{"allow":["GET"]}}],"collection":[{"href":"https:\/\/www.e-anjelik.sk\/index.php\/wp-json\/wp\/v2\/posts"}],"about":[{"href":"https:\/\/www.e-anjelik.sk\/index.php\/wp-json\/wp\/v2\/types\/post"}],"author":[{"embeddable":true,"href":"https:\/\/www.e-anjelik.sk\/index.php\/wp-json\/wp\/v2\/users\/4"}],"replies":[{"embeddable":true,"href":"https:\/\/www.e-anjelik.sk\/index.php\/wp-json\/wp\/v2\/comments?post=36600"}],"version-history":[{"count":2,"href":"https:\/\/www.e-anjelik.sk\/index.php\/wp-json\/wp\/v2\/posts\/36600\/revisions"}],"predecessor-version":[{"id":36603,"href":"https:\/\/www.e-anjelik.sk\/index.php\/wp-json\/wp\/v2\/posts\/36600\/revisions\/36603"}],"wp:attachment":[{"href":"https:\/\/www.e-anjelik.sk\/index.php\/wp-json\/wp\/v2\/media?parent=36600"}],"wp:term":[{"taxonomy":"category","embeddable":true,"href":"https:\/\/www.e-anjelik.sk\/index.php\/wp-json\/wp\/v2\/categories?post=36600"},{"taxonomy":"post_tag","embeddable":true,"href":"https:\/\/www.e-anjelik.sk\/index.php\/wp-json\/wp\/v2\/tags?post=36600"}],"curies":[{"name":"wp","href":"https:\/\/api.w.org\/{rel}","templated":true}]}}