{"id":3666,"date":"2011-07-06T06:59:59","date_gmt":"2011-07-06T06:59:59","guid":{"rendered":"http:\/\/e-anjelik.sk\/?p=3666"},"modified":"2011-07-06T06:59:59","modified_gmt":"2011-07-06T06:59:59","slug":"zmena-na-mieste-zboroveho-farara-v-cz-svaty-jur","status":"publish","type":"post","link":"https:\/\/www.e-anjelik.sk\/index.php\/2011\/07\/06\/zmena-na-mieste-zboroveho-farara-v-cz-svaty-jur\/","title":{"rendered":"Zmena na mieste zborov\u00e9ho far\u00e1ra v cz Sv\u00e4t\u00fd Jur"},"content":{"rendered":"<p>V 3. nede\u013eu po Sv&auml;tej Trojici 10. j&uacute;la 2011 bude v ev. kostole vo Sv&auml;tom Jure na slu\u017eb&aacute;ch Bo\u017e&iacute;ch s VP ostatn&yacute; raz sl&uacute;\u017ei\u0165 ako zborov&yacute; far&aacute;r Mgr. \u013dubom&iacute;r Batka. K 15. j&uacute;lu prest&aacute;va by\u0165 zborov&yacute;m far&aacute;rom a po sedemro\u010dnej pr&aacute;ci na poste zborov&eacute;ho far&aacute;ra vo Sv&auml;tom Jure bude sa od tohto term&iacute;nu v&yacute;lu\u010dne venova\u0165 pedagogickej, v&yacute;chovnej, vedeckej a mana\u017eerskej pr&aacute;ci na EBF UK v Bratislave. V s&uacute;\u010dasnosti zast&aacute;va funkciu dekana fakulty. Okrem toho je poslancom mestsk&eacute;ho zastupite\u013estva vo Sv&auml;tom Jure a vykon&aacute;va funkciu viceprim&aacute;tora mesta. Bratovi Batkovi srde\u010dne \u010fakujeme za doteraj&scaron;iu pr&aacute;cu v cirkevnom zbore, najm&auml; za pr&iacute;kladn&eacute; zvestovanie Bo\u017eieho slova pod\u013ea P&iacute;sma a reforma\u010dn&eacute;ho u\u010denia evanjelickej cirkvi, za &uacute;ctu a v&aacute;\u017enos\u0165 pri presadzovan&iacute; dvoch sviatost&iacute; do slu\u017eieb Bo\u017e&iacute;ch.V \u010fal&scaron;om jeho p&ocirc;soben&iacute; mu prajeme hojne s&iacute;l, zdravia a Bo\u017eieho po\u017eehnania.<\/p>\n<p>K 15. j&uacute;lu 2011 v mene Zboru biskupov ECAV vymenoval br. biskup ZD&nbsp;ECAV Milan Krivda na miesto zborov&eacute;ho far&aacute;ra vo Sv&auml;tom Jure br. kapl&aacute;na Mgr. Michala Kore\u0148a, doteraj&scaron;ieho zborov&eacute;ho kapl&aacute;na v cz Nov&eacute; Mesto nad V&aacute;hom. Br. Kore\u0148 poch&aacute;dza z cz Podlu\u017eany.Ordinovan&yacute; bol r. 2009. Ako kapl&aacute;n p&ocirc;sobil v spom&iacute;nanom cz. Je \u017eenat&yacute; s Mgr. Zuzanou Kore\u0148ovou, u\u010dite\u013ekou predmetov n&aacute;bo\u017eensk&aacute; v&yacute;chova a nemeck&yacute; jazyk. Maj&uacute; dvojmesa\u010dn&uacute; dc&eacute;rku J&uacute;liu. V&iacute;tame t&uacute;to nov&uacute; rodinku duchovn&eacute;ho v na&scaron;om cirkevnom zbore. Prajeme im na novom p&ocirc;sobisku ve\u013ea tvoriv&eacute;ho z&aacute;palu, l&aacute;sky a darov Ducha sv&auml;t&eacute;ho. Prv&eacute; slu\u017eby Bo\u017eie br. Kore\u0148 vykon&aacute; vo Sv. Jure v nede\u013eu 17. j&uacute;la 2011.<\/p>\n","protected":false},"excerpt":{"rendered":"<p>V 3. nede\u013eu po Sv&auml;tej Trojici 10. j&uacute;la 2011 bude v ev. kostole vo Sv&auml;tom Jure na slu\u017eb&aacute;ch Bo\u017e&iacute;ch s VP ostatn&yacute; raz sl&uacute;\u017ei\u0165 ako zborov&yacute; far&aacute;r Mgr. \u013dubom&iacute;r Batka. K 15. j&uacute;lu prest&aacute;va by\u0165 zborov&yacute;m far&aacute;rom a po sedemro\u010dnej pr&aacute;ci na poste zborov&eacute;ho far&aacute;ra vo Sv&auml;tom Jure bude sa od tohto term&iacute;nu v&yacute;lu\u010dne venova\u0165 &#8230; <a title=\"Zmena na mieste zborov\u00e9ho far\u00e1ra v cz Sv\u00e4t\u00fd Jur\" class=\"read-more\" href=\"https:\/\/www.e-anjelik.sk\/index.php\/2011\/07\/06\/zmena-na-mieste-zboroveho-farara-v-cz-svaty-jur\/\" aria-label=\"Pre\u010d\u00edtajte si viac o Zmena na mieste zborov\u00e9ho far\u00e1ra v cz Sv\u00e4t\u00fd Jur\">\u010c\u00edta\u0165 viac<\/a><\/p>\n","protected":false},"author":22,"featured_media":0,"comment_status":"open","ping_status":"open","sticky":false,"template":"","format":"standard","meta":{"footnotes":""},"categories":[1,246],"tags":[],"class_list":["post-3666","post","type-post","status-publish","format-standard","hentry","category-adventna-modlitba","category-svaty-jur"],"_links":{"self":[{"href":"https:\/\/www.e-anjelik.sk\/index.php\/wp-json\/wp\/v2\/posts\/3666","targetHints":{"allow":["GET"]}}],"collection":[{"href":"https:\/\/www.e-anjelik.sk\/index.php\/wp-json\/wp\/v2\/posts"}],"about":[{"href":"https:\/\/www.e-anjelik.sk\/index.php\/wp-json\/wp\/v2\/types\/post"}],"author":[{"embeddable":true,"href":"https:\/\/www.e-anjelik.sk\/index.php\/wp-json\/wp\/v2\/users\/22"}],"replies":[{"embeddable":true,"href":"https:\/\/www.e-anjelik.sk\/index.php\/wp-json\/wp\/v2\/comments?post=3666"}],"version-history":[{"count":0,"href":"https:\/\/www.e-anjelik.sk\/index.php\/wp-json\/wp\/v2\/posts\/3666\/revisions"}],"wp:attachment":[{"href":"https:\/\/www.e-anjelik.sk\/index.php\/wp-json\/wp\/v2\/media?parent=3666"}],"wp:term":[{"taxonomy":"category","embeddable":true,"href":"https:\/\/www.e-anjelik.sk\/index.php\/wp-json\/wp\/v2\/categories?post=3666"},{"taxonomy":"post_tag","embeddable":true,"href":"https:\/\/www.e-anjelik.sk\/index.php\/wp-json\/wp\/v2\/tags?post=3666"}],"curies":[{"name":"wp","href":"https:\/\/api.w.org\/{rel}","templated":true}]}}