{"id":36674,"date":"2024-04-01T00:11:00","date_gmt":"2024-03-31T22:11:00","guid":{"rendered":"https:\/\/e-anjelik.sk\/?p=36674"},"modified":"2024-04-05T15:53:35","modified_gmt":"2024-04-05T13:53:35","slug":"peter-pavol-zguth-zostan-s-nami","status":"publish","type":"post","link":"https:\/\/www.e-anjelik.sk\/index.php\/2024\/04\/01\/peter-pavol-zguth-zostan-s-nami\/","title":{"rendered":"Peter Pavol Zg\u00fath \u2014 Zosta\u0148 s nami!"},"content":{"rendered":"\n<p>Vstal Kristus z m\u0155tvych! pln\u00fdm viery hlasom<br>zavznelo slovo \u00fastami zbo\u017en\u00fdch \u017eien<br>a, zvlniac hru\u010fou, mohutn\u00fdm otrasom<br>zahnalo v\u0161akej pochyby mhlist\u00fa tie\u0148;<br>milosti plnej l\u00fa\u010d srdce studen\u00e9<br>ohrial: zplesalo vierou zbo\u017en\u00e9 plem\u00e4.<\/p>\n\n\n\n<p>A druh\u00e9ho d\u0148a dva mu\u017eia zas&#8216; spolu,<br>do Emaus id\u00fac o tom ved\u00fa re\u010di,<br>\u2014 a bada\u0165 jaksi pochyby i b\u00f4\u013eu<br>tie\u0148 v tv\u00e1ri, smutn\u00fd v\u00fdzor aspo\u0148 sved\u010d\u00ed \u2014<br>v tom cestou mu\u017e sa pridru\u017e\u00ed nezn\u00e1my<br>k nim, sloviac: Ak\u00e1 tiese\u0148 vl\u00e1dne vami?<\/p>\n\n\n\n<p>Ty s\u00e1m jeden si \u2014 odpove\u010f tak zneje \u2014<br>z mnoh\u00fdch do mesta pri\u0161l\u00fdch z dialnej strany,<br>ktor\u00fds&#8216; nesly\u0161al on\u00e9 divn\u00e9 deje?<br>Zmu\u010den\u00fd Kristus v hrobe pochovan\u00fd . . .<br>no pr\u00e1zdne miesto \u2014 kame\u0148 odvalen\u00fd \u2014<br>niet ho tam! tak n\u00e1m sved\u010dia na\u0161e \u017eeny.<\/p>\n\n\n\n<p>\u00d3, nesmysln\u00ed \u2014 re\u010die On, nezn\u00e1my \u2014<br>vstal Kristus z m\u0155tvych, ke\u010f svitnul de\u0148 tret\u00ed;<br>no musel od\u0148a\u0165 smrti oste\u0148, br\u00e1ny<br>zbori\u0165 pekeln\u00e9, od hlavy do p\u00e4ty<br>potre\u0165 satana \u2014 a len tak vojs\u0165 do sl\u00e1vy<br>mnoh\u00fdch po s\u00fa\u017ebach v\u00f4js\u0165 v\u00ed\u0165az \u010do prav\u00fd!<\/p>\n\n\n\n<p>A plynul \u010falej v\u00fdklad p\u00edsem o tom,<br>z d\u00e1vna \u010do mluvil Moj\u017ei\u0161 a proroci . . .<br>Tu srdce mu\u017eov vz\u0148alo sa jasotom<br>viery, b\u00e1rsi sa nieslo \u0161ero noci<br>zemou a, d\u00f4jd\u00fac k Emaus: Pane mil\u00fd,<br>pozosta\u0148 \u2014 rekli \u2014 s nami v pozdnej chv\u00edli!<\/p>\n\n\n\n<p>On zostal s nimi a vn\u00edduc do domu,<br>by pove\u010deral, v pokraj sadol stola,<br>vzal chlieb, l\u00e1maj\u00fac \u017eehnal daru tomu . . .<br>i zh\u00fdkli: Pane . . . ! av\u0161ak dookola<br>zjasnen\u00e9 oko nadarmo h\u013eadelo:<br>zmiznul P\u00e1n! srdce vierou zahorelo.<\/p>\n\n\n\n<p>Zosta\u0148 i s nami, zosta\u0148, Pane mil\u00fd<br>tmav\u00fdch na cest\u00e1ch v \u010dasnom na\u0161om \u017eit\u00ed,<br>pozapla\u0161 tiene, ke\u010f sa navalili<br>pochyby zhubnej, \u00f3, nech srdce c\u00edti<br>i pevne ver\u00ed, \u017ees&#8216; Ty Spasite\u013e s\u00e1m,<br>ktor\u00fd i umrels&#8216; a vstals&#8216; k spaseniu n\u00e1m!<\/p>\n\n\n\n<p><br><br><\/p>\n","protected":false},"excerpt":{"rendered":"<p>Vstal Kristus z m\u0155tvych! pln\u00fdm viery hlasomzavznelo slovo \u00fastami zbo\u017en\u00fdch \u017eiena, zvlniac hru\u010fou, mohutn\u00fdm otrasomzahnalo v\u0161akej pochyby mhlist\u00fa tie\u0148;milosti plnej l\u00fa\u010d srdce studen\u00e9ohrial: zplesalo vierou zbo\u017en\u00e9 plem\u00e4. A druh\u00e9ho d\u0148a dva mu\u017eia zas&#8216; spolu,do Emaus id\u00fac o tom ved\u00fa re\u010di,\u2014 a bada\u0165 jaksi pochyby i b\u00f4\u013eutie\u0148 v tv\u00e1ri, smutn\u00fd v\u00fdzor aspo\u0148 sved\u010d\u00ed \u2014v tom cestou &#8230; <a title=\"Peter Pavol Zg\u00fath \u2014 Zosta\u0148 s nami!\" class=\"read-more\" href=\"https:\/\/www.e-anjelik.sk\/index.php\/2024\/04\/01\/peter-pavol-zguth-zostan-s-nami\/\" aria-label=\"Pre\u010d\u00edtajte si viac o Peter Pavol Zg\u00fath \u2014 Zosta\u0148 s nami!\">\u010c\u00edta\u0165 viac<\/a><\/p>\n","protected":false},"author":3,"featured_media":0,"comment_status":"open","ping_status":"open","sticky":false,"template":"","format":"standard","meta":{"footnotes":""},"categories":[596,165,77],"tags":[],"class_list":["post-36674","post","type-post","status-publish","format-standard","hentry","category-2-slavnost-velkonocna","category-poezia-2","category-velka-noc"],"_links":{"self":[{"href":"https:\/\/www.e-anjelik.sk\/index.php\/wp-json\/wp\/v2\/posts\/36674","targetHints":{"allow":["GET"]}}],"collection":[{"href":"https:\/\/www.e-anjelik.sk\/index.php\/wp-json\/wp\/v2\/posts"}],"about":[{"href":"https:\/\/www.e-anjelik.sk\/index.php\/wp-json\/wp\/v2\/types\/post"}],"author":[{"embeddable":true,"href":"https:\/\/www.e-anjelik.sk\/index.php\/wp-json\/wp\/v2\/users\/3"}],"replies":[{"embeddable":true,"href":"https:\/\/www.e-anjelik.sk\/index.php\/wp-json\/wp\/v2\/comments?post=36674"}],"version-history":[{"count":1,"href":"https:\/\/www.e-anjelik.sk\/index.php\/wp-json\/wp\/v2\/posts\/36674\/revisions"}],"predecessor-version":[{"id":36675,"href":"https:\/\/www.e-anjelik.sk\/index.php\/wp-json\/wp\/v2\/posts\/36674\/revisions\/36675"}],"wp:attachment":[{"href":"https:\/\/www.e-anjelik.sk\/index.php\/wp-json\/wp\/v2\/media?parent=36674"}],"wp:term":[{"taxonomy":"category","embeddable":true,"href":"https:\/\/www.e-anjelik.sk\/index.php\/wp-json\/wp\/v2\/categories?post=36674"},{"taxonomy":"post_tag","embeddable":true,"href":"https:\/\/www.e-anjelik.sk\/index.php\/wp-json\/wp\/v2\/tags?post=36674"}],"curies":[{"name":"wp","href":"https:\/\/api.w.org\/{rel}","templated":true}]}}