{"id":36676,"date":"2024-03-31T00:02:00","date_gmt":"2024-03-30T23:02:00","guid":{"rendered":"https:\/\/e-anjelik.sk\/?p=36676"},"modified":"2024-04-01T17:51:12","modified_gmt":"2024-04-01T15:51:12","slug":"miloslav-krcmery-benjamin-vstal-z-mrtvych-kristus","status":"publish","type":"post","link":"https:\/\/www.e-anjelik.sk\/index.php\/2024\/03\/31\/miloslav-krcmery-benjamin-vstal-z-mrtvych-kristus\/","title":{"rendered":"Miloslav Kr\u010dm\u00e9ry (Benjam\u00edn) \u2014 Vstal z m\u0155tvych Kristus"},"content":{"rendered":"\n<p>Vstal z m\u0155tvych Kristus!<br>B\u00e1rs hnusn\u00e1 zrada vydala Ho v ruky<br>biskupov krve Jeho \u017eiadostiv\u00fdch;<br>b\u00e1rs kriv\u00fdch svedkov rota \u2014 d\u013ea n\u00e1uky<br>pokrytcov spupn\u00fdch, farizejov \u013estiv\u00fdch \u2014 <br>oproti Nemu skrivodlive sved\u010d\u00ed;<br>b\u00e1rs Kaif\u00e1\u0161 s\u00e1m sa polapi\u0165 Ho v re\u010di<br>u\u017e tr\u00fafa; a b\u00e1rs star\u0161\u00edch rada cel\u00e1:<br>\u201eje hoden smrti!&#8220; vol\u00e1 rozochvel\u00e1<br>rados\u0165ou hrie\u0161nou, \u017ee u\u017e na\u0161li vinu:<br>ni\u010d naplat! V\u0161etky n\u00e1strahy sa min\u00fa<br>hne\u010f cie\u013ea, n\u00e1hle svitne de\u0148 ten tret\u00ed,<br>v \u0148om\u017e slnce Bo\u017eie pr\u00e1zdny hrob osvieti.<\/p>\n\n\n\n<p>Ni\u010d naplat! Treb\u00e1rs ved\u00fa zviazan\u00e9ho<br>ku Pil\u00e1tovi, aby vyniesol s\u00fad,<br>s\u00fad pr\u00edsny k smrti kr\u00ed\u017ea ohavn\u00e9ho,<br>jak \u013eud chce, kri\u010diac: \u201eUkri\u017eovan\u00fd bu\u010f&#8220;!<br>Ni\u010d naplat! Treb\u00e1rs Pil\u00e1t i oproti<br>svedomiu pln\u00ed v\u00f4\u013eu zpitej roty;<br>a vyd\u00e1va Ho, by ukri\u017eovan\u00fd<br>bol Golgaty na vrchu s zlo\u010dincami;<br>a b\u00e1rs i v b\u00f4\u013eoch, v trapiech dokon\u00e1va,<br>a telo Jeho Jozef v hrob schov\u00e1va,<br>ni\u010d naplat! B\u00e1rs i kame\u0148 zpe\u010daten\u00fd<br>a str\u00e1\u017enymi hrob mocne obsaden\u00fd: \u2014<br>D\u0148a tretieho vstal z hrobu osl\u00e1ven\u00fd!<\/p>\n\n\n\n<p>Vstal z m\u0155tvych Kristus!<br>\u00d3, po\u010fte v\u0161etci ku nov\u00e9mu hrobu!<br>Vy vern\u00ed, i vy neveriaci, v\u0161etci!<br>A vi\u010fte, \u010do sa stalo v t\u00fato dobu,<br>poh\u013ea\u010fte na tie ve\u013ek\u00e9 Bo\u017eie veci:<br>kde kame\u0148?\u2014 Bo\u017eia moc ho odvalila!<br>a kde str\u00e1\u017e, \u010do ten nov\u00fd hrob str\u00e1\u017eila? \u2014<br>jak m\u0155tva v\u00f4kol hrobu odpo\u010d\u00edva<br>a na jej miesto zastala str\u00e1\u017e in\u00e1.<br>S\u00e1m anjel Bo\u017e\u00ed sst\u00fapil z neba v\u00fd\u0161e<br>a zbo\u017en\u00e9 \u017eeny te\u0161\u00ed sladko-ti\u0161e:<br>\u201eVy h\u013ead\u00e1te tu Ukri\u017eovan\u00e9ho?<br>Niet ho tu, vstal! h\u013ea pr\u00e1zdne miesto Jeho!&#8220;<\/p>\n\n\n\n<p>\u00d3, Bo\u017ee Ot\u010de, Pane v\u0161emoh\u00faci!<br>Ku Tebe nesiem srdca svojho t\u00fa\u017eby.<br>D\u013ea s\u013eubu svojho vysly\u0161 hlas m\u00f4j vr\u00faci<br>a ubolenej du\u0161e ukr\u00e1\u0165 s\u00fa\u017eby.<br>Popatri, jak je mnoho e\u0161te v svete,<br>jich\u017e nevery a zloby \u010dierna hnete<br>mr\u00e1kota! Ba i uprostred Tvojho \u013eudu,<br>jak mnoh\u00ed piese\u0148 \u013estivej zrady hud\u00fa!<br>Zri v z\u00e1konn\u00edkov a biskupov siene<br>a vi\u010f \u2014 \u00f3, vi\u010f i mojej du\u0161e tiene! \u2014<br>I pomiluj! \u00d3, Pane, prispor viery?<br>nech ka\u017ed\u00fd z n\u00e1s dnes u hrobov\u00fdch dver\u00ed:<br>\u201eVstal z m\u0155tvych Kristus!&#8220; vyzn\u00e1 i uver\u00ed.<\/p>\n","protected":false},"excerpt":{"rendered":"<p>Vstal z m\u0155tvych Kristus!B\u00e1rs hnusn\u00e1 zrada vydala Ho v rukybiskupov krve Jeho \u017eiadostiv\u00fdch;b\u00e1rs kriv\u00fdch svedkov rota \u2014 d\u013ea n\u00e1ukypokrytcov spupn\u00fdch, farizejov \u013estiv\u00fdch \u2014 oproti Nemu skrivodlive sved\u010d\u00ed;b\u00e1rs Kaif\u00e1\u0161 s\u00e1m sa polapi\u0165 Ho v re\u010diu\u017e tr\u00fafa; a b\u00e1rs star\u0161\u00edch rada cel\u00e1:\u201eje hoden smrti!&#8220; vol\u00e1 rozochvel\u00e1rados\u0165ou hrie\u0161nou, \u017ee u\u017e na\u0161li vinu:ni\u010d naplat! V\u0161etky n\u00e1strahy sa min\u00fahne\u010f cie\u013ea, &#8230; <a title=\"Miloslav Kr\u010dm\u00e9ry (Benjam\u00edn) \u2014 Vstal z m\u0155tvych Kristus\" class=\"read-more\" href=\"https:\/\/www.e-anjelik.sk\/index.php\/2024\/03\/31\/miloslav-krcmery-benjamin-vstal-z-mrtvych-kristus\/\" aria-label=\"Pre\u010d\u00edtajte si viac o Miloslav Kr\u010dm\u00e9ry (Benjam\u00edn) \u2014 Vstal z m\u0155tvych Kristus\">\u010c\u00edta\u0165 viac<\/a><\/p>\n","protected":false},"author":3,"featured_media":0,"comment_status":"open","ping_status":"open","sticky":false,"template":"","format":"standard","meta":{"footnotes":""},"categories":[595,165,77],"tags":[],"class_list":["post-36676","post","type-post","status-publish","format-standard","hentry","category-1-slavnost-velkonocna","category-poezia-2","category-velka-noc"],"_links":{"self":[{"href":"https:\/\/www.e-anjelik.sk\/index.php\/wp-json\/wp\/v2\/posts\/36676","targetHints":{"allow":["GET"]}}],"collection":[{"href":"https:\/\/www.e-anjelik.sk\/index.php\/wp-json\/wp\/v2\/posts"}],"about":[{"href":"https:\/\/www.e-anjelik.sk\/index.php\/wp-json\/wp\/v2\/types\/post"}],"author":[{"embeddable":true,"href":"https:\/\/www.e-anjelik.sk\/index.php\/wp-json\/wp\/v2\/users\/3"}],"replies":[{"embeddable":true,"href":"https:\/\/www.e-anjelik.sk\/index.php\/wp-json\/wp\/v2\/comments?post=36676"}],"version-history":[{"count":2,"href":"https:\/\/www.e-anjelik.sk\/index.php\/wp-json\/wp\/v2\/posts\/36676\/revisions"}],"predecessor-version":[{"id":36678,"href":"https:\/\/www.e-anjelik.sk\/index.php\/wp-json\/wp\/v2\/posts\/36676\/revisions\/36678"}],"wp:attachment":[{"href":"https:\/\/www.e-anjelik.sk\/index.php\/wp-json\/wp\/v2\/media?parent=36676"}],"wp:term":[{"taxonomy":"category","embeddable":true,"href":"https:\/\/www.e-anjelik.sk\/index.php\/wp-json\/wp\/v2\/categories?post=36676"},{"taxonomy":"post_tag","embeddable":true,"href":"https:\/\/www.e-anjelik.sk\/index.php\/wp-json\/wp\/v2\/tags?post=36676"}],"curies":[{"name":"wp","href":"https:\/\/api.w.org\/{rel}","templated":true}]}}