{"id":36679,"date":"2024-04-07T00:34:00","date_gmt":"2024-04-06T22:34:00","guid":{"rendered":"https:\/\/e-anjelik.sk\/?p=36679"},"modified":"2024-04-05T15:53:13","modified_gmt":"2024-04-05T13:53:13","slug":"rehor-uram-podtatransky-pokoj-vam","status":"publish","type":"post","link":"https:\/\/www.e-anjelik.sk\/index.php\/2024\/04\/07\/rehor-uram-podtatransky-pokoj-vam\/","title":{"rendered":"Rehor Uram Podtatransk\u00fd \u2014 Pokoj v\u00e1m!"},"content":{"rendered":"\n<p>\u201eVstal z&nbsp;m\u0155tvych Kristus!\u201c \u2014 A&nbsp;h\u013ea ve\u010dn\u00e9 blaho<br>u\u017e let\u00ed svetom, kres\u0165ansk\u00fd kde dom; \u2014<br>i pokoj ducha, vyk\u00fapen\u00fd draho<br>to krvou Krista, rozm\u00e1ha sa v&nbsp;\u0148om; \u2014<br>a pocit slasti v&nbsp;srdciach zemsk\u00fdch det\u00ed<br>hor\u2018 na modlitbe kr\u00eddlach milo let\u00ed<br>ta v&nbsp;st\u00e1nky ve\u010dn\u00e9, v&nbsp;modr\u00fa neba klo\u0148!<\/p>\n\n\n\n<p>Len Jeruzalem, mesto to na hore,<br>ach, nezn\u00e1 pokoj, ani nem\u00e1 ho;<br>bo nede\u013en\u00e9ho r\u00e1na jasn\u00e9 zore<br>mu dali v&nbsp;\u00fadel da\u010do stra\u0161n\u00e9ho.<br>\u201eVstal z&nbsp;m\u0155tvych Kristus!\u201c slovo pln\u00e9 sp\u00e1sy<br>mu zvukom hromu desn\u00e9ho da\u010d hl\u00e1si;<br>v \u0148om ono tu\u0161\u00ed kliatby ve\u010dnej jho!<\/p>\n\n\n\n<p>I&nbsp;u\u010den\u00edkov vern\u00fdch nebies P\u00e1na<br>tie\u017e objal, strachu v&nbsp;du\u0161i desn\u00fd cit. \u2014<br>S\u00fa spolu, \u2014 av\u0161ak na \u00fasvite r\u00e1na<br>u\u017e zamkli dvere, zavreli svoj byt;<br>bo \u201epred &nbsp;\u017eidovsk\u00fdm strachom\u201c du\u0161a trnie; \u2014<br>\u010do na P\u00e1na, to na nich sa tie\u017e hrnie!<br>Ach, \u010do im nesie nov\u00fd r\u00e1na svit?<\/p>\n\n\n\n<p>A&nbsp;v&nbsp;tom P\u00e1n stane v&nbsp;svojich vern\u00fdch zbore, \u2014<br>\u2014 a&nbsp;miestnos\u0165 tich\u00e1 premen\u00ed sa v&nbsp;chr\u00e1m, \u2014<br>kol hlavy Jeho sl\u00e1vy jasn\u00e9 zore<br>a v&nbsp;tv\u00e1ri pokoj, blaho s\u00eddli tam;<br>i vystre ruku, \u2014 oko l\u00e1skou nyje, \u2014<br>a izbou zavzn\u00fa nebies harm\u00f3nie,<br>ke\u010f riekne ku nim slov\u00e1: \u201ePokoj v\u00e1m!\u201c<\/p>\n\n\n\n<p>A&nbsp;h\u013ea strach mizne, \u2014 srdce sa zas vzmu\u017e\u00ed<br>i v&nbsp;u\u010den\u00edkoch, \u2014 hynie krut\u00fd boj;<br>a k&nbsp;blahu viera pevn\u00e1 sa pridru\u017e\u00ed,<br>\u017ee Kristus chr\u00e1ni vern\u00fdch kr\u00fa\u017eok svoj!<br>I neveriaci Tom\u00e1\u0161 sa ne\u013eak\u00e1,<br>le\u017e v&nbsp;zbo\u017enom cite pred P\u00e1na tie\u017e k\u013eak\u00e1<br>a z&nbsp;du\u0161e zvol\u00e1: \u201eP\u00e1n m\u00f4j a&nbsp;Boh m\u00f4j!\u201c<\/p>\n\n\n\n<p>Prij\u010f i&nbsp;k&nbsp;n\u00e1m, Pane, s\u2018 svojim slovom sv\u00e4t\u00fdm,<br>prij\u010f v&nbsp;cirkve svojej st\u00e1nok, sv\u00e4t\u00fd chr\u00e1m!<br>Ve\u010f ajh\u013ea rozbroj s\u2018 svojim \u0161\u00edpom k\u013eav\u00fdm<br>v nej seje nesv\u00e1r, \u2014 pokoj hynie tam!<br>Prij\u010f, Pane, a&nbsp;st\u00ed\u0161 vody vlnobitia<br>a spokoj mysle, \u2014 popraj tich\u00e9 \u017eitia:<br>ach, riekni svoje mocn\u00e9: \u201ePokoj v\u00e1m!\u201c<\/p>\n\n\n\n<pre class=\"wp-block-verse\"><\/pre>\n","protected":false},"excerpt":{"rendered":"<p>\u201eVstal z&nbsp;m\u0155tvych Kristus!\u201c \u2014 A&nbsp;h\u013ea ve\u010dn\u00e9 blahou\u017e let\u00ed svetom, kres\u0165ansk\u00fd kde dom; \u2014i pokoj ducha, vyk\u00fapen\u00fd drahoto krvou Krista, rozm\u00e1ha sa v&nbsp;\u0148om; \u2014a pocit slasti v&nbsp;srdciach zemsk\u00fdch det\u00edhor\u2018 na modlitbe kr\u00eddlach milo let\u00edta v&nbsp;st\u00e1nky ve\u010dn\u00e9, v&nbsp;modr\u00fa neba klo\u0148! Len Jeruzalem, mesto to na hore,ach, nezn\u00e1 pokoj, ani nem\u00e1 ho;bo nede\u013en\u00e9ho r\u00e1na jasn\u00e9 zoremu dali v&nbsp;\u00fadel &#8230; <a title=\"Rehor Uram Podtatransk\u00fd \u2014 Pokoj v\u00e1m!\" class=\"read-more\" href=\"https:\/\/www.e-anjelik.sk\/index.php\/2024\/04\/07\/rehor-uram-podtatransky-pokoj-vam\/\" aria-label=\"Pre\u010d\u00edtajte si viac o Rehor Uram Podtatransk\u00fd \u2014 Pokoj v\u00e1m!\">\u010c\u00edta\u0165 viac<\/a><\/p>\n","protected":false},"author":3,"featured_media":0,"comment_status":"open","ping_status":"open","sticky":false,"template":"","format":"standard","meta":{"footnotes":""},"categories":[553,597,165],"tags":[],"class_list":["post-36679","post","type-post","status-publish","format-standard","hentry","category-1-nedela-po-velkej-noci","category-velkonocne-obdobie","category-poezia-2"],"_links":{"self":[{"href":"https:\/\/www.e-anjelik.sk\/index.php\/wp-json\/wp\/v2\/posts\/36679","targetHints":{"allow":["GET"]}}],"collection":[{"href":"https:\/\/www.e-anjelik.sk\/index.php\/wp-json\/wp\/v2\/posts"}],"about":[{"href":"https:\/\/www.e-anjelik.sk\/index.php\/wp-json\/wp\/v2\/types\/post"}],"author":[{"embeddable":true,"href":"https:\/\/www.e-anjelik.sk\/index.php\/wp-json\/wp\/v2\/users\/3"}],"replies":[{"embeddable":true,"href":"https:\/\/www.e-anjelik.sk\/index.php\/wp-json\/wp\/v2\/comments?post=36679"}],"version-history":[{"count":2,"href":"https:\/\/www.e-anjelik.sk\/index.php\/wp-json\/wp\/v2\/posts\/36679\/revisions"}],"predecessor-version":[{"id":36683,"href":"https:\/\/www.e-anjelik.sk\/index.php\/wp-json\/wp\/v2\/posts\/36679\/revisions\/36683"}],"wp:attachment":[{"href":"https:\/\/www.e-anjelik.sk\/index.php\/wp-json\/wp\/v2\/media?parent=36679"}],"wp:term":[{"taxonomy":"category","embeddable":true,"href":"https:\/\/www.e-anjelik.sk\/index.php\/wp-json\/wp\/v2\/categories?post=36679"},{"taxonomy":"post_tag","embeddable":true,"href":"https:\/\/www.e-anjelik.sk\/index.php\/wp-json\/wp\/v2\/tags?post=36679"}],"curies":[{"name":"wp","href":"https:\/\/api.w.org\/{rel}","templated":true}]}}