{"id":3669,"date":"2011-07-08T14:39:28","date_gmt":"2011-07-08T14:39:28","guid":{"rendered":"http:\/\/e-anjelik.sk\/?p=3669"},"modified":"2011-07-08T14:39:28","modified_gmt":"2011-07-08T14:39:28","slug":"v-kanade-zasadalo-gremium-veducich-ilc","status":"publish","type":"post","link":"https:\/\/www.e-anjelik.sk\/index.php\/2011\/07\/08\/v-kanade-zasadalo-gremium-veducich-ilc\/","title":{"rendered":"V Kanade zasadalo gr\u00e9mium ved\u00facich ILC"},"content":{"rendered":"<p>28. a\u017e 30. j&uacute;na t.r. sa v meste Niagara Falls (Kanada) zi&scaron;lo na zasadnutie gr&eacute;mium ved&uacute;cich ILC (International Lutheran Council &#8211; Medzin&aacute;rodn&aacute; luter&aacute;nska rada) , v ktorej spolupracuj&uacute; konfesijn&eacute; luter&aacute;nske cirkvi,t.j. pr&iacute;sne biblick&eacute; a luter&aacute;nske cirkvi cel&eacute;ho sveta. Pod veden&iacute;m jej predsedu &#8211; biskupa SELK z Nemecka Hansa Joerga Voigta pripravovali sa na najbli\u017e&scaron;ie&nbsp;\u010dlensk&eacute; zhroma\u017edenie ILC, ktor&eacute; bude v r. 2012 v Kanade. Okrem toho na dennom poriadku boli rozli\u010dn&eacute; spr&aacute;vy ako aj porady o ekumenick&yacute;ch konzult&aacute;ciach.<\/p>\n<p>(<a href=\"http:\/\/www.selk.de\">www.selk.de<\/a>)<\/p>\n","protected":false},"excerpt":{"rendered":"<p>28. a\u017e 30. j&uacute;na t.r. sa v meste Niagara Falls (Kanada) zi&scaron;lo na zasadnutie gr&eacute;mium ved&uacute;cich ILC (International Lutheran Council &#8211; Medzin&aacute;rodn&aacute; luter&aacute;nska rada) , v ktorej spolupracuj&uacute; konfesijn&eacute; luter&aacute;nske cirkvi,t.j. pr&iacute;sne biblick&eacute; a luter&aacute;nske cirkvi cel&eacute;ho sveta. Pod veden&iacute;m jej predsedu &#8211; biskupa SELK z Nemecka Hansa Joerga Voigta pripravovali sa na najbli\u017e&scaron;ie&nbsp;\u010dlensk&eacute; zhroma\u017edenie &#8230; <a title=\"V Kanade zasadalo gr\u00e9mium ved\u00facich ILC\" class=\"read-more\" href=\"https:\/\/www.e-anjelik.sk\/index.php\/2011\/07\/08\/v-kanade-zasadalo-gremium-veducich-ilc\/\" aria-label=\"Pre\u010d\u00edtajte si viac o V Kanade zasadalo gr\u00e9mium ved\u00facich ILC\">\u010c\u00edta\u0165 viac<\/a><\/p>\n","protected":false},"author":22,"featured_media":0,"comment_status":"open","ping_status":"open","sticky":false,"template":"","format":"standard","meta":{"footnotes":""},"categories":[46,10],"tags":[],"class_list":["post-3669","post","type-post","status-publish","format-standard","hentry","category-amerika","category-zo-sveta"],"_links":{"self":[{"href":"https:\/\/www.e-anjelik.sk\/index.php\/wp-json\/wp\/v2\/posts\/3669","targetHints":{"allow":["GET"]}}],"collection":[{"href":"https:\/\/www.e-anjelik.sk\/index.php\/wp-json\/wp\/v2\/posts"}],"about":[{"href":"https:\/\/www.e-anjelik.sk\/index.php\/wp-json\/wp\/v2\/types\/post"}],"author":[{"embeddable":true,"href":"https:\/\/www.e-anjelik.sk\/index.php\/wp-json\/wp\/v2\/users\/22"}],"replies":[{"embeddable":true,"href":"https:\/\/www.e-anjelik.sk\/index.php\/wp-json\/wp\/v2\/comments?post=3669"}],"version-history":[{"count":0,"href":"https:\/\/www.e-anjelik.sk\/index.php\/wp-json\/wp\/v2\/posts\/3669\/revisions"}],"wp:attachment":[{"href":"https:\/\/www.e-anjelik.sk\/index.php\/wp-json\/wp\/v2\/media?parent=3669"}],"wp:term":[{"taxonomy":"category","embeddable":true,"href":"https:\/\/www.e-anjelik.sk\/index.php\/wp-json\/wp\/v2\/categories?post=3669"},{"taxonomy":"post_tag","embeddable":true,"href":"https:\/\/www.e-anjelik.sk\/index.php\/wp-json\/wp\/v2\/tags?post=3669"}],"curies":[{"name":"wp","href":"https:\/\/api.w.org\/{rel}","templated":true}]}}