{"id":36707,"date":"2024-05-03T13:20:48","date_gmt":"2024-05-03T11:20:48","guid":{"rendered":"https:\/\/e-anjelik.sk\/?p=36707"},"modified":"2024-05-03T13:20:48","modified_gmt":"2024-05-03T11:20:48","slug":"kolekta-modlitba-pri-spomienke-na-m-r-stefanika","status":"publish","type":"post","link":"https:\/\/www.e-anjelik.sk\/index.php\/2024\/05\/03\/kolekta-modlitba-pri-spomienke-na-m-r-stefanika\/","title":{"rendered":"Kolekta (modlitba) pri spomienke na M.R.\u0160tef\u00e1nika"},"content":{"rendered":"\n<p>&nbsp;&nbsp; &nbsp; Kolekta &#8211;&nbsp; pri spomienke na Milana Rastislava \u0160tef\u00e1nika v Ko\u0161arisk\u00e1ch<\/p>\n\n\n\n<p><em>Milostiv\u00fd a dobrotiv\u00fd Bo\u017ee, \u010fakujeme Ti \u00faprimne, \/<\/em><\/p>\n\n\n\n<p><em>\u017ee si n\u00e1m b\u00fdval pr\u00edbytkom od pokolenia do pokolenia .\/\/<\/em><\/p>\n\n\n\n<p><em>\u010eakujme Ti pri dne\u0161nej pietnej spomienke za to, \u017ee si<\/em><\/p>\n\n\n\n<p><em>aj n\u00e1\u0161 n\u00e1rod povolal do svojej slu\u017eby\/<\/em><\/p>\n\n\n\n<p><em>a obdaril si ho vern\u00fdmi a po\u017eehnan\u00fdmi slu\u017eobn\u00edkmi. \/\/<\/em><\/p>\n\n\n\n<p><em>Zvl\u00e1\u0161\u0165 \u010fakujeme spolo\u010dne za ve\u013ek\u00e9 a vz\u00e1cne dielo syna tohoto cirkevn\u00e9ho zboru ko\u0161ari\u0161sk\u00e9ho\/ za Milana Rastislava \u0160tef\u00e1nika, ktor\u00e9ho si pred \u2026 rokmi n\u00e1hle odvolal z tejto \u010dasnosti do ve\u010dnosti .\/\/<\/em><\/p>\n\n\n\n<p><em>Nech spo\u010d\u00edva nav\u017edy v Tvojom milostivom n\u00e1ru\u010d\u00ed \/<\/em><\/p>\n\n\n\n<p><em>a jeho pamiatka nech je po\u017eehnan\u00e1 a vz\u00e1cna medzi nami z pokolenia na pokolenie .\/\/<\/em><\/p>\n\n\n\n<p><em>&nbsp; &nbsp; &nbsp; Pros\u00edme \u0165a o Tvoju ochranu pre n\u00e1s i na\u0161ich potomkov\/&nbsp;<\/em><\/p>\n\n\n\n<p><em>bu\u010f a zost\u00e1vaj n\u00e1m pevnos\u0165ou \u017eivota a na\u0161\u00edm hradom prepevn\u00fdm .\/\/<\/em><\/p>\n\n\n\n<p><em>Ochra\u0148uj na\u0161u vlas\u0165 a ve\u010f n\u00e1s k jednote ducha vo zv\u00e4zku pokoja, \/<\/em><\/p>\n\n\n\n<p><em>a\u017e k\u00fdm nepr\u00eddeme aj my tam, kde Ty si ve\u010dne \u017eiv\u00fd P\u00e1n panuj\u00facich a Kr\u00e1\u013e kra\u013euj\u00facich v jednote so Synom i Duchom Sv\u00e4t\u00fdm na veky vekov! Amen&nbsp;<\/em><\/p>\n\n\n\n<p>\u013dubom\u00edr Batka st.<\/p>\n","protected":false},"excerpt":{"rendered":"<p>&nbsp;&nbsp; &nbsp; Kolekta &#8211;&nbsp; pri spomienke na Milana Rastislava \u0160tef\u00e1nika v Ko\u0161arisk\u00e1ch Milostiv\u00fd a dobrotiv\u00fd Bo\u017ee, \u010fakujeme Ti \u00faprimne, \/ \u017ee si n\u00e1m b\u00fdval pr\u00edbytkom od pokolenia do pokolenia .\/\/ \u010eakujme Ti pri dne\u0161nej pietnej spomienke za to, \u017ee si aj n\u00e1\u0161 n\u00e1rod povolal do svojej slu\u017eby\/ a obdaril si ho vern\u00fdmi a po\u017eehnan\u00fdmi slu\u017eobn\u00edkmi. &#8230; <a title=\"Kolekta (modlitba) pri spomienke na M.R.\u0160tef\u00e1nika\" class=\"read-more\" href=\"https:\/\/www.e-anjelik.sk\/index.php\/2024\/05\/03\/kolekta-modlitba-pri-spomienke-na-m-r-stefanika\/\" aria-label=\"Pre\u010d\u00edtajte si viac o Kolekta (modlitba) pri spomienke na M.R.\u0160tef\u00e1nika\">\u010c\u00edta\u0165 viac<\/a><\/p>\n","protected":false},"author":4,"featured_media":0,"comment_status":"open","ping_status":"open","sticky":false,"template":"","format":"standard","meta":{"footnotes":""},"categories":[2,386,25,233],"tags":[],"class_list":["post-36707","post","type-post","status-publish","format-standard","hentry","category-ekumena","category-historicke-okienko","category-liturgia","category-modlitby"],"_links":{"self":[{"href":"https:\/\/www.e-anjelik.sk\/index.php\/wp-json\/wp\/v2\/posts\/36707","targetHints":{"allow":["GET"]}}],"collection":[{"href":"https:\/\/www.e-anjelik.sk\/index.php\/wp-json\/wp\/v2\/posts"}],"about":[{"href":"https:\/\/www.e-anjelik.sk\/index.php\/wp-json\/wp\/v2\/types\/post"}],"author":[{"embeddable":true,"href":"https:\/\/www.e-anjelik.sk\/index.php\/wp-json\/wp\/v2\/users\/4"}],"replies":[{"embeddable":true,"href":"https:\/\/www.e-anjelik.sk\/index.php\/wp-json\/wp\/v2\/comments?post=36707"}],"version-history":[{"count":1,"href":"https:\/\/www.e-anjelik.sk\/index.php\/wp-json\/wp\/v2\/posts\/36707\/revisions"}],"predecessor-version":[{"id":36708,"href":"https:\/\/www.e-anjelik.sk\/index.php\/wp-json\/wp\/v2\/posts\/36707\/revisions\/36708"}],"wp:attachment":[{"href":"https:\/\/www.e-anjelik.sk\/index.php\/wp-json\/wp\/v2\/media?parent=36707"}],"wp:term":[{"taxonomy":"category","embeddable":true,"href":"https:\/\/www.e-anjelik.sk\/index.php\/wp-json\/wp\/v2\/categories?post=36707"},{"taxonomy":"post_tag","embeddable":true,"href":"https:\/\/www.e-anjelik.sk\/index.php\/wp-json\/wp\/v2\/tags?post=36707"}],"curies":[{"name":"wp","href":"https:\/\/api.w.org\/{rel}","templated":true}]}}