{"id":36712,"date":"2024-05-09T00:32:00","date_gmt":"2024-05-08T22:32:00","guid":{"rendered":"https:\/\/e-anjelik.sk\/?p=36712"},"modified":"2024-05-07T20:03:25","modified_gmt":"2024-05-07T18:03:25","slug":"rehor-uram-podtatransky-malicko","status":"publish","type":"post","link":"https:\/\/www.e-anjelik.sk\/index.php\/2024\/05\/09\/rehor-uram-podtatransky-malicko\/","title":{"rendered":"Rehor Uram Podtatransk\u00fd \u2014 M\u00e1li\u010dko . . ."},"content":{"rendered":"\n<p>(J 16, 16)<\/p>\n\n\n\n<p>\u201eM\u00e1li\u010dko a neuzriete<br>m\u0148a!\u201c \u2014 P\u00e1n k svojim smutno vrav\u00ed,<br>ke\u010f dokonal dielo v svete<br>a do ve\u010dnej prejs\u0165 mal sl\u00e1vy.<br>A to slovo bo\u013eas\u0165 tvor\u00ed,<br>a to slovo srdce ran\u00ed,<br>a t\u00e1 rana p\u00e1li, hor\u00ed,<br>a duch up\u00ed v \u0165a\u017ekom lkan\u00ed! \u2014 <br>Od\u00eds\u0165 m\u00e1 On? P\u00e1n ich mil\u00fd, \u2014<br>a s n\u00edm t\u00fa\u017eby jejich v\u0161etky,<br>ktor\u00e9 mali, ktor\u00fdm \u017eili,<br>zhyn\u00fa jak pod mrazom kvietky!<br>Od\u00edde On! \u2014 Ach, a oni<br>bud\u00fa v svete sirotami!<br>Kto\u017ee, kto sa ku nim sklon\u00ed,<br>ke\u010f tak bud\u00fa sami, sami?<\/p>\n\n\n\n<p>\u201eM\u00e1li\u010dko a neuzriete<br>m\u0148a!\u201c tak vzdych\u00e1 otec mil\u00fd,<br>ke\u010f ho tr\u00e1pna nemoc hnetie,<br>ke\u010f de\u0148 \u017eitia sa mu ch\u00fdli;<br>ke\u010f tak vid\u00ed v\u00f4kol svojej<br>plaka\u0165 mil\u00fdch tr\u00e1pnej lo\u017ee;<br>dietok, \u017eeny pre\u00fabohej<br>vzdychy \u010duje: \u201eBo\u017ee! Bo\u017ee!\u201c \u2014 <br>Kto sa ujme opusten\u00fdch,<br>ke\u010f ovisn\u00fa jeho ruky?<br>kto\u017ee zhliadne, kto na biednych?<br>kto u\u013eav\u00ed biedy, muky?<br>Od\u00edde on, \u2014 ach, a oni<br>bud\u00fa vdovou, sirotami:<br>kto\u017ee, kto sa ku nim sklon\u00ed,<br>ke\u010f tak v svete bud\u00fa sami?! \u2014     <\/p>\n\n\n\n<p>\u201eM\u00e1li\u010dko a uzriete ma!\u201c \u2014<br>P\u00e1n tak te\u0161\u00ed svojich vern\u00fdch. \u2014<br>\u201e\u017dia\u013e v\u00e1\u0161 dlho trva\u0165 nem\u00e1;<br>pote\u0161\u00edm v\u00e1s utr\u00e1pen\u00fdch!<br>Svet sa s\u00edce teraz smeje<br>a vy \u017eia\u013eom zmoren\u00fd ste:<br>no, vy nie ste bez n\u00e1deje;<br>pote\u0161\u00edm v\u00e1s, verte, iste!<br>Po kratu\u010dkej chv\u00edli zase<br>spolu my sa uvid\u00edme<br>v\u0161etci, v\u0161etci a v tom \u010dase<br>rados\u0165 v\u00e1m nik neodn\u00edme!\u201c \u2014 <\/p>\n\n\n\n<p>\u201eM\u00e1li\u010dko a uzriete ma!\u201c<br>hovor i ty, ot\u010de, svojim,<br>ke\u010f od b\u00f4\u013eu vdova nem\u00e1<br>nad l\u00f4\u017ekom st\u00e1\u0165 bude tvojim;<br>ke\u010f siroty opusten\u00e9<br>o\u010dk\u00e1 v slz\u00e1ch k\u00fapa\u0165 bud\u00fa,<br>b\u00f4\u013eom du\u0161e ulomen\u00e9<br>na tvoju tak k\u013eakn\u00fa hrudu.<br>\u201eVid\u00edme sa! \u2014 Skoro min\u00fa<br>va\u0161e biedy, va\u0161e strasti!<br>Du\u0161e na\u0161e nezahyn\u00fa!<br>Vid\u00edme sa v onej vlasti!<br>A tak potom v istom \u010dase,<br>ke\u010f Boh z tela hrudu sn\u00edme,<br>z\u00eddeme sa spolu zase:<br>rados\u0165 n\u00e1m nik neodn\u00edme!\u201c <br> <\/p>\n","protected":false},"excerpt":{"rendered":"<p>(J 16, 16) \u201eM\u00e1li\u010dko a neuzrietem\u0148a!\u201c \u2014 P\u00e1n k svojim smutno vrav\u00ed,ke\u010f dokonal dielo v svetea do ve\u010dnej prejs\u0165 mal sl\u00e1vy.A to slovo bo\u013eas\u0165 tvor\u00ed,a to slovo srdce ran\u00ed,a t\u00e1 rana p\u00e1li, hor\u00ed,a duch up\u00ed v \u0165a\u017ekom lkan\u00ed! \u2014 Od\u00eds\u0165 m\u00e1 On? P\u00e1n ich mil\u00fd, \u2014a s n\u00edm t\u00fa\u017eby jejich v\u0161etky,ktor\u00e9 mali, ktor\u00fdm \u017eili,zhyn\u00fa jak &#8230; <a title=\"Rehor Uram Podtatransk\u00fd \u2014 M\u00e1li\u010dko . . .\" class=\"read-more\" href=\"https:\/\/www.e-anjelik.sk\/index.php\/2024\/05\/09\/rehor-uram-podtatransky-malicko\/\" aria-label=\"Pre\u010d\u00edtajte si viac o Rehor Uram Podtatransk\u00fd \u2014 M\u00e1li\u010dko . . .\">\u010c\u00edta\u0165 viac<\/a><\/p>\n","protected":false},"author":3,"featured_media":0,"comment_status":"open","ping_status":"open","sticky":false,"template":"","format":"standard","meta":{"footnotes":""},"categories":[165],"tags":[],"class_list":["post-36712","post","type-post","status-publish","format-standard","hentry","category-poezia-2"],"_links":{"self":[{"href":"https:\/\/www.e-anjelik.sk\/index.php\/wp-json\/wp\/v2\/posts\/36712","targetHints":{"allow":["GET"]}}],"collection":[{"href":"https:\/\/www.e-anjelik.sk\/index.php\/wp-json\/wp\/v2\/posts"}],"about":[{"href":"https:\/\/www.e-anjelik.sk\/index.php\/wp-json\/wp\/v2\/types\/post"}],"author":[{"embeddable":true,"href":"https:\/\/www.e-anjelik.sk\/index.php\/wp-json\/wp\/v2\/users\/3"}],"replies":[{"embeddable":true,"href":"https:\/\/www.e-anjelik.sk\/index.php\/wp-json\/wp\/v2\/comments?post=36712"}],"version-history":[{"count":1,"href":"https:\/\/www.e-anjelik.sk\/index.php\/wp-json\/wp\/v2\/posts\/36712\/revisions"}],"predecessor-version":[{"id":36713,"href":"https:\/\/www.e-anjelik.sk\/index.php\/wp-json\/wp\/v2\/posts\/36712\/revisions\/36713"}],"wp:attachment":[{"href":"https:\/\/www.e-anjelik.sk\/index.php\/wp-json\/wp\/v2\/media?parent=36712"}],"wp:term":[{"taxonomy":"category","embeddable":true,"href":"https:\/\/www.e-anjelik.sk\/index.php\/wp-json\/wp\/v2\/categories?post=36712"},{"taxonomy":"post_tag","embeddable":true,"href":"https:\/\/www.e-anjelik.sk\/index.php\/wp-json\/wp\/v2\/tags?post=36712"}],"curies":[{"name":"wp","href":"https:\/\/api.w.org\/{rel}","templated":true}]}}