{"id":36717,"date":"2024-05-09T00:26:00","date_gmt":"2024-05-08T22:26:00","guid":{"rendered":"https:\/\/e-anjelik.sk\/?p=36717"},"modified":"2024-05-07T20:29:18","modified_gmt":"2024-05-07T18:29:18","slug":"ci-kristus-skutocne-vstupil-do-neba","status":"publish","type":"post","link":"https:\/\/www.e-anjelik.sk\/index.php\/2024\/05\/09\/ci-kristus-skutocne-vstupil-do-neba\/","title":{"rendered":"\u010ci Kristus skuto\u010dne vst\u00fapil do neba?"},"content":{"rendered":"\n<p>Kres\u0165ansk\u00e1 viera u\u010d\u00ed, \u017ee P\u00e1n sa po svojom zm\u0155tvychvstan\u00ed \u0161tyridsa\u0165 dn\u00ed zjavoval u\u010den\u00edkom. V \u0161tyridsiaty de\u0148 zhroma\u017edil v\u0161etk\u00fdch na Olivovej hore a <em>\u201evzniesol sa im pred o\u010dami do v\u00fd\u0161in a\u00a0oblak vzal im ho spred o\u010d\u00ed.&#8220;<\/em> A Bo\u017e\u00ed anjeli osved\u010dili: <em>\u201eMu\u017eovi galilejsk\u00ed, \u010do stoj\u00edte a\u00a0h\u013ead\u00edte do neba? Tento Je\u017ei\u0161, ktor\u00fd v\u00e1m bol vzat\u00fd do neba, pr\u00edde zase tak, ako ste Ho videli odch\u00e1dza\u0165 do neba&#8220;<\/em> (Sk 1, 9; 11)<\/p>\n\n\n\n<p>V tejto viere je pred nami v\u0161etk\u00fdmi <em>\u00fatecha <\/em>pre n\u00e1s. Te\u0161\u00ed n\u00e1s, \u017ee n\u00e1\u0161 mil\u00fd P\u00e1n a Spasite\u013e je v nebi, po pozemskom pon\u00ed\u017een\u00ed je pov\u00fd\u0161en\u00fd, po mnohom a \u0165a\u017ekom utrpen\u00ed do\u0161iel do sl\u00e1vy. Ale n\u00e1s te\u0161\u00ed i to, \u017ee aj n\u00e1m tam, ako s\u00e1m povedal, pripravuje miesto, aby sme tam boli, kde je On, a s N\u00edm aby \u017eili v\u0161etci, ktor\u00ed sa u\u017e tu vo viere s Nim spojili. Lebo: kde je hlava, tam bud\u00fa i \u00fady; kde Vodca, tam aj veden\u00ed; &nbsp;kde Pastier, tam ove\u010dky; kde prvoroden\u00fd Syn, tam i ostatn\u00ed synovia a dc\u00e9ry; kde Kristus P\u00e1n, tam i t\u00ed, ktor\u00ed s\u00fa Kristovi.<\/p>\n\n\n\n<p>A v tejto viere je i <em>napomenutie<\/em> pre n\u00e1s. Sme ur\u010den\u00ed pre nie\u010do vy\u0161\u0161ie ne\u017e len pre t\u00fato zem, alebo pre \u010dervy v na\u0161om, sn\u00e1\u010f ani nie pr\u00edli\u0161 \u010falekom hrobe. Sme povolan\u00ed dedi\u010di kr\u00e1\u013eovstva nebesk\u00e9ho. Preto na\u0161ou povinnos\u0165ou m\u00e1 by\u0165 <em>\u201eh\u013eadanie toho, \u010do je hore, kde Kristus sed\u00ed na pravici Bo\u017eej. Myslenie na to, \u010do je hore, a nie na to, \u010do je na zemi&#8220;<\/em> (Kol 3, 1\u20142). V \u010dasnom \u017eivote t\u00fa\u017ei\u0165 po \u017eivote ve\u010dnom. K\u00fdm sme na zemi, h\u013eada\u0165 kr\u00e1\u013eovstvo Bo\u017eie. K\u00fdm \u017eijeme vo svete, pripravova\u0165 sa do\u00a0nebeskej vlasti. Ale ak\u00e9 m\u00e1me d\u00f4kazy, \u017ee je P\u00e1n v nebi, \u017ee skuto\u010dne vst\u00fapil na nebes\u00e1? To nasleduje prirodzene u\u017e z Jeho zm\u0155tvychvstania. Ten, ktor\u00fd na tret\u00ed de\u0148 sl\u00e1vne vstal z m\u0155tvych bu\u010f znova umrel, alebo musel skuto\u010dne vst\u00fapi\u0165 na nebes\u00e1. V\u0161elijako mudruje rozum aj nevera, aby mohla podvr\u00e1ti\u0165 P\u00e1novo vst\u00fapenie na nebo. \u201eTam \u2014 na hore Olivovej \u2014 nevst\u00fapil vraj na nebes\u00e1, ale za\u0161iel za vrch a skryl sa pred u\u010den\u00edkmi.&#8220; \u2014 Tak\u00fdto \u00famyseln\u00fd klam zo strany P\u00e1novej m\u00f4\u017ee predpoklada\u0165 ozaj len \u2014 nevera, ktorej cel\u00e9 jestvovanie sa zaklad\u00e1 na l\u017ei a klame. A spytujeme sa: \u010do sa stalo s P\u00e1nom potom, ke\u010f sa skryl? \u201eUmrel \u2014 vraj \u2014 a\u00a0pochovali Ho, ako in\u00e9ho \u010dloveka.&#8220; Kto? U\u010den\u00edci, pred ktor\u00fdmi sa skryl? To je v\u0161ak nemo\u017en\u00e9! Cudz\u00ed \u013eudia? Ale \u010di by P\u00e1nova smr\u0165 mohla osta\u0165 v tajnosti? Touto cestou nevera nem\u00f4\u017ee n\u00e1js\u0165 cie\u013e \u2014 preto P\u00e1novo vst\u00fapenie na nebo vyhlasuje za v\u00fdmysel u\u010den\u00edkov. \u2014 Ale \u010di to mo\u017eno i len predpoklada\u0165 o t\u00fdch priamych svedkoch a horlite\u013eoch za pravdu a v\u017edy len za pravdu? A menovite \u010di mo\u017eno predpoklada\u0165 o\u00a0nich tak\u00e9 bl\u00e1znovstvo, \u017ee by si najprv boli nie\u010do vymysleli, a potom by za t\u00fa svoju vym\u00fd\u0161\u013eaninu boli hotov\u00ed i \u017eivot v obe\u0165 polo\u017ei\u0165? Nie; tu platia apo\u0161tolov\u00e9 slov\u00e1: <em>\u201eLebo vieme, \u017ee Kristus, ktor\u00fd vstal z m\u0155tvych, viac neumiera a smr\u0165 u\u017e viac nepanuje nad N\u00edm.&#8220;<\/em> (R 6, 9). Ale ke\u010f viacej neumrel, musel vst\u00fapi\u0165 na nebo. A t\u00fato skuto\u010dnos\u0165 n\u00e1m zase potvrdzuj\u00fa aj Jeho vlastn\u00e9 slov\u00e1 i v\u00f4bec slovo Bo\u017eie. Predpovedan\u00e9 je Jeho vst\u00fapenie na nebo v\u00a0Starom Z\u00e1kone. V \u017dalme 47. \u010d\u00edtame: <em>\u201eBoh vyst\u00fapil hore za v\u00ed\u0165azn\u00e9ho pokriku, Hospodin za zvuku tr\u00faby.&#8220;<\/em> A e\u0161te zrete\u013enej\u0161ie sved\u010d\u00ed \u017dalm 110.: <em>\u201eTo v\u00fdrok Hospodinov m\u00f4jmu P\u00e1novi: Se\u010f mi po pravici, k\u00fdm nepolo\u017e\u00edm Tvojich nepriate\u013eov za podno\u017e Tvojim noh\u00e1m.&#8220;<\/em> A prorok Daniel \u010do videl? \u201e<em>V no\u010dn\u00fdch videniach som videl, \u017ee na nebesk\u00fdch oblakoch prich\u00e1dzal niekto ako Syn \u010dloveka. Dostal sa k Vekom star\u00e9mu a priviedli ho pred Neho. Dostal moc, sl\u00e1vu i kr\u00e1\u013eovstvo, aby Mu sl\u00fa\u017eili v\u0161etci \u013eudia, n\u00e1rody a n\u00e1rodnosti. Jeho vl\u00e1da je ve\u010dn\u00e1 vl\u00e1da a nepominie, Jeho kr\u00e1\u013eovstvo nezanikne.<\/em>&#8220; (Dan 7, 13, 14). \u2014 Svoje vst\u00fapenie na nebo predpovedal s\u00e1m P\u00e1n (Mt 26, 64): <em>\u201eAle hovor\u00edm v\u00e1m: Odteraz uvid\u00edte Syna \u010dloveka sedie\u0165 na pravici Moci a prich\u00e1dza\u0165 na nebesk\u00fdch oblakoch.\u201c<\/em> Na inom mieste, bezprostredne pred svoj\u00edm vst\u00fapen\u00edm na nebo, hovoril P\u00e1n: <em>\u201eDan\u00e1 je mi v\u0161etka moc na nebi a na zemi.\u201c<\/em> (Mt 28, 18). Svojich u\u010den\u00edkov \u010d\u00edm pote\u0161oval? <em>\u201eIdem k\u00a0Otcovi!&#8220;<\/em> (J\u00e1n 16, 17) \u2014 A ako jasne hovor\u00ed o tomto apo\u0161tol Pavel: \u201e<em>Preto Ho aj Boh nadmieru pov\u00fd\u0161il a dal Mu meno nad ka\u017ed\u00e9 meno, aby v Je\u017ei\u0161ovom mene pok\u013eaklo ka\u017ed\u00e9 koleno t\u00fdch, \u010do s\u00fa na nebi aj na zemi, aj pod zemou, a ka\u017ed\u00fd jazyk aby na sl\u00e1vu Boha Otca vyzn\u00e1val, \u017ee Je\u017ei\u0161 Kristus je P\u00e1n.<\/em>\u201c (F 2, 9\u201411). O v\u0161etk\u00fdch t\u00fdchto re\u010diach m\u00f4\u017eeme zase len to poveda\u0165: ke\u010f sme presved\u010den\u00ed o tom, \u017ee ka\u017ed\u00e9 slovo drah\u00e9ho n\u00e1\u0161ho Spasite\u013ea je pravda, \u010dist\u00e1, ist\u00e1, nepodvratn\u00e1, sv\u00e4t\u00e1, vern\u00e1 pravda \u2014 a pravdiv\u00e9 s\u00fa i v\u0161etky re\u010di P\u00edsma \u2014 tak pravdiv\u00e9 s\u00fa i\u00a0svedectv\u00e1 o P\u00e1novom vst\u00fapen\u00ed na nebo. D\u00f4kazom tohoto je napokon i to, \u017ee sa P\u00e1n Kristus i dnes osved\u010duje ako \u017eiv\u00fd a v\u0161adepr\u00edtomn\u00fd, a to skrze svojho Ducha. \u2014 Oblieka svojich mocou z v\u00fdsosti, d\u00e1va im nov\u00fd \u017eivot; hovor\u00ed im k srdcu, k svedomiu; svoje slovo \u010din\u00ed p\u00f4sobiv\u00fdm medzi nimi; a niektor\u00fdch jednotlivcov medzi nimi uschop\u0148uje i k najv\u00e4\u010d\u0161\u00edm protivenstv\u00e1m, \u00e1no, i k samotnej mu\u010den\u00edckej smrti pre Jeho meno. Chcete sa o tom presved\u010di\u0165, \u017ee Je\u017ei\u0161 \u017eije v Bo\u017eej sl\u00e1ve? Sk\u00faste to, rozpr\u00e1vajte s N\u00edm, akoby st\u00e1l pri v\u00e1s. \u2014 Ak je pravda, \u017ee m\u00e1 moc na nebi i na zemi, mus\u00ed v\u00e1s vidie\u0165 a mus\u00ed v\u00e1s po\u010du\u0165. A ak je i dnes tak\u00fd, ak\u00fd bol k\u00fdm \u017eil na zemi, pln\u00fd l\u00e1sky, milosrdenstva, mus\u00ed sa v\u00e1m zjavi\u0165 ako miluj\u00faci Priate\u013e a ako \u017eehnaj\u00faci P\u00e1n. \u2014 Sk\u00faste to, a vtedy nebudete potrebova\u0165 \u017eiadne in\u00e9 d\u00f4kazy a\u00a0svedectv\u00e1 o Jeho vst\u00fapen\u00ed na nebes\u00e1. Vtedy sa darmo bude dob\u00edja\u0165 na v\u00e1s nevera. Vtedy budete ma\u0165 svedectvo sami v sebe, \u017ee P\u00e1n \u017eije a\u00a0kra\u013euje na nebi i na zemi. \u2014 Sk\u00faste to!!<\/p>\n\n\n\n<p>Pokoj V\u00e1m!!<\/p>\n","protected":false},"excerpt":{"rendered":"<p>Kres\u0165ansk\u00e1 viera u\u010d\u00ed, \u017ee P\u00e1n sa po svojom zm\u0155tvychvstan\u00ed \u0161tyridsa\u0165 dn\u00ed zjavoval u\u010den\u00edkom. V \u0161tyridsiaty de\u0148 zhroma\u017edil v\u0161etk\u00fdch na Olivovej hore a \u201evzniesol sa im pred o\u010dami do v\u00fd\u0161in a\u00a0oblak vzal im ho spred o\u010d\u00ed.&#8220; A Bo\u017e\u00ed anjeli osved\u010dili: \u201eMu\u017eovi galilejsk\u00ed, \u010do stoj\u00edte a\u00a0h\u013ead\u00edte do neba? Tento Je\u017ei\u0161, ktor\u00fd v\u00e1m bol vzat\u00fd do neba, pr\u00edde &#8230; <a title=\"\u010ci Kristus skuto\u010dne vst\u00fapil do neba?\" class=\"read-more\" href=\"https:\/\/www.e-anjelik.sk\/index.php\/2024\/05\/09\/ci-kristus-skutocne-vstupil-do-neba\/\" aria-label=\"Pre\u010d\u00edtajte si viac o \u010ci Kristus skuto\u010dne vst\u00fapil do neba?\">\u010c\u00edta\u0165 viac<\/a><\/p>\n","protected":false},"author":3,"featured_media":0,"comment_status":"open","ping_status":"open","sticky":false,"template":"","format":"standard","meta":{"footnotes":""},"categories":[217],"tags":[],"class_list":["post-36717","post","type-post","status-publish","format-standard","hentry","category-vstupenie"],"_links":{"self":[{"href":"https:\/\/www.e-anjelik.sk\/index.php\/wp-json\/wp\/v2\/posts\/36717","targetHints":{"allow":["GET"]}}],"collection":[{"href":"https:\/\/www.e-anjelik.sk\/index.php\/wp-json\/wp\/v2\/posts"}],"about":[{"href":"https:\/\/www.e-anjelik.sk\/index.php\/wp-json\/wp\/v2\/types\/post"}],"author":[{"embeddable":true,"href":"https:\/\/www.e-anjelik.sk\/index.php\/wp-json\/wp\/v2\/users\/3"}],"replies":[{"embeddable":true,"href":"https:\/\/www.e-anjelik.sk\/index.php\/wp-json\/wp\/v2\/comments?post=36717"}],"version-history":[{"count":1,"href":"https:\/\/www.e-anjelik.sk\/index.php\/wp-json\/wp\/v2\/posts\/36717\/revisions"}],"predecessor-version":[{"id":36719,"href":"https:\/\/www.e-anjelik.sk\/index.php\/wp-json\/wp\/v2\/posts\/36717\/revisions\/36719"}],"wp:attachment":[{"href":"https:\/\/www.e-anjelik.sk\/index.php\/wp-json\/wp\/v2\/media?parent=36717"}],"wp:term":[{"taxonomy":"category","embeddable":true,"href":"https:\/\/www.e-anjelik.sk\/index.php\/wp-json\/wp\/v2\/categories?post=36717"},{"taxonomy":"post_tag","embeddable":true,"href":"https:\/\/www.e-anjelik.sk\/index.php\/wp-json\/wp\/v2\/tags?post=36717"}],"curies":[{"name":"wp","href":"https:\/\/api.w.org\/{rel}","templated":true}]}}