{"id":3673,"date":"2011-07-12T09:02:44","date_gmt":"2011-07-12T09:02:44","guid":{"rendered":"http:\/\/e-anjelik.sk\/?p=3673"},"modified":"2011-07-12T09:02:44","modified_gmt":"2011-07-12T09:02:44","slug":"ekumenicky-kongres-o-dobrovolnikoch-v-erfurte","status":"publish","type":"post","link":"https:\/\/www.e-anjelik.sk\/index.php\/2011\/07\/12\/ekumenicky-kongres-o-dobrovolnikoch-v-erfurte\/","title":{"rendered":"Ekumenick\u00fd kongres o dobrovo\u013en\u00edkoch v Erfurte"},"content":{"rendered":"<p>Tento rok je vyhl&aacute;sen&yacute; ako eur&oacute;psky rok dobrovo\u013en&iacute;ckej \u010dinnosti. Aj nemeck&eacute; dve najv&auml;\u010d&scaron;ie cirkvi -katol&iacute;cka a evanjelick&aacute; &#8211; sa rozhodli venova\u0165 tejto t&eacute;me na ekumenickom kongrese v Erfurte , ktor&yacute; m&aacute; by\u0165 od 30. septembra do 1. okt&oacute;bra s heslom:&quot;Kompetentn&iacute; a kvalifikiovan&iacute;: Anga\u017eujeme sa!&quot;Na kongrese bud&uacute; ako hostia politici, civiln&eacute; organiz&aacute;cie, hospod&aacute;rstva a cirkv&iacute;. Kongres organizuje EKD a &Uacute;stredn&yacute; v&yacute;bor nemeck&yacute;ch katol&iacute;kov.<\/p>\n<p>(<a href=\"http:\/\/www.kirche-mv.de\">www.kirche-mv.de<\/a>)<\/p>\n","protected":false},"excerpt":{"rendered":"<p>Tento rok je vyhl&aacute;sen&yacute; ako eur&oacute;psky rok dobrovo\u013en&iacute;ckej \u010dinnosti. Aj nemeck&eacute; dve najv&auml;\u010d&scaron;ie cirkvi -katol&iacute;cka a evanjelick&aacute; &#8211; sa rozhodli venova\u0165 tejto t&eacute;me na ekumenickom kongrese v Erfurte , ktor&yacute; m&aacute; by\u0165 od 30. septembra do 1. okt&oacute;bra s heslom:&quot;Kompetentn&iacute; a kvalifikiovan&iacute;: Anga\u017eujeme sa!&quot;Na kongrese bud&uacute; ako hostia politici, civiln&eacute; organiz&aacute;cie, hospod&aacute;rstva a cirkv&iacute;. Kongres &#8230; <a title=\"Ekumenick\u00fd kongres o dobrovo\u013en\u00edkoch v Erfurte\" class=\"read-more\" href=\"https:\/\/www.e-anjelik.sk\/index.php\/2011\/07\/12\/ekumenicky-kongres-o-dobrovolnikoch-v-erfurte\/\" aria-label=\"Pre\u010d\u00edtajte si viac o Ekumenick\u00fd kongres o dobrovo\u013en\u00edkoch v Erfurte\">\u010c\u00edta\u0165 viac<\/a><\/p>\n","protected":false},"author":22,"featured_media":0,"comment_status":"open","ping_status":"open","sticky":false,"template":"","format":"standard","meta":{"footnotes":""},"categories":[2],"tags":[234],"class_list":["post-3673","post","type-post","status-publish","format-standard","hentry","category-ekumena","tag-zdruzenia-a-skupiny"],"_links":{"self":[{"href":"https:\/\/www.e-anjelik.sk\/index.php\/wp-json\/wp\/v2\/posts\/3673","targetHints":{"allow":["GET"]}}],"collection":[{"href":"https:\/\/www.e-anjelik.sk\/index.php\/wp-json\/wp\/v2\/posts"}],"about":[{"href":"https:\/\/www.e-anjelik.sk\/index.php\/wp-json\/wp\/v2\/types\/post"}],"author":[{"embeddable":true,"href":"https:\/\/www.e-anjelik.sk\/index.php\/wp-json\/wp\/v2\/users\/22"}],"replies":[{"embeddable":true,"href":"https:\/\/www.e-anjelik.sk\/index.php\/wp-json\/wp\/v2\/comments?post=3673"}],"version-history":[{"count":0,"href":"https:\/\/www.e-anjelik.sk\/index.php\/wp-json\/wp\/v2\/posts\/3673\/revisions"}],"wp:attachment":[{"href":"https:\/\/www.e-anjelik.sk\/index.php\/wp-json\/wp\/v2\/media?parent=3673"}],"wp:term":[{"taxonomy":"category","embeddable":true,"href":"https:\/\/www.e-anjelik.sk\/index.php\/wp-json\/wp\/v2\/categories?post=3673"},{"taxonomy":"post_tag","embeddable":true,"href":"https:\/\/www.e-anjelik.sk\/index.php\/wp-json\/wp\/v2\/tags?post=3673"}],"curies":[{"name":"wp","href":"https:\/\/api.w.org\/{rel}","templated":true}]}}