{"id":3675,"date":"2011-07-13T07:42:05","date_gmt":"2011-07-13T07:42:05","guid":{"rendered":"http:\/\/e-anjelik.sk\/?p=3675"},"modified":"2011-07-13T07:42:05","modified_gmt":"2011-07-13T07:42:05","slug":"zena-na-cele-stresnej-organizacie-liberalnych-zidov-v-nemecku","status":"publish","type":"post","link":"https:\/\/www.e-anjelik.sk\/index.php\/2011\/07\/13\/zena-na-cele-stresnej-organizacie-liberalnych-zidov-v-nemecku\/","title":{"rendered":"\u017dena na \u010dele stre\u0161nej organiz\u00e1cie liber\u00e1lnych \u017eidov v Nemecku"},"content":{"rendered":"<p>Prv&yacute; raz je na \u010dele stre&scaron;nej organiz&aacute;cie liber&aacute;lnych \u017eidov \u017eena. V nede\u013eu \u010dlensk&eacute; zhroma\u017edenie &Uacute;nie liber&aacute;lnych \u017eidov v Nemecku zvolilo za jej predsedky\u0148u 41 ro\u010dn&uacute; Sonju Guentnerovu, ktor&aacute; zodpoved&aacute; za medzin&aacute;bo\u017eensk&uacute; v&yacute;chovu na Medzin&aacute;rodnej mierovej &scaron;kole v Kol&iacute;ne.V liber&aacute;lnych synag&oacute;gach nie s&uacute; pohlavia oddelene. \u010casto bohoslu\u017ebu ved&uacute; \u017eeny, \u017eeny s&uacute; ordinovan&eacute; za rab&iacute;nky.&Uacute;nia progres&iacute;vnych \u017eidov je zdru\u017een&iacute;m 22 liber&aacute;lnych obc&iacute; s pribli\u017ene 4500 \u010dlenmi. Liber&aacute;lny pr&uacute;d \u017eidov kooperuje s &Uacute;strednou radov \u017eidov v Nemecku, ktor&aacute; m&aacute; 108 obc&iacute; a asi 105 tis&iacute;c organizovan&yacute;ch \u010dlenov.<\/p>\n<p>(<a href=\"http:\/\/www.epd.de\">www.epd.de<\/a>)<\/p>\n","protected":false},"excerpt":{"rendered":"<p>Prv&yacute; raz je na \u010dele stre&scaron;nej organiz&aacute;cie liber&aacute;lnych \u017eidov \u017eena. V nede\u013eu \u010dlensk&eacute; zhroma\u017edenie &Uacute;nie liber&aacute;lnych \u017eidov v Nemecku zvolilo za jej predsedky\u0148u 41 ro\u010dn&uacute; Sonju Guentnerovu, ktor&aacute; zodpoved&aacute; za medzin&aacute;bo\u017eensk&uacute; v&yacute;chovu na Medzin&aacute;rodnej mierovej &scaron;kole v Kol&iacute;ne.V liber&aacute;lnych synag&oacute;gach nie s&uacute; pohlavia oddelene. \u010casto bohoslu\u017ebu ved&uacute; \u017eeny, \u017eeny s&uacute; ordinovan&eacute; za rab&iacute;nky.&Uacute;nia progres&iacute;vnych \u017eidov &#8230; <a title=\"\u017dena na \u010dele stre\u0161nej organiz\u00e1cie liber\u00e1lnych \u017eidov v Nemecku\" class=\"read-more\" href=\"https:\/\/www.e-anjelik.sk\/index.php\/2011\/07\/13\/zena-na-cele-stresnej-organizacie-liberalnych-zidov-v-nemecku\/\" aria-label=\"Pre\u010d\u00edtajte si viac o \u017dena na \u010dele stre\u0161nej organiz\u00e1cie liber\u00e1lnych \u017eidov v Nemecku\">\u010c\u00edta\u0165 viac<\/a><\/p>\n","protected":false},"author":22,"featured_media":0,"comment_status":"open","ping_status":"open","sticky":false,"template":"","format":"standard","meta":{"footnotes":""},"categories":[9,10],"tags":[],"class_list":["post-3675","post","type-post","status-publish","format-standard","hentry","category-europa","category-zo-sveta"],"_links":{"self":[{"href":"https:\/\/www.e-anjelik.sk\/index.php\/wp-json\/wp\/v2\/posts\/3675","targetHints":{"allow":["GET"]}}],"collection":[{"href":"https:\/\/www.e-anjelik.sk\/index.php\/wp-json\/wp\/v2\/posts"}],"about":[{"href":"https:\/\/www.e-anjelik.sk\/index.php\/wp-json\/wp\/v2\/types\/post"}],"author":[{"embeddable":true,"href":"https:\/\/www.e-anjelik.sk\/index.php\/wp-json\/wp\/v2\/users\/22"}],"replies":[{"embeddable":true,"href":"https:\/\/www.e-anjelik.sk\/index.php\/wp-json\/wp\/v2\/comments?post=3675"}],"version-history":[{"count":0,"href":"https:\/\/www.e-anjelik.sk\/index.php\/wp-json\/wp\/v2\/posts\/3675\/revisions"}],"wp:attachment":[{"href":"https:\/\/www.e-anjelik.sk\/index.php\/wp-json\/wp\/v2\/media?parent=3675"}],"wp:term":[{"taxonomy":"category","embeddable":true,"href":"https:\/\/www.e-anjelik.sk\/index.php\/wp-json\/wp\/v2\/categories?post=3675"},{"taxonomy":"post_tag","embeddable":true,"href":"https:\/\/www.e-anjelik.sk\/index.php\/wp-json\/wp\/v2\/tags?post=3675"}],"curies":[{"name":"wp","href":"https:\/\/api.w.org\/{rel}","templated":true}]}}