{"id":3677,"date":"2011-07-13T08:04:39","date_gmt":"2011-07-13T08:04:39","guid":{"rendered":"http:\/\/e-anjelik.sk\/?p=3677"},"modified":"2011-07-13T08:04:39","modified_gmt":"2011-07-13T08:04:39","slug":"stipendisti-gaw-skoncili-pobyt-v-nemecku","status":"publish","type":"post","link":"https:\/\/www.e-anjelik.sk\/index.php\/2011\/07\/13\/stipendisti-gaw-skoncili-pobyt-v-nemecku\/","title":{"rendered":"\u0160tipendisti GAW skon\u010dili pobyt v Nemecku"},"content":{"rendered":"<p>Za\u010diatkom tohto t&yacute;\u017ed\u0148a sa v centr&aacute;le GAW v Lipsku rozl&uacute;\u010dili s 8 tohoro\u010dn&yacute;mi &scaron;tipendistami, ktor&iacute; dva semestre &scaron;tudovali na Ev. teologickej fakulte v Lipsku a anga\u017eovali sa v cirkevn&yacute;ch zboroch nielen v Lipsku, ale aj inde a teraz sa vracaj&uacute; sp&auml;\u0165 do svojich domov&iacute;n. Ide o mlad&yacute;ch &scaron;tudentov \/ky teol&oacute;gie z t&yacute;chto kraj&iacute;n: Rumunsko, Braz&iacute;lia, Argent&iacute;na, Slovensko a Po\u013esko.<\/p>\n<p>(<a href=\"http:\/\/www.gustav-adolf-werk.de\">www.gustav-adolf-werk.de<\/a>)<\/p>\n","protected":false},"excerpt":{"rendered":"<p>Za\u010diatkom tohto t&yacute;\u017ed\u0148a sa v centr&aacute;le GAW v Lipsku rozl&uacute;\u010dili s 8 tohoro\u010dn&yacute;mi &scaron;tipendistami, ktor&iacute; dva semestre &scaron;tudovali na Ev. teologickej fakulte v Lipsku a anga\u017eovali sa v cirkevn&yacute;ch zboroch nielen v Lipsku, ale aj inde a teraz sa vracaj&uacute; sp&auml;\u0165 do svojich domov&iacute;n. Ide o mlad&yacute;ch &scaron;tudentov \/ky teol&oacute;gie z t&yacute;chto kraj&iacute;n: Rumunsko, Braz&iacute;lia, &#8230; <a title=\"\u0160tipendisti GAW skon\u010dili pobyt v Nemecku\" class=\"read-more\" href=\"https:\/\/www.e-anjelik.sk\/index.php\/2011\/07\/13\/stipendisti-gaw-skoncili-pobyt-v-nemecku\/\" aria-label=\"Pre\u010d\u00edtajte si viac o \u0160tipendisti GAW skon\u010dili pobyt v Nemecku\">\u010c\u00edta\u0165 viac<\/a><\/p>\n","protected":false},"author":22,"featured_media":0,"comment_status":"open","ping_status":"open","sticky":false,"template":"","format":"standard","meta":{"footnotes":""},"categories":[1],"tags":[234],"class_list":["post-3677","post","type-post","status-publish","format-standard","hentry","category-adventna-modlitba","tag-zdruzenia-a-skupiny"],"_links":{"self":[{"href":"https:\/\/www.e-anjelik.sk\/index.php\/wp-json\/wp\/v2\/posts\/3677","targetHints":{"allow":["GET"]}}],"collection":[{"href":"https:\/\/www.e-anjelik.sk\/index.php\/wp-json\/wp\/v2\/posts"}],"about":[{"href":"https:\/\/www.e-anjelik.sk\/index.php\/wp-json\/wp\/v2\/types\/post"}],"author":[{"embeddable":true,"href":"https:\/\/www.e-anjelik.sk\/index.php\/wp-json\/wp\/v2\/users\/22"}],"replies":[{"embeddable":true,"href":"https:\/\/www.e-anjelik.sk\/index.php\/wp-json\/wp\/v2\/comments?post=3677"}],"version-history":[{"count":0,"href":"https:\/\/www.e-anjelik.sk\/index.php\/wp-json\/wp\/v2\/posts\/3677\/revisions"}],"wp:attachment":[{"href":"https:\/\/www.e-anjelik.sk\/index.php\/wp-json\/wp\/v2\/media?parent=3677"}],"wp:term":[{"taxonomy":"category","embeddable":true,"href":"https:\/\/www.e-anjelik.sk\/index.php\/wp-json\/wp\/v2\/categories?post=3677"},{"taxonomy":"post_tag","embeddable":true,"href":"https:\/\/www.e-anjelik.sk\/index.php\/wp-json\/wp\/v2\/tags?post=3677"}],"curies":[{"name":"wp","href":"https:\/\/api.w.org\/{rel}","templated":true}]}}