{"id":3680,"date":"2011-07-14T10:57:19","date_gmt":"2011-07-14T10:57:19","guid":{"rendered":"http:\/\/e-anjelik.sk\/?p=3680"},"modified":"2011-07-14T10:57:19","modified_gmt":"2011-07-14T10:57:19","slug":"cestujuci-na-berlinskom-letisku-sa-budu-moct-modlit-v-kaplnke","status":"publish","type":"post","link":"https:\/\/www.e-anjelik.sk\/index.php\/2011\/07\/14\/cestujuci-na-berlinskom-letisku-sa-budu-moct-modlit-v-kaplnke\/","title":{"rendered":"Cestuj\u00faci na berl\u00ednskom letisku sa bud\u00fa m\u00f4c\u0165 modli\u0165 v kaplnke"},"content":{"rendered":"<p>Evanjelick&aacute; cirkev Brandenburska a katol&iacute;cke arcibiskupstvo Berl&iacute;na podp&iacute;sali dohodu o vybudovan&iacute; dvoch priestorov v hale bud&uacute;ceho nov&eacute;ho letiska v hl. meste Nemecka Berl&iacute;ne,ktor&eacute; ponesie n&aacute;zov&nbsp;&quot;Berlin Brandenburg Willi Brandt&quot;. Jedn&yacute;m bude kres\u0165ansk&aacute; kaplnka,vybaven&aacute; kr&iacute;\u017eom ,olt&aacute;rom a asi 15 miestami na sedenie. Druh&aacute; miestnos\u0165 bude ur\u010den&aacute; pre medit&aacute;cie a st&iacute;&scaron;enia nekres\u0165anov.N&aacute;klady vo v&yacute;&scaron;ke&nbsp;pol mili&oacute;na EUR ponesie leteck&aacute; spolo\u010dnos\u0165 a obe cirkvi. Letisko maj&uacute; otvori\u0165 3. j&uacute;na 2012.&nbsp;<\/p>\n<p>(<a href=\"http:\/\/www.idea.de\">www.idea.de<\/a>)<\/p>\n","protected":false},"excerpt":{"rendered":"<p>Evanjelick&aacute; cirkev Brandenburska a katol&iacute;cke arcibiskupstvo Berl&iacute;na podp&iacute;sali dohodu o vybudovan&iacute; dvoch priestorov v hale bud&uacute;ceho nov&eacute;ho letiska v hl. meste Nemecka Berl&iacute;ne,ktor&eacute; ponesie n&aacute;zov&nbsp;&quot;Berlin Brandenburg Willi Brandt&quot;. Jedn&yacute;m bude kres\u0165ansk&aacute; kaplnka,vybaven&aacute; kr&iacute;\u017eom ,olt&aacute;rom a asi 15 miestami na sedenie. Druh&aacute; miestnos\u0165 bude ur\u010den&aacute; pre medit&aacute;cie a st&iacute;&scaron;enia nekres\u0165anov.N&aacute;klady vo v&yacute;&scaron;ke&nbsp;pol mili&oacute;na EUR ponesie leteck&aacute; &#8230; <a title=\"Cestuj\u00faci na berl\u00ednskom letisku sa bud\u00fa m\u00f4c\u0165 modli\u0165 v kaplnke\" class=\"read-more\" href=\"https:\/\/www.e-anjelik.sk\/index.php\/2011\/07\/14\/cestujuci-na-berlinskom-letisku-sa-budu-moct-modlit-v-kaplnke\/\" aria-label=\"Pre\u010d\u00edtajte si viac o Cestuj\u00faci na berl\u00ednskom letisku sa bud\u00fa m\u00f4c\u0165 modli\u0165 v kaplnke\">\u010c\u00edta\u0165 viac<\/a><\/p>\n","protected":false},"author":22,"featured_media":0,"comment_status":"open","ping_status":"open","sticky":false,"template":"","format":"standard","meta":{"footnotes":""},"categories":[2],"tags":[],"class_list":["post-3680","post","type-post","status-publish","format-standard","hentry","category-ekumena"],"_links":{"self":[{"href":"https:\/\/www.e-anjelik.sk\/index.php\/wp-json\/wp\/v2\/posts\/3680","targetHints":{"allow":["GET"]}}],"collection":[{"href":"https:\/\/www.e-anjelik.sk\/index.php\/wp-json\/wp\/v2\/posts"}],"about":[{"href":"https:\/\/www.e-anjelik.sk\/index.php\/wp-json\/wp\/v2\/types\/post"}],"author":[{"embeddable":true,"href":"https:\/\/www.e-anjelik.sk\/index.php\/wp-json\/wp\/v2\/users\/22"}],"replies":[{"embeddable":true,"href":"https:\/\/www.e-anjelik.sk\/index.php\/wp-json\/wp\/v2\/comments?post=3680"}],"version-history":[{"count":0,"href":"https:\/\/www.e-anjelik.sk\/index.php\/wp-json\/wp\/v2\/posts\/3680\/revisions"}],"wp:attachment":[{"href":"https:\/\/www.e-anjelik.sk\/index.php\/wp-json\/wp\/v2\/media?parent=3680"}],"wp:term":[{"taxonomy":"category","embeddable":true,"href":"https:\/\/www.e-anjelik.sk\/index.php\/wp-json\/wp\/v2\/categories?post=3680"},{"taxonomy":"post_tag","embeddable":true,"href":"https:\/\/www.e-anjelik.sk\/index.php\/wp-json\/wp\/v2\/tags?post=3680"}],"curies":[{"name":"wp","href":"https:\/\/api.w.org\/{rel}","templated":true}]}}