{"id":3684,"date":"2011-07-14T16:24:32","date_gmt":"2011-07-14T16:24:32","guid":{"rendered":"http:\/\/e-anjelik.sk\/?p=3684"},"modified":"2011-07-14T16:24:32","modified_gmt":"2011-07-14T16:24:32","slug":"kazani-o-ohrozenosti-viry","status":"publish","type":"post","link":"https:\/\/www.e-anjelik.sk\/index.php\/2011\/07\/14\/kazani-o-ohrozenosti-viry\/","title":{"rendered":"K\u00e1z\u00e1n\u00ed o ohro\u017eenosti v\u00edry"},"content":{"rendered":"<p align=\"left\" style=\"line-height: 150%\"><font size=\"4\"><u>Prvn&iacute; \u010dten&iacute;:<\/u><\/font><font size=\"4\"> Marek 4,2 &#8211; 20: &quot;U\u010dil je mnoh&eacute;mu v podobenstv&iacute;ch. Ve sv&eacute;m u\u010den&iacute; jim \u0159ekl: &quot;Sly&scaron;te! Vy&scaron;el rozs&eacute;va\u010d rozs&iacute;vat. Kdy\u017e rozs&iacute;val, padlo n\u011bkter&eacute; zrno pod&eacute;l cesty, a p\u0159ilet\u011bli pt&aacute;ci a sezobali je. Jin&eacute; padlo na skalnatou p\u016fdu, kde nem\u011blo dost zem\u011b, a hned vze&scaron;lo, proto\u017ee nebylo hluboko v zemi. Ale kdy\u017e vy&scaron;lo slunce, sp&aacute;lilo je; a proto\u017ee nem\u011blo ko\u0159en, uschlo. Jin&eacute; zase padlo do trn&iacute;; trn&iacute; vzrostlo, udusilo je, a zrno nevydalo &uacute;rodu. A jin&aacute; zrna padla do dobr&eacute; zem\u011b a vzch&aacute;zela, rostla, d&aacute;vala &uacute;rodu a p\u0159in&aacute;&scaron;ela u\u017eitek i t\u0159icetin&aacute;sobn&yacute; i &scaron;edes&aacute;tin&aacute;sobn&yacute; i ston&aacute;sobn&yacute;.&quot; A \u0159ekl: &quot;Kdo m&aacute; u&scaron;i k sly&scaron;en&iacute;, sly&scaron;!&quot; A kdy\u017e byl o samot\u011b, vypt&aacute;vali se ho ti, kdo byli s n&iacute;m, co znamenaj&iacute; podobenstv&iacute;. I \u0159ekl jim: &quot;V&aacute;m je d&aacute;no zn&aacute;t tajemstv&iacute; Bo\u017e&iacute;ho kr&aacute;lovstv&iacute;; ale t\u011bm, kdo jsou vn\u011b, d\u011bje se v&scaron;echno v podobenstv&iacute;ch, aby `hled\u011bli a hled\u011bli, ale nevid\u011bli, poslouchali a poslouchali, ale nech&aacute;pali, aby se snad neobr&aacute;tili a nebylo jim odpu&scaron;t\u011bno&acute;.&quot; \u0158ekl jim: &quot;Nerozum&iacute;te tomuto podobenstv&iacute;? Jak porozum&iacute;te v&scaron;em ostatn&iacute;m? Rozs&eacute;va\u010d rozs&iacute;v&aacute; slovo. Toto jsou ti pod&eacute;l cesty, kde se rozs&iacute;v&aacute; slovo: Kdy\u017e je usly&scaron;&iacute;, hned p\u0159ich&aacute;z&iacute; satan a odn&iacute;m&aacute; slovo do nich zaset&eacute;. A podobn\u011b ti, u nich\u017e je zaseto na skalnatou p\u016fdu: Ti sly&scaron;&iacute; slovo a hned je s radost&iacute; p\u0159ij&iacute;maj&iacute;. Nemaj&iacute; v&scaron;ak v sob\u011b ko\u0159en a jsou nest&aacute;l&iacute;; kdy\u017e pak p\u0159ijde t&iacute;se\u0148 nebo pron&aacute;sledov&aacute;n&iacute; pro to slovo, hned odpadaj&iacute;. U jin&yacute;ch je zaseto do trn&iacute;: Ti sly&scaron;&iacute; slovo, ale \u010dasn&eacute; starosti, v&aacute;bivost majetku a chtivost ostatn&iacute;ch v\u011bc&iacute; vnikaj&iacute; do nitra a dus&iacute; slovo, tak\u017ee z\u016fstane bez &uacute;rody. Toto pak jsou ti, u nich\u017e je zaseto do dobr&eacute; zem\u011b: Ti sly&scaron;&iacute; slovo, p\u0159ij&iacute;maj&iacute; je a nesou &uacute;rodu t\u0159icetin&aacute;sobnou i &scaron;edes&aacute;tin&aacute;sobnou i ston&aacute;sobnou.&quot;<\/font><\/p>\n<p align=\"left\" style=\"line-height: 150%; margin-bottom: 0cm\">&nbsp;<\/p>\n<p align=\"left\" style=\"line-height: 150%\"><font size=\"3\"><font size=\"4\"><u>\u010cten&iacute; ke k&aacute;z&aacute;n&iacute;:<\/u><\/font><font size=\"4\"> Luk&aacute;&scaron; 18,8 b: &quot;Ale nalezne Syn \u010dlov\u011bka v&iacute;ru na zemi, a\u017e p\u0159ijde?&quot;<\/font><\/font><br \/>\n&nbsp;&nbsp;<\/p>\n<p align=\"justify\" style=\"line-height: 150%; margin-bottom: 0cm\"><font size=\"4\"><u>K&aacute;z&aacute;n&iacute;<\/u>:<\/font><\/p>\n<p align=\"left\" style=\"line-height: 150%\">&nbsp;<\/p>\n<p align=\"justify\" style=\"line-height: 150%\"><font size=\"3\"><font size=\"4\">Mil&eacute; sestry a draz&iacute; brat\u0159i,<\/font><\/font><\/p>\n<p align=\"justify\" style=\"line-height: 150%\"><font size=\"3\"><font size=\"4\">i v dne&scaron;n&iacute;m k&aacute;z&aacute;n&iacute; bych se cht\u011bl zab&yacute;vat problematikou v&iacute;ry. T&eacute;ma v&iacute;ry mi toti\u017e p\u0159ipad&aacute; velmi d\u016fle\u017eit&eacute;. V&iacute;me ji\u017e, \u017ee &ldquo;Bez v&iacute;ry v&scaron;ak nen&iacute; mo\u017en&eacute; zal&iacute;bit se Bohu. Kdo k n\u011bmu p\u0159istupuje, mus&iacute; v\u011b\u0159it, \u017ee B\u016fh jest a \u017ee se odm\u011b\u0148uje t\u011bm, kdo ho hledaj&iacute;.&rdquo; (\u017dd 11, 6). A o tuto v&iacute;ru m\u016f\u017eeme klidn\u011b p\u0159ij&iacute;t. Zn&aacute;m jednoho kn\u011bze a teologa, kter&yacute; hl&aacute;sal &quot;v&iacute;ru bez n&aacute;bo\u017eenstv&iacute;&quot; a nakonec se z n\u011bho stal ateista. Nebo se m\u016f\u017eeme st&aacute;t vla\u017en&yacute;mi ve v&iacute;\u0159e, a to je podle Bible je&scaron;t\u011b hor&scaron;&iacute;. V knize Zjeven&iacute; toti\u017e \u010dteme: &quot;Toto prav&iacute; ten, jeho\u017e jm&eacute;no jest Amen, sv\u011bdek v\u011brn&yacute; a prav&yacute;, po\u010d&aacute;tek stvo\u0159en&iacute; Bo\u017e&iacute;ho: &quot;V&iacute;m o tv&yacute;ch skutc&iacute;ch; nejsi studen&yacute; ani hork&yacute;. K&eacute;\u017e bys byl studen&yacute; anebo hork&yacute;! Ale \u017ee jsi vla\u017en&yacute;, a nejsi hork&yacute; ani studen&yacute;, nesnesu t\u011b v &uacute;stech.&quot; (Zj 3,14 &#8211; 16). <\/font><\/font><\/p>\n<p align=\"justify\" style=\"line-height: 150%\"><font size=\"3\"><font size=\"4\">Na&scaron;e v&iacute;ra je tedy v ohro\u017een&iacute;. Zvl&aacute;&scaron;\u0165 v t&eacute;to dob\u011b<\/font><font size=\"4\"><b>. <\/b><\/font><font size=\"4\">Mnoz&iacute; k\u0159es\u0165an&eacute; v\u011b\u0159&iacute;, \u017ee \u017eijeme <\/font><font size=\"4\"><span lang=\"cs-CZ\">na po\u010d&aacute;tku doby konce tohoto v\u011bku \u010di tohoto sv\u011bta<\/span><\/font><font size=\"4\">. A o t&eacute;to dob\u011b s&aacute;m Je\u017e&iacute;&scaron; \u0159&iacute;k&aacute; toto: &quot;M\u011bjte se na pozoru, aby v&aacute;s n\u011bkdo nesvedl. Nebo\u0165 mnoz&iacute; p\u0159ijdou v m&eacute;m jm&eacute;nu a budou \u0159&iacute;kat `j&aacute; jsem Mesi&aacute;&scaron;&acute; a svedou mnoh&eacute;. Budete sly&scaron;et v&aacute;le\u010dn&yacute; ryk a zv\u011bsti o v&aacute;lk&aacute;ch; hle\u010fte, abyste se nelekali. Mus&iacute; to b&yacute;t, ale to je&scaron;t\u011b nen&iacute; konec. Povstane n&aacute;rod proti n&aacute;rodu a kr&aacute;lovstv&iacute; proti kr&aacute;lovstv&iacute;, bude hlad a zem\u011bt\u0159esen&iacute; na mnoha m&iacute;stech. Ale to v&scaron;e bude teprve za\u010d&aacute;tek bolest&iacute;. Tehdy v&aacute;s budou vyd&aacute;vat v sou\u017een&iacute; i na smrt a v&scaron;echny n&aacute;rody v&aacute;s budou nen&aacute;vid\u011bt pro m&eacute; jm&eacute;no. A tehdy mnoz&iacute; odpadnou a navz&aacute;jem se budou zrazovat a jedni druh&eacute; nen&aacute;vid\u011bt;povstanou l\u017eiv&iacute; proroci a mnoh&eacute; svedou a proto\u017ee se rozm\u016f\u017ee nepravost, vychladne l&aacute;ska mnoh&yacute;ch.&quot; (Mt 24,4 &#8211; 12). <\/font><\/font><\/p>\n<p align=\"justify\" style=\"line-height: 150%\"><font size=\"3\"><font size=\"4\">V podobenstv&iacute; o rozs&eacute;va\u010di, kter&eacute; jsem sly&scaron;eli v na&scaron;em prvn&iacute;m \u010dten&iacute;, Je\u017e&iacute;&scaron; poukazuje na dva hlavn&iacute; d\u016fvody, pro\u010d m\u016f\u017ee vychladnout l&aacute;ska a opadnout i v&iacute;ra mnoh&yacute;ch. Jednak &quot;pro t&iacute;se\u0148 nebo pron&aacute;sledov&aacute;n&iacute;&quot; (Mk 4,17), jednak pro &quot;starosti, v&aacute;bivost majetku a chtivost ostatn&iacute;ch v\u011bc&iacute;&quot; (Mk 4,19). Touha po konzumu, bohatstv&iacute;, pen\u011bz&iacute;ch a majetku m\u016f\u017ee zni\u010dit na&scaron;i v&iacute;ru, nebo\u0165 plat&iacute;: &quot;Nem\u016f\u017eete slou\u017eit Bohu i majetku.&quot; (L 16,13) a &quot;Ko\u0159enem v&scaron;eho toho zla je l&aacute;ska k pen\u011bz\u016fm.&quot; (1 Tm 6,10). Rovn\u011b\u017e sou\u017een&iacute;, utrpen&iacute;, ne&uacute;sp\u011bchy v pr&aacute;ci \u010di osobn&iacute;m \u017eivot\u011b, nemoci, starosti v&scaron;eho druhu atd. mohou podlomit na&scaron;i d\u016fv\u011bru v Boha \u010dili na&scaron;&iacute; v&iacute;ru, jeliko\u017e v&iacute;ra nen&iacute; nic jin&eacute;ho ne\u017e d\u016fv\u011bra v&nbsp;Boha, d\u016fv\u011bra v&nbsp;Bo\u017e&iacute; zasl&iacute;ben&iacute;, d\u016fv\u011bra v&nbsp;Bo\u017e&iacute; rady, d\u016fv\u011bra v&nbsp;Bo\u017e&iacute; veden&iacute;. V tomto ohledu je zvl&aacute;&scaron;\u0165 nebezpe\u010dn&aacute; doba konce, ve kter&eacute; \u017eijeme.<\/font><\/font><\/p>\n<p align=\"justify\" style=\"line-height: 150%\"><font size=\"3\"><font size=\"4\">Pozornost t&eacute;to dob\u011b v\u011bnuje i apo&scaron;tol Pavel. Na jednom m&iacute;st\u011b o n&iacute; p&iacute;&scaron;e: &quot;Duch v&yacute;slovn\u011b prav&iacute;, \u017ee v posledn&iacute;ch dob&aacute;ch n\u011bkte\u0159&iacute; odpadnou od v&iacute;ry a p\u0159idr\u017e&iacute; se t\u011bch, kte\u0159&iacute; sv&aacute;d\u011bj&iacute; d&eacute;monsk&yacute;mi naukami, jsou pokrytci, lh&aacute;\u0159i a maj&iacute; vyp&aacute;len cejch na vlastn&iacute;m sv\u011bdom&iacute;. Zakazuj&iacute; lidem \u017eenit se a j&iacute;st pokrmy, kter&eacute; B\u016fh stvo\u0159il, aby je s d\u011bkov&aacute;n&iacute;m po\u017e&iacute;vali ti, kdo v\u011b\u0159&iacute; a kdo poznali pravdu. Nebo\u0165 v&scaron;echno, co B\u016fh stvo\u0159il, je dobr&eacute; a nem&aacute; se zavrhovat nic, co se p\u0159ij&iacute;m&aacute; s d&iacute;k\u016fvzd&aacute;n&iacute;m. V\u017edy\u0165 je to posv\u011bceno Bo\u017e&iacute;m slovem a modlitbou.&quot; (1 Tm 4, 1 &#8211; 5). Nebezpe\u010d&iacute;m pro na&scaron;i v&iacute;ru se tedy mohou st&aacute;t fale&scaron;n&eacute; nauky a fale&scaron;n&iacute; proroci, kte\u0159&iacute; se mohou tv&aacute;\u0159it i r&aacute;doby zbo\u017en\u011b a k\u0159es\u0165ansky. Ale to nen&iacute; jedin&eacute; nebezpe\u010d&iacute; t&eacute;to doby. <\/font><\/font><\/p>\n<p align=\"justify\" style=\"line-height: 150%\"><font size=\"3\"><font size=\"4\">Na jin&eacute;m m&iacute;st\u011b apo&scaron;tol Pavel upozor\u0148uje, \u017ee v dob\u011b konce se neb&yacute;vale rozm\u016f\u017ee lidsk&aacute; &scaron;patnost: &quot;V\u011bz, \u017ee v posledn&iacute;ch dnech nastanou zl&eacute; \u010dasy. Lid&eacute; budou sobe\u010dt&iacute;, chamtiv&iacute;, chv&aacute;stav&iacute;, dom&yacute;&scaron;liv&iacute;, budou se rouhat, nebudou poslouchat rodi\u010de, budou nevd\u011b\u010dn&iacute;, bezbo\u017en&iacute;, bez l&aacute;sky, nesmi\u0159iteln&iacute;, pomlouva\u010dn&iacute;, nev&aacute;zan&iacute;, hrub&iacute;, lhostejn&iacute; k dobr&eacute;mu, zr&aacute;dn&iacute;, bezhlav&iacute;, nadut&iacute;, budou m&iacute;t rad\u011bji rozko&scaron; ne\u017e Boha, budou se tv&aacute;\u0159it jako zbo\u017en&iacute;, ale sv&yacute;m jedn&aacute;n&iacute;m to budou pop&iacute;rat. Takov&yacute;ch lid&iacute; se stra\u0148.&quot; (2 Tm 3,1 &#8211; 5). <\/font><\/font><\/p>\n<p align=\"justify\" style=\"line-height: 150%\"><font size=\"3\"><font size=\"4\">Mne zde velmi zaujalo to, \u017ee mnoz&iacute; lid&eacute; svoji &scaron;patnost budou zakr&yacute;vat &uacute;dajnou zbo\u017enost&iacute; \u010dili jak jsme sly&scaron;eli: budou se &quot;tv&aacute;\u0159it jako zbo\u017en&iacute;&quot;. Kralick&yacute; p\u0159eklad jejich postoj vyj&aacute;d\u0159il je&scaron;t\u011b l&eacute;pe: &quot;Maj&iacute;c&iacute; zp\u016fsob pobo\u017enosti, ale moci jej&iacute; zap&iacute;raj&iacute;ce, a od takov&yacute;ch se odvracuj.&quot; (2 Tm 3,5). Z toho plyne, \u017ee i mezi k\u0159es\u0165any se budou vyskytovat takov&iacute;to lid&eacute;. A nebudou pasivn&iacute;, naopak budou aktivn\u011b &scaron;kodit ostatn&iacute;m, jak o tom d&aacute;le p&iacute;&scaron;e apo&scaron;tol Pavel: &quot;Nebo z t\u011bch jsou i ti, kte\u0159&iacute;\u017e nach&aacute;zej&iacute; do dom\u016f, a j&iacute;maj&iacute;ce, vod&iacute; \u017eenky obt&iacute;\u017een&eacute; h\u0159&iacute;chy, jen\u017e vedeny b&yacute;vaj&iacute; rozli\u010dn&yacute;mi \u017e&aacute;dostmi, Kter&eacute;\u017e v\u017edycky se u\u010d&iacute;, ale nikdy ku pozn&aacute;n&iacute; pravdy p\u0159ij&iacute;ti nemohou. Jako\u017e zajist&eacute; Jannes a Jambres zprotivili se Moj\u017e&iacute;&scaron;ovi, tak i tito protiv&iacute; se pravd\u011b, lid&eacute; na mysli poru&scaron;en&iacute; a p\u0159i v&iacute;\u0159e spleten&iacute;.&quot; (2 Tm 3,6 &#8211; 8). Pro lep&scaron;&iacute; srozumitelnost, uvedu tyto ver&scaron;e v ekumenick&eacute;m p\u0159ekladu: &quot;Pat\u0159&iacute; k nim ti, kdo vnikaj&iacute; do rodin, aby nal&aacute;kali lehkov\u011brn&eacute; \u017eeny pln&eacute; h\u0159&iacute;ch\u016f, ovl&aacute;dan&eacute; rozli\u010dn&yacute;mi touhami, kter&eacute; by se po\u0159&aacute;d cht\u011bly u\u010dit, a nikdy nemohou p\u0159ij&iacute;t k pozn&aacute;n&iacute; pravdy. Jako Jann&eacute;s a Jambr&eacute;s odporovali Moj\u017e&iacute;&scaron;ovi, tak i ti fale&scaron;n&iacute; u\u010ditel&eacute; odporuj&iacute; pravd\u011b. Jsou to lid&eacute; se zvr&aacute;cenou mysl&iacute;, kte\u0159&iacute; ve v&iacute;\u0159e selhali.&quot;<\/font><\/font><\/p>\n<p align=\"justify\" style=\"line-height: 150%\"><font size=\"3\"><font size=\"4\">Uchovat si v&iacute;ru v takov&eacute;m prost\u0159ed&iacute; a uprost\u0159ed takov&yacute;ch lid&iacute; nen&iacute; a nebude nikterak snadn&eacute;. Je\u017e&iacute;&scaron; moc dob\u0159e v\u011bd\u011bl, pro\u010d polo\u017eit ot&aacute;zku, kter&aacute; je v&yacute;chodiskem pro dne&scaron;n&iacute; k&aacute;z&aacute;n&iacute;: &quot;Ale nalezne Syn \u010dlov\u011bka v&iacute;ru na zemi, a\u017e p\u0159ijde? (Luk&aacute;&scaron; 18,8b). Situace je o to slo\u017eit\u011bj&scaron;&iacute;, \u017ee nejde o uchov&aacute;n&iacute; ledajak&eacute; v&iacute;ry. Mus&iacute;me si uchovat tzv. spasitelnou v&iacute;ru \u010dili v&iacute;ru, kter&aacute; n&aacute;s m\u016f\u017ee spasit (Jk 2,14). Zde nen&iacute; d\u016fle\u017eit&eacute;, jak siln\u011b v\u011b\u0159&iacute;me, ale v co v\u011b\u0159&iacute;me, respektive v koho v\u011b\u0159&iacute;me. Zda v\u011b\u0159&iacute;me v Buddhu, Muhammeda, Kri&scaron;nu atp. nebo v\u011b\u0159&iacute;me v Je\u017e&iacute;&scaron;e Krista. V&iacute;me p\u0159ece, \u017ee &quot;Je\u017e&iacute;&scaron; je ten k&aacute;men, kter&yacute; jste vy stavitel&eacute; odm&iacute;tli, ale on se stal kamenem &uacute;heln&yacute;m. V nikom jin&eacute;m nen&iacute; sp&aacute;sy; nen&iacute; pod nebem jin&eacute;ho jm&eacute;na, zjeven&eacute;ho lidem, j&iacute;m\u017e bychom mohli b&yacute;t spaseni.&quot; (Sk 4,11 &#8211; 12). \u017de je jenom &quot;jeden B\u016fh a jeden prost\u0159edn&iacute;k mezi Bohem a lidmi, \u010dlov\u011bk Kristus Je\u017e&iacute;&scaron;&quot; (2 Tm 2,5). \u017de pouze Je\u017e&iacute;&scaron; &nbsp;je &quot;ta cesta, pravda i \u017eivot&quot; a \u017ee nikdo nep\u0159ich&aacute;z&iacute; k Otci ne\u017e skrze N\u011bj (J 14,6). <\/font><\/font><\/p>\n<p align=\"justify\" style=\"line-height: 150%\"><font size=\"3\"><font size=\"4\">Jak opr&aacute;vn\u011bn&eacute; zd\u016fraz\u0148uje \u0159ada k\u0159es\u0165ansk&yacute;ch kazatel\u016f, u\u010ditel\u016f \u010di autor\u016f, k\u0159es\u0165anstv&iacute; nen&iacute; n&aacute;bo\u017eenstv&iacute;, k\u0159es\u0165anstv&iacute; je vztah. K\u0159es\u0165anstv&iacute; nen&iacute; ideologie, nen&iacute; syst&eacute;mem v\u011brou\u010dn&yacute;m bod\u016f, k\u0159es\u0165anstv&iacute; je Osoba. K\u0159es\u0165anstv&iacute; je toti\u017e zalo\u017eeno na identit\u011b Je\u017e&iacute;&scaron;e Krista a \u017e&aacute;d&aacute; si, aby Je\u017e&iacute;&scaron;ovi n&aacute;sledovn&iacute;ci s N&iacute;m \u017eili ve vztahu. To, co d&aacute;v&aacute; k\u0159es\u0165ansk&eacute; v&iacute;\u0159e d\u016fv\u011bryhodnost, je pr&aacute;v\u011b Je\u017e&iacute;&scaron; Kristus, Mesi&aacute;&scaron; a Syn Bo\u017e&iacute;. Dodr\u017eov&aacute;n&iacute; z&aacute;kona a biblick&yacute;ch princip\u016f zde proto nesta\u010d&iacute;. Ani v\u011brnost samotn&eacute;mu Je\u017e&iacute;&scaron;ovu u\u010den&iacute; je&scaron;t\u011b ne\u010din&iacute; z lid&iacute; opravdov&eacute; k\u0159es\u0165any. Jimi se st&aacute;v&aacute;me jen tehdy, budeme-li m&iacute;t k Je\u017e&iacute;&scaron;i Kristu osobn&iacute; vztah l&aacute;sky. <\/font><\/font><\/p>\n<p align=\"justify\" style=\"line-height: 150%\"><font size=\"3\"><font size=\"4\">Teprve kdy\u017e svou v&iacute;ru soust\u0159ed&iacute;me na vzk\u0159&iacute;&scaron;en&eacute;ho Je\u017e&iacute;&scaron;e Krista, jsme spaseni &quot;Milost&iacute; &#8230; skrze v&iacute;ru&quot; (Ef 2,8). Na&scaron;&iacute; sp&aacute;sou nen&iacute; samotn&iacute; v&iacute;ra, ale Je\u017e&iacute;&scaron; Kristus. I kdy\u017e se n&aacute;m zd&aacute; b&yacute;t na&scaron;e v&iacute;ra jakkoliv mal&aacute;, p\u0159esto je-li zam\u011b\u0159ena na Je\u017e&iacute;&scaron;e Krista, bude n&aacute;&scaron; vztah k Bohu spasiteln&yacute; a budou n&aacute;m odpu&scaron;t\u011bny h\u0159&iacute;chy. A tak nejlep&scaron;&iacute; obranou na&scaron;&iacute; v&iacute;ry v dne&scaron;n&iacute; nelehk&eacute; dob\u011b je zam\u011b\u0159it se na prohlouben&iacute; na&scaron;eho vztahu k Je\u017e&iacute;&scaron;i Kristu. Nejl&eacute;pe doslova se upnout na Je\u017e&iacute;&scaron;e Krista, na Jeho l&aacute;sku k n&aacute;m a na&scaron;i l&aacute;sku k N\u011bmu. Jak n&aacute;m to ostatn\u011b rad&iacute; i pisatel Listu \u017did\u016fm: &quot;Proto i my, &#8230;, odho\u010fme v&scaron;ecku p\u0159&iacute;t\u011b\u017e i h\u0159&iacute;ch, kter&yacute; se n&aacute;s tak snadno p\u0159ichyt&iacute;, a vytrvejme v b\u011bhu, jak je n&aacute;m ulo\u017eeno, s pohledem up\u0159en&yacute;m na Je\u017e&iacute;&scaron;e, kter&yacute; vede na&scaron;i v&iacute;ru od po\u010d&aacute;tku a\u017e do c&iacute;le. M&iacute;sto radosti, kter&aacute; se mu nab&iacute;zela, podstoupil k\u0159&iacute;\u017e, nedbaje na potupu; proto usedl po pravici Bo\u017e&iacute;ho tr\u016fnu. Myslete na to, co v&scaron;ecko on musel sn&eacute;st od h\u0159&iacute;&scaron;n&iacute;k\u016f, abyste neochabovali a neklesali na duchu.&quot; (\u017dd 12,1-3). Amen.<\/font><\/font><br \/>\n&nbsp;<\/p>\n<p align=\"justify\" style=\"line-height: 150%\">&nbsp;<\/p>\n<p align=\"justify\" style=\"line-height: 150%\"><font size=\"3\"><font size=\"4\"><u>Modlitba po k&aacute;z&aacute;n&iacute;<\/u><\/font><font size=\"4\">:<\/font><\/font><\/p>\n<p align=\"justify\" style=\"line-height: 150%\">\n&nbsp;<\/p>\n<p align=\"justify\" style=\"line-height: 150%\"><font size=\"3\"><font size=\"4\">Nebesk&yacute; Ot\u010de, <\/font><\/font><\/p>\n<p align=\"justify\" style=\"line-height: 150%\">\n&nbsp;<\/p>\n<p align=\"justify\" style=\"line-height: 150%\"><font size=\"4\">d\u011bkujeme Ti za v&scaron;echno, co jsi n&aacute;m daroval skrze sv&eacute;ho Syna, na&scaron;eho P&aacute;na a Spasitele, Je\u017e&iacute;&scaron;e Krista. V N\u011bm m&aacute;me odpu&scaron;t\u011bn&iacute; h\u0159&iacute;ch\u016f a p\u0159&iacute;stup k tr\u016fnu Tv&eacute; milosti. Jeho ranami jsme uzdraveni. Pouze d&iacute;ky N\u011bmu jsem osvobozeni od budouc&iacute;ho hn\u011bvu a m\u016f\u017eeme tak uniknout peklu a v\u011b\u010dn&eacute;mu zatracen&iacute;. On je tak&eacute; jedin&yacute;m prav&yacute;m v\u016fdcem a dokonavatelem na&scaron;&iacute; v&iacute;ry. <\/font><font size=\"4\"><span lang=\"cs-CZ\">D&iacute;ky Jeho ob\u011bti mohl p\u0159ij&iacute;t Duch svat&yacute;, n&aacute;&scaron; Ut\u011b&scaron;itel a P\u0159&iacute;mluvce, Duch pravdy, kter&yacute; n&aacute;s uvod&iacute; do v&scaron;elik&eacute; pravdy<\/span><\/font><font size=\"3\"><span lang=\"cs-CZ\">.<\/span><\/font><font size=\"4\"> <\/font><font size=\"4\"><span lang=\"cs-CZ\">A tak jsme mohli znovuzrodit a za\u010d&iacute;t nov&yacute; \u017eivot v moci Ducha svat&eacute;ho.&nbsp; <\/span><\/font>&nbsp;<\/p>\n<p align=\"justify\" style=\"line-height: 150%\"><font size=\"3\">Daruj n&aacute;m, nebesk&yacute; Ot\u010de, dostatek moudrosti, l&aacute;sky, odvahy a s&iacute;ly, abychom state\u010dn\u011b z&aacute;pasili o v&iacute;ru, kterou jsi n&aacute;m daroval. Abychom se sna\u017eili prohlubovat n&aacute;&scaron; vztah k Je\u017e&iacute;&scaron;i Kristu a t&iacute;m se &uacute;\u010dinn\u011b br&aacute;nili ztr&aacute;t\u011b spasiteln&eacute; v&iacute;ry a rafinovan&yacute;m svod\u016fm, kter&eacute; p\u0159in&aacute;&scaron;&iacute; za\u010d&aacute;tek doby konce tohoto v\u011bku \u010dili tohoto sv\u011bta. Abychom odpov\u011bdn\u011b budovali sv\u016fj \u017eivot na p\u0159esvat&eacute; v&iacute;\u0159e. Abychom kone\u010dn\u011b ve v&iacute;\u0159e rostli a byli schopni konat dobr&eacute; skutky, kter&eacute; jsi n&aacute;m p\u0159ipravil A tak mohli o\u010dek&aacute;vat milosrdenstv&iacute; na&scaron;eho P&aacute;na Je\u017e&iacute;&scaron;e Krista k&nbsp;v\u011b\u010dn&eacute;mu \u017eivotu. <\/font>&nbsp;<\/p>\n<p align=\"justify\" style=\"line-height: 150%\">Za toto v&scaron;echno Ti, nebesk&yacute; Ot\u010de d\u011bkujeme a za toto v&scaron;echno T\u011b pros&iacute;me p\u0159ed tr\u016fnem Tv&eacute; milosti ve jm&eacute;nu P&aacute;na Je\u017e&iacute;&scaron;e Krista. Amen.<\/p>\n<p align=\"justify\" style=\"line-height: 150%\">&nbsp;<\/p>\n<p align=\"justify\" style=\"line-height: 150%; margin-bottom: 0cm\"><font face=\"Times New Roman, serif\"><font size=\"4\">&nbsp;&nbsp;&nbsp;&nbsp;&nbsp;&nbsp;&nbsp;&nbsp;&nbsp;&nbsp;&nbsp;&nbsp;&nbsp; Stanislav Heczko <\/font><\/font><\/p>\n<p align=\"justify\" style=\"line-height: 150%; margin-bottom: 0cm\"><font face=\"Times New Roman, serif\"><font size=\"4\">&nbsp;&nbsp;&nbsp;&nbsp;&nbsp;&nbsp;&nbsp;&nbsp;&nbsp;&nbsp;&nbsp;&nbsp;&nbsp;&nbsp; (LECAV Praha) <\/font><\/font><\/p>\n<p>&nbsp;<\/p>\n<p align=\"left\" style=\"line-height: 150%\">&nbsp;<\/p>\n<p>&nbsp;<\/p>\n<p align=\"justify\" style=\"line-height: 150%\">.<\/p>\n","protected":false},"excerpt":{"rendered":"<p>Prvn&iacute; \u010dten&iacute;: Marek 4,2 &#8211; 20: &quot;U\u010dil je mnoh&eacute;mu v podobenstv&iacute;ch. Ve sv&eacute;m u\u010den&iacute; jim \u0159ekl: &quot;Sly&scaron;te! Vy&scaron;el rozs&eacute;va\u010d rozs&iacute;vat. Kdy\u017e rozs&iacute;val, padlo n\u011bkter&eacute; zrno pod&eacute;l cesty, a p\u0159ilet\u011bli pt&aacute;ci a sezobali je. Jin&eacute; padlo na skalnatou p\u016fdu, kde nem\u011blo dost zem\u011b, a hned vze&scaron;lo, proto\u017ee nebylo hluboko v zemi. Ale kdy\u017e vy&scaron;lo slunce, sp&aacute;lilo &#8230; <a title=\"K\u00e1z\u00e1n\u00ed o ohro\u017eenosti v\u00edry\" class=\"read-more\" href=\"https:\/\/www.e-anjelik.sk\/index.php\/2011\/07\/14\/kazani-o-ohrozenosti-viry\/\" aria-label=\"Pre\u010d\u00edtajte si viac o K\u00e1z\u00e1n\u00ed o ohro\u017eenosti v\u00edry\">\u010c\u00edta\u0165 viac<\/a><\/p>\n","protected":false},"author":1,"featured_media":0,"comment_status":"open","ping_status":"open","sticky":false,"template":"","format":"standard","meta":{"footnotes":""},"categories":[121,95],"tags":[],"class_list":["post-3684","post","type-post","status-publish","format-standard","hentry","category-kazne","category-sobotiste"],"_links":{"self":[{"href":"https:\/\/www.e-anjelik.sk\/index.php\/wp-json\/wp\/v2\/posts\/3684","targetHints":{"allow":["GET"]}}],"collection":[{"href":"https:\/\/www.e-anjelik.sk\/index.php\/wp-json\/wp\/v2\/posts"}],"about":[{"href":"https:\/\/www.e-anjelik.sk\/index.php\/wp-json\/wp\/v2\/types\/post"}],"author":[{"embeddable":true,"href":"https:\/\/www.e-anjelik.sk\/index.php\/wp-json\/wp\/v2\/users\/1"}],"replies":[{"embeddable":true,"href":"https:\/\/www.e-anjelik.sk\/index.php\/wp-json\/wp\/v2\/comments?post=3684"}],"version-history":[{"count":0,"href":"https:\/\/www.e-anjelik.sk\/index.php\/wp-json\/wp\/v2\/posts\/3684\/revisions"}],"wp:attachment":[{"href":"https:\/\/www.e-anjelik.sk\/index.php\/wp-json\/wp\/v2\/media?parent=3684"}],"wp:term":[{"taxonomy":"category","embeddable":true,"href":"https:\/\/www.e-anjelik.sk\/index.php\/wp-json\/wp\/v2\/categories?post=3684"},{"taxonomy":"post_tag","embeddable":true,"href":"https:\/\/www.e-anjelik.sk\/index.php\/wp-json\/wp\/v2\/tags?post=3684"}],"curies":[{"name":"wp","href":"https:\/\/api.w.org\/{rel}","templated":true}]}}