{"id":3687,"date":"2011-07-18T07:43:42","date_gmt":"2011-07-18T07:43:42","guid":{"rendered":"http:\/\/e-anjelik.sk\/?p=3687"},"modified":"2011-07-18T07:43:42","modified_gmt":"2011-07-18T07:43:42","slug":"v-auguste-zasadne-generalna-synoda-elca","status":"publish","type":"post","link":"https:\/\/www.e-anjelik.sk\/index.php\/2011\/07\/18\/v-auguste-zasadne-generalna-synoda-elca\/","title":{"rendered":"V auguste zasadne gener\u00e1lna synoda ELCA"},"content":{"rendered":"<p>Od 15. do 19. augusta t.r. bude v Mariott World Center v Orlando, Florida zasada\u0165 12. gener&aacute;lna synoda Evanjelicko-luter&aacute;nskej cirkvi v Amerike (ELCA). Na synode bude pr&iacute;tomn&yacute;ch vy&scaron;e 1500 os&ocirc;b, z toho 1.025 s volebn&yacute;m pr&aacute;vom, plus person&aacute;l a n&aacute;v&scaron;tevn&iacute;ci. Hlavnou t&eacute;mou synody bude:&quot;<strong>Osloboden&iacute; v Kristovi pre slu\u017ebu<\/strong>&quot;. Synode bude predseda\u0165 predsedaj&uacute;ci biskup ELCA Mark Hanson. \u010clenovia ELCA a in&iacute; z&aacute;ujemcovia bud&uacute; m&ocirc;c\u0165 sledova\u0165 zasadanie synody cez viacero&nbsp;online kan&aacute;ly, facebook a twitter. &nbsp;ELCA je najv&auml;\u010d&scaron;ie cirkevn&eacute; luter&aacute;nske teleso v Severnej Amerike . M&aacute; 4,5 mili&oacute;na \u010dlenov.<\/p>\n<p>(<a href=\"http:\/\/www.elca.org\">www.elca.org<\/a>)<\/p>\n","protected":false},"excerpt":{"rendered":"<p>Od 15. do 19. augusta t.r. bude v Mariott World Center v Orlando, Florida zasada\u0165 12. gener&aacute;lna synoda Evanjelicko-luter&aacute;nskej cirkvi v Amerike (ELCA). Na synode bude pr&iacute;tomn&yacute;ch vy&scaron;e 1500 os&ocirc;b, z toho 1.025 s volebn&yacute;m pr&aacute;vom, plus person&aacute;l a n&aacute;v&scaron;tevn&iacute;ci. Hlavnou t&eacute;mou synody bude:&quot;Osloboden&iacute; v Kristovi pre slu\u017ebu&quot;. Synode bude predseda\u0165 predsedaj&uacute;ci biskup ELCA Mark &#8230; <a title=\"V auguste zasadne gener\u00e1lna synoda ELCA\" class=\"read-more\" href=\"https:\/\/www.e-anjelik.sk\/index.php\/2011\/07\/18\/v-auguste-zasadne-generalna-synoda-elca\/\" aria-label=\"Pre\u010d\u00edtajte si viac o V auguste zasadne gener\u00e1lna synoda ELCA\">\u010c\u00edta\u0165 viac<\/a><\/p>\n","protected":false},"author":22,"featured_media":0,"comment_status":"open","ping_status":"open","sticky":false,"template":"","format":"standard","meta":{"footnotes":""},"categories":[46,10],"tags":[],"class_list":["post-3687","post","type-post","status-publish","format-standard","hentry","category-amerika","category-zo-sveta"],"_links":{"self":[{"href":"https:\/\/www.e-anjelik.sk\/index.php\/wp-json\/wp\/v2\/posts\/3687","targetHints":{"allow":["GET"]}}],"collection":[{"href":"https:\/\/www.e-anjelik.sk\/index.php\/wp-json\/wp\/v2\/posts"}],"about":[{"href":"https:\/\/www.e-anjelik.sk\/index.php\/wp-json\/wp\/v2\/types\/post"}],"author":[{"embeddable":true,"href":"https:\/\/www.e-anjelik.sk\/index.php\/wp-json\/wp\/v2\/users\/22"}],"replies":[{"embeddable":true,"href":"https:\/\/www.e-anjelik.sk\/index.php\/wp-json\/wp\/v2\/comments?post=3687"}],"version-history":[{"count":0,"href":"https:\/\/www.e-anjelik.sk\/index.php\/wp-json\/wp\/v2\/posts\/3687\/revisions"}],"wp:attachment":[{"href":"https:\/\/www.e-anjelik.sk\/index.php\/wp-json\/wp\/v2\/media?parent=3687"}],"wp:term":[{"taxonomy":"category","embeddable":true,"href":"https:\/\/www.e-anjelik.sk\/index.php\/wp-json\/wp\/v2\/categories?post=3687"},{"taxonomy":"post_tag","embeddable":true,"href":"https:\/\/www.e-anjelik.sk\/index.php\/wp-json\/wp\/v2\/tags?post=3687"}],"curies":[{"name":"wp","href":"https:\/\/api.w.org\/{rel}","templated":true}]}}