{"id":3688,"date":"2011-07-18T08:17:19","date_gmt":"2011-07-18T08:17:19","guid":{"rendered":"http:\/\/e-anjelik.sk\/?p=3688"},"modified":"2011-07-18T08:17:19","modified_gmt":"2011-07-18T08:17:19","slug":"valne-zhromazdenie-zien-elca","status":"publish","type":"post","link":"https:\/\/www.e-anjelik.sk\/index.php\/2011\/07\/18\/valne-zhromazdenie-zien-elca\/","title":{"rendered":"Valn\u00e9 zhroma\u017edenie \u017eien ELCA"},"content":{"rendered":"<p>Od 14. do 17. j&uacute;la t.r. sa v Spokane, Washington konalo valn&eacute; zhroma\u017edenie \u017eien ELCA. Na zasadnut&iacute; bolo pr&iacute;tomn&yacute;ch do 2000 os&ocirc;b, z toho do 400 s volebn&yacute;m pr&aacute;vom. Predsedaj&uacute;ci biskup M. Hanson pozdravil \u017eeny 14. j&uacute;la a vyzval ich, aby vo svojich komunit&aacute;ch &scaron;&iacute;rili radostn&uacute; zves\u0165 o Je\u017ei&scaron;ovi Kristovi, o Jeho Bo\u017eej milosti. Ak oslovia 1%&nbsp;t&yacute;ch&nbsp;,ktor&iacute; o to bud&uacute; ma\u0165 z&aacute;ujem a t&iacute; uveria zvesti, ELCA by miesto 4 mili&oacute;nov mala 8 mili&oacute;nov \u010dlenov.Deleg&aacute;tky za nov&uacute; predsedky\u0148u \u017eien zvolili na tri roky 43 -ro\u010dn&uacute; pani Jennifer Michael,z Pensacola, Florida. Zvolili tie\u017e jej z&aacute;stupky\u0148u, tajomn&iacute;\u010dku a pokladn&iacute;\u010dku ako aj nov&yacute; 17 \u010dlenn&yacute; v&yacute;konn&yacute; v&yacute;bor organiz&aacute;cie. Prijali rozpo\u010det na rok 2012 vo v&yacute;&scaron;ke 2.3 mili&oacute;na USD.Schv&aacute;lili spr&aacute;vy a uznesenie. Valn&eacute; zhroma\u017edenie \u017eien ELCA sa sch&aacute;dza raz za tri roky.<\/p>\n<p>(<a href=\"http:\/\/www.elca.org\">www.elca.org<\/a>)<\/p>\n","protected":false},"excerpt":{"rendered":"<p>Od 14. do 17. j&uacute;la t.r. sa v Spokane, Washington konalo valn&eacute; zhroma\u017edenie \u017eien ELCA. Na zasadnut&iacute; bolo pr&iacute;tomn&yacute;ch do 2000 os&ocirc;b, z toho do 400 s volebn&yacute;m pr&aacute;vom. Predsedaj&uacute;ci biskup M. Hanson pozdravil \u017eeny 14. j&uacute;la a vyzval ich, aby vo svojich komunit&aacute;ch &scaron;&iacute;rili radostn&uacute; zves\u0165 o Je\u017ei&scaron;ovi Kristovi, o Jeho Bo\u017eej milosti. Ak &#8230; <a title=\"Valn\u00e9 zhroma\u017edenie \u017eien ELCA\" class=\"read-more\" href=\"https:\/\/www.e-anjelik.sk\/index.php\/2011\/07\/18\/valne-zhromazdenie-zien-elca\/\" aria-label=\"Pre\u010d\u00edtajte si viac o Valn\u00e9 zhroma\u017edenie \u017eien ELCA\">\u010c\u00edta\u0165 viac<\/a><\/p>\n","protected":false},"author":22,"featured_media":0,"comment_status":"open","ping_status":"open","sticky":false,"template":"","format":"standard","meta":{"footnotes":""},"categories":[1],"tags":[234],"class_list":["post-3688","post","type-post","status-publish","format-standard","hentry","category-adventna-modlitba","tag-zdruzenia-a-skupiny"],"_links":{"self":[{"href":"https:\/\/www.e-anjelik.sk\/index.php\/wp-json\/wp\/v2\/posts\/3688","targetHints":{"allow":["GET"]}}],"collection":[{"href":"https:\/\/www.e-anjelik.sk\/index.php\/wp-json\/wp\/v2\/posts"}],"about":[{"href":"https:\/\/www.e-anjelik.sk\/index.php\/wp-json\/wp\/v2\/types\/post"}],"author":[{"embeddable":true,"href":"https:\/\/www.e-anjelik.sk\/index.php\/wp-json\/wp\/v2\/users\/22"}],"replies":[{"embeddable":true,"href":"https:\/\/www.e-anjelik.sk\/index.php\/wp-json\/wp\/v2\/comments?post=3688"}],"version-history":[{"count":0,"href":"https:\/\/www.e-anjelik.sk\/index.php\/wp-json\/wp\/v2\/posts\/3688\/revisions"}],"wp:attachment":[{"href":"https:\/\/www.e-anjelik.sk\/index.php\/wp-json\/wp\/v2\/media?parent=3688"}],"wp:term":[{"taxonomy":"category","embeddable":true,"href":"https:\/\/www.e-anjelik.sk\/index.php\/wp-json\/wp\/v2\/categories?post=3688"},{"taxonomy":"post_tag","embeddable":true,"href":"https:\/\/www.e-anjelik.sk\/index.php\/wp-json\/wp\/v2\/tags?post=3688"}],"curies":[{"name":"wp","href":"https:\/\/api.w.org\/{rel}","templated":true}]}}